{"id":6589,"date":"2019-04-28T02:52:19","date_gmt":"2019-04-28T02:52:19","guid":{"rendered":"https:\/\/redsemlac.com\/semmexico\/?p=6589"},"modified":"2023-07-21T14:48:42","modified_gmt":"2023-07-21T19:48:42","slug":"el-valor-del-voto","status":"publish","type":"post","link":"https:\/\/redsemlac.com\/semmexico\/el-valor-del-voto\/","title":{"rendered":"El valor del voto"},"content":{"rendered":"\n<p class=\"wp-block-paragraph\">No vivimos en una democracia perfecta, pero caminamos hacia una democracia paritaria<\/p>\n\n\n\n<h5 class=\"wp-block-heading\"> He mirado a la gente votar mientras esperaba mi turno y he reflexionado sobre la importancia de vivir en una democracia.<\/h5>\n\n\n\n<p class=\"wp-block-paragraph\"><a href=\"https:\/\/semmexico.com\/gallery-post.php?id=7992#\">LA OPINI\u00d3N<\/a><\/p>\n\n\n\n<p class=\"wp-block-paragraph\"><strong>Teresa Moll\u00e1 Castells<\/strong><\/p>\n\n\n\n<p class=\"wp-block-paragraph\">SemM\u00e9xico. 28 de abril 2019.- Acabo de volver del colegio electoral donde he depositado mis votos. Antes de ir a votar he intentado ponerme a escribir como cada domingo alterno y, la verdad es que no consegu\u00ed centrarme en escribir nada. Me sent\u00eda nerviosa, como con algo importante pendiente. Y era la intranquilidad de no haber votado.<\/p>\n\n\n\n<p class=\"wp-block-paragraph\">He mirado a la gente votar mientras esperaba mi turno y he reflexionado sobre la importancia de vivir en una democracia. Hab\u00eda mujeres, criaturas jugando en el patio del colegio, personas mayores que llegaban con sus andadores, hombres y mujeres con sus credenciales de interventores y apoderados de distintos partidos pero conversando con total naturalidad. Y el voto de cada una de esas personas tiene exactamente el mismo valor. No existen diferencias m\u00e1s que en la opci\u00f3n pol\u00edtica que se elija. Nada m\u00e1s. El voto de una empresaria vale lo mismo que el de un pe\u00f3n de limpieza viaria.<\/p>\n\n\n\n<p class=\"wp-block-paragraph\">S\u00e9 que no vivimos en una democracia perfecta. Soy consciente de la corrupci\u00f3n, de los intereses partidistas, de las influencias de los mandatos de Europa, etc. Pero en d\u00edas como hoy hay que recordar a todas las personas que hicieron posible que hoy podamos votar en paz. Y que nuestro voto pueda llegar a ser decisivo.<\/p>\n\n\n\n<p class=\"wp-block-paragraph\">Despu\u00e9s de cuarenta a\u00f1os de democracia, vemos que todav\u00eda no estamos a salvo de gentes que defienden aquel r\u00e9gimen criminal y que pretenden imponer pol\u00edticas como las del dictador. Ejercer el derecho al voto nos ha de permitir relegar esas pol\u00edticas al pasado.<\/p>\n\n\n\n<p class=\"wp-block-paragraph\">Y en menos de dos meses hemos de votar de nuevo. Por eso es importante recordar que, m\u00e1s all\u00e1 del sentido de nuestro voto que tambi\u00e9n ha de ser importante, hay que ir a votar.<\/p>\n\n\n\n<p class=\"wp-block-paragraph\">Nos jugamos mucho en cada proceso electoral, pero el valor de la democracia tambi\u00e9n se debe medir por la participaci\u00f3n de la gente yendo a las urnas. Y la abstenci\u00f3n por desencanto o por cualquier otro motivo que no sea causa mayor, es responsabilidad de toda la sociedad, porque todas y todos con nuestras actitudes personales podemos influir en el conjunto de personas de nuestro alrededor motiv\u00e1ndolos para que voten. Que lo hagan en el sentido que crean m\u00e1s oportuno, pero que lo hagan.<\/p>\n\n\n\n<p class=\"wp-block-paragraph\">No voy a negar que los partidos tienen gran responsabilidad en parte del desencanto que sentimos parte de la ciudadan\u00eda. De eso no hay ninguna duda. El sectarismo con el que se muestran, su maquinaria interna, su forma de machacar a personas discrepantes, el dolor que pueden llegar a causar a mucha gente, las mentiras que cuentan en las campa\u00f1as, el desprecio a la diferencia, la total falta de \u00e9tica en el trato al adversario pol\u00edtico, incluso la falta de respeto a quienes opinan de diferente manera, son motivos que nos pueden llevar al hartazgo y a pensar que todos y todas son iguales. Y eso es, esencialmente, una falacia.<\/p>\n\n\n\n<p class=\"wp-block-paragraph\">El valor del voto radica en que podemos decidir entre por ejemplo fascismo y democracia, entre igualdad de oportunidades y de acceso a los recursos o privatizaci\u00f3n y desigualdad en funci\u00f3n incluso del peso de nuestro bolsillo. Que tengamos unos servicios p\u00fablicos fuertes y de calidad que sean redistribuidores de la riqueza o que seas atendido (o no) en funci\u00f3n de tu bolsillo.<\/p>\n\n\n\n<p class=\"wp-block-paragraph\">El valor del voto est\u00e1 en que nos iguala a toda la sociedad y nos permite recordarnos que cada voto es de una persona y nadie que no sea yo misma puede decidir por m\u00ed.<\/p>\n\n\n\n<p class=\"wp-block-paragraph\">Ahora ya m\u00e1s tranquila por haber votado me permito recordar a todas las mujeres que lucharon por el voto femenino. De las sufragistas de las que se burlaban, deten\u00edan, torturaban y alimentaban a la fuerza cuando se pon\u00edan en huelga de hambre, de Clara Campoamor y de su discurso. Gracias a todas ellas y a otras tantas an\u00f3nimas, hoy tenemos del DERECHO al voto. Pero tambi\u00e9n la obligaci\u00f3n, puesto que de lo contrario corremos el riesgo de que intenten silenciar nuestras voces como ya lo estuvieron casi cuarenta a\u00f1os.<\/p>\n\n\n\n<p class=\"wp-block-paragraph\">No, no vivimos en una democracia perfecta, pero caminamos hacia una democracia paritaria que, pese a todo, nos permite, en d\u00edas como hoy, dar nuestra confianza a aquellas personas y partidos que mejor nos pueden representar en las instituciones.<\/p>\n\n\n\n<p class=\"wp-block-paragraph\">Feliz jornada y noche electoral!!!<\/p>\n\n\n\n<p class=\"wp-block-paragraph\"><strong>tmolla@telefonica.net<\/strong><br><\/p>\n","protected":false},"excerpt":{"rendered":"<p>No vivimos en una democracia perfecta, pero caminamos hacia una democracia paritaria He mirado a la gente votar mientras esperaba mi turno y he reflexionado sobre la importancia de vivir en una democracia. LA OPINI\u00d3N Teresa Moll\u00e1 Castells SemM\u00e9xico. 28 de abril 2019.- Acabo de volver del colegio electoral donde he depositado mis votos. Antes [&hellip;]<\/p>\n","protected":false},"author":3,"featured_media":6590,"comment_status":"open","ping_status":"open","sticky":false,"template":"","format":"standard","meta":{"_monsterinsights_skip_tracking":false,"footnotes":""},"categories":[690,82],"tags":[],"class_list":["post-6589","post","type-post","status-publish","format-standard","has-post-thumbnail","category-690","category-la-opinion"],"_links":{"self":[{"href":"https:\/\/redsemlac.com\/semmexico\/wp-json\/wp\/v2\/posts\/6589","targetHints":{"allow":["GET"]}}],"collection":[{"href":"https:\/\/redsemlac.com\/semmexico\/wp-json\/wp\/v2\/posts"}],"about":[{"href":"https:\/\/redsemlac.com\/semmexico\/wp-json\/wp\/v2\/types\/post"}],"author":[{"embeddable":true,"href":"https:\/\/redsemlac.com\/semmexico\/wp-json\/wp\/v2\/users\/3"}],"replies":[{"embeddable":true,"href":"https:\/\/redsemlac.com\/semmexico\/wp-json\/wp\/v2\/comments?post=6589"}],"version-history":[{"count":0,"href":"https:\/\/redsemlac.com\/semmexico\/wp-json\/wp\/v2\/posts\/6589\/revisions"}],"wp:featuredmedia":[{"embeddable":true,"href":"https:\/\/redsemlac.com\/semmexico\/wp-json\/wp\/v2\/media\/6590"}],"wp:attachment":[{"href":"https:\/\/redsemlac.com\/semmexico\/wp-json\/wp\/v2\/media?parent=6589"}],"wp:term":[{"taxonomy":"category","embeddable":true,"href":"https:\/\/redsemlac.com\/semmexico\/wp-json\/wp\/v2\/categories?post=6589"},{"taxonomy":"post_tag","embeddable":true,"href":"https:\/\/redsemlac.com\/semmexico\/wp-json\/wp\/v2\/tags?post=6589"}],"curies":[{"name":"wp","href":"https:\/\/api.w.org\/{rel}","templated":true}]}}