{"id":6584,"date":"2019-04-30T02:48:02","date_gmt":"2019-04-30T02:48:02","guid":{"rendered":"https:\/\/redsemlac.com\/semmexico\/?p=6584"},"modified":"2023-07-21T14:48:41","modified_gmt":"2023-07-21T19:48:41","slug":"sicariato-orfandad-asesinato-y-el-dia-de-la-nina-y-del-nino","status":"publish","type":"post","link":"https:\/\/redsemlac.com\/semmexico\/sicariato-orfandad-asesinato-y-el-dia-de-la-nina-y-del-nino\/","title":{"rendered":"Sicariato, orfandad, asesinato y el D\u00eda de la Ni\u00f1a y del Ni\u00f1o"},"content":{"rendered":"\n<p class=\"wp-block-paragraph\">\u2022 El tema desgarrador, que v\u00edctimas de la violencia cruel que nos azota, sean las ni\u00f1as y los ni\u00f1os.<\/p>\n\n\n\n<h5 class=\"wp-block-heading\"> Ojal\u00e1 que en este d\u00eda las autoridades traigan entre manos un buen regalo para ellos, y no s\u00f3lo poses fotogr\u00e1ficas.<\/h5>\n\n\n\n<p class=\"wp-block-paragraph\"><a href=\"https:\/\/semmexico.com\/gallery-post.php?id=8029#\">LA OPINI\u00d3N<\/a><\/p>\n\n\n\n<p class=\"wp-block-paragraph\"><strong>Ver\u00f3nica Castrej\u00f3n Rom\u00e1n<\/strong><\/p>\n\n\n\n<p class=\"wp-block-paragraph\">SemM\u00e9xico. 30 de abril 2019.- Si hay un tema desgarrador, en cuanto a las v\u00edctimas de la violencia cruel que nos azota, es el de las ni\u00f1as y los ni\u00f1os.<\/p>\n\n\n\n<p class=\"wp-block-paragraph\">Recientemente, la Red por los Derechos de la Infancia en M\u00e9xico (Redim) dio a conocer cifras espeluznantes: en el primer trimestre de 2019 se contabilizaron 285 asesinatos de ni\u00f1as, ni\u00f1os y adolescentes; es decir, un promedio de 3.2 casos cada d\u00eda.<\/p>\n\n\n\n<p class=\"wp-block-paragraph\">En 2015, la Red por los Derechos de la Infancia en M\u00e9xico se\u00f1al\u00f3 que hasta 2014, en M\u00e9xico, el 30 por ciento de las 23 mil 271 personas consideradas como desaparecidas o no localizadas, son casos de ni\u00f1as, ni\u00f1os y adolescentes.<\/p>\n\n\n\n<p class=\"wp-block-paragraph\">Ya para 2017, de acuerdo con la misma Red, de 2006 a 2017 sumaron 11.000 los ni\u00f1os, ni\u00f1as y adolescentes asesinados y 6.800 las y los desaparecidos en el contexto de la lucha contra el crimen organizado en el pa\u00eds.<\/p>\n\n\n\n<p class=\"wp-block-paragraph\">Y, en 2018, los resultados de la Consulta Infantil y Juvenil 2018 del INE arrojaron que \u201centre 2015 y 2018, uno de cada diez feminicidios afectaron a ni\u00f1as y adolescentes. En 2018 ocurrieron en promedio siete asesinatos al mes contra ni\u00f1as y adolescentes por razones de g\u00e9nero\u201d.<\/p>\n\n\n\n<p class=\"wp-block-paragraph\">A \u00faltimas fechas, la Redim aclara m\u00e1s a\u00fan el negro panorama: En el primer trimestre de 2018, en el anterior sexenio, se registraron 294 v\u00edctimas infantiles a causa de la violencia armada que llevan a cabo los grupos criminales, en tanto que, en ese mismo lapso, pero de 2019, en la administraci\u00f3n actual, se contabilizaron 285 asesinatos, es decir, 3.2 casos cada d\u00eda.<\/p>\n\n\n\n<p class=\"wp-block-paragraph\">El estudio revisa tambi\u00e9n la tendencia en los \u00faltimos cuatro a\u00f1os. As\u00ed, de 2015 a los primeros tres meses de 2019 se registraron 4 mil 299 v\u00edctimas de homicidio doloso de menores de 18 a\u00f1os. La entidad que acumula mayor n\u00famero de v\u00edctimas entre 2015 y lo que va de 2019 es Chihuahua con 507 casos, le sigue Estado de M\u00e9xico, Guerrero y finalmente Guanajuato.<\/p>\n\n\n\n<p class=\"wp-block-paragraph\">\u201cEs una tendencia que no ha cambiado, hemos tenido peque\u00f1os periodos en donde ha ido bajando, pero en general vuelve a tener repuntes. Hablando espec\u00edficamente de diciembre (2019) donde cambia la administraci\u00f3n a la fecha tenemos una tendencia que se mantiene por ahora\u201d, explic\u00f3 Juan Mart\u00edn P\u00e9rez Garc\u00eda, director general de la Red por los Derechos de la Infancia en M\u00e9xico.<\/p>\n\n\n\n<p class=\"wp-block-paragraph\">Por si eso fuera poco, denunci\u00f3 que de cada 100 carpetas de investigaci\u00f3n donde menores son v\u00edctimas, solo hay una sentencia condenatoria.<\/p>\n\n\n\n<p class=\"wp-block-paragraph\">Pero hay tambi\u00e9n otro sector, el de los hu\u00e9rfanos por la violencia que en nuestro pa\u00eds, tambi\u00e9n suma miles.<\/p>\n\n\n\n<p class=\"wp-block-paragraph\">S\u00f3lo en Tamaulipas, el a\u00f1o pasado, el gobierno local concibi\u00f3 un programa, \u201cNuestros ni\u00f1os, nuestro futuro\u201d que atendi\u00f3 a m\u00e1s de 6 mil ni\u00f1as y ni\u00f1os en esa condici\u00f3n.<\/p>\n\n\n\n<p class=\"wp-block-paragraph\">Estas cifras de verg\u00fcenza, son con las que el estado mexicano celebrar\u00e1 a las y los infantes este 30 de abril, \u201cD\u00eda de la ni\u00f1a y el ni\u00f1o\u201d, en momentos en que la nueva administraci\u00f3n federal echa a andar su estrategia contra la violencia y que incluye, no s\u00f3lo a la Guardia Nacional para atender la seguridad ciudadana, sino tambi\u00e9n el combate a las causas estructurales de ese cruel fen\u00f3meno social, como la pobreza.<\/p>\n\n\n\n<p class=\"wp-block-paragraph\">En medio de un accionar de balas, asesinatos, desapariciones, de cobros de piso, extorsiones, y secuestros, la administraci\u00f3n municipal pasada, implement\u00f3 en Acapulco algunos programas con el supuesto prop\u00f3sito de privilegiar la prevenci\u00f3n en materia de seguridad, tales programas incluyeron el rescate de espacios p\u00fablicos en colonias depauperadas tanto visual, como econ\u00f3micamente, o intervenciones culturales en esas zonas deprimidas y asoladas por las multiplicadas bandas delictivas.<\/p>\n\n\n\n<p class=\"wp-block-paragraph\">\u00bfCu\u00e1l fue el resultado? A saber, la violencia, al t\u00e9rmino del trienio de Evodio Vel\u00e1zquez Aguirre no cedi\u00f3 un \u00e1pice, aunque hace falta un estudio evaluador de la estrategia en esas unidades habitacionales en las que se llev\u00f3 a cabo, \u00bfrealmente sirvi\u00f3 de algo pintar las fachadas y paredes y remozar algunos de sus espacios verdes?<\/p>\n\n\n\n<p class=\"wp-block-paragraph\">A la fecha, se desconoce la estrategia integral de seguridad, de la actual administraci\u00f3n que preside la alcaldesa Adela Rom\u00e1n Ocampo, salvo lo de la intervenci\u00f3n de la Guardia Nacional para salvaguardar la seguridad ciudadana, que, reconozco, ha rendido frutos pues ha disminuido sensiblemente el n\u00famero de asesinatos en Acapulco.<\/p>\n\n\n\n<p class=\"wp-block-paragraph\">Pero es urgente saber qu\u00e9 est\u00e1 haciendo el DIF municipal con la situaci\u00f3n de violencia en que viven las ni\u00f1as y los ni\u00f1os de este puerto. No se sabe si esta dependencia, adem\u00e1s de la entrega de juguetes, realiza otras acciones para prevenir el delito en contra de las ni\u00f1as y los ni\u00f1os de este municipio.<\/p>\n\n\n\n<p class=\"wp-block-paragraph\">La violencia f\u00edsica conlleva tambi\u00e9n la violencia psicol\u00f3gica. El miedo como factor cotidiano de convivencia atrofia el desarrollo mental sano, y los ni\u00f1os de Acapulco, de Guerrero y de M\u00e9xico entero merecen un programa acorde con sus necesidades. Es la infancia donde se forjan los ciudadanos del futuro.<\/p>\n\n\n\n<p class=\"wp-block-paragraph\">A la atenci\u00f3n de los da\u00f1os generados por la violencia f\u00edsica en contra de las ni\u00f1as y los ni\u00f1os, debe sumarse su atenci\u00f3n psicol\u00f3gica. Los ni\u00f1os que en esa tarde fat\u00eddica de la balacera en la Garita, en enero de 2006 contaban con seis a\u00f1os y estudiaban primero de primaria, hoy son j\u00f3venes de 19 a\u00f1os que vivieron su infancia con caracter\u00edsticas dictadas por la violencia: sus juegos, sus conversaciones, sus lecturas, sus pel\u00edculas, las pl\u00e1ticas familiares, todo gir\u00f3 a los largo de su desarrollo infantil y adolescencia en torno a la violencia.<\/p>\n\n\n\n<p class=\"wp-block-paragraph\">Su lenguaje sum\u00f3 nuevos vocablos: sicario, embolsado, secuestro, levant\u00f3n, fosas clandestinas, desaparecido. Y los que vivieron en carne propia los significados de esas palabras, no s\u00f3lo albergaron en sus mentes y corazones, miedo, sino tambi\u00e9n ira.<\/p>\n\n\n\n<p class=\"wp-block-paragraph\">En 2010 la Comisi\u00f3n de Seguridad de la C\u00e1mara de Diputados calcul\u00f3 la existencia de 25 mil ni\u00f1os reclutados por el hampa en M\u00e9xico. Y fue ese mismo a\u00f1o cuando un muchachito de 14 a\u00f1os, \u201cEl Ponchis\u201d, confes\u00f3 pertenecer a un c\u00e1rtel desde los once a\u00f1os de edad y tener en su haber cuatro asesinatos, como ejemplo del futuro que nos alcanza.<\/p>\n\n\n\n<p class=\"wp-block-paragraph\">Ojal\u00e1 que en este d\u00eda en que se festeja a las ni\u00f1as y a los ni\u00f1os, las autoridades traigan entre manos un buen regalo para ellos, y no s\u00f3lo poses fotogr\u00e1ficas sosteniendo un ni\u00f1ito con un juguete en brazos.<br><\/p>\n","protected":false},"excerpt":{"rendered":"<p>\u2022 El tema desgarrador, que v\u00edctimas de la violencia cruel que nos azota, sean las ni\u00f1as y los ni\u00f1os. Ojal\u00e1 que en este d\u00eda las autoridades traigan entre manos un buen regalo para ellos, y no s\u00f3lo poses fotogr\u00e1ficas. LA OPINI\u00d3N Ver\u00f3nica Castrej\u00f3n Rom\u00e1n SemM\u00e9xico. 30 de abril 2019.- Si hay un tema desgarrador, en [&hellip;]<\/p>\n","protected":false},"author":3,"featured_media":6585,"comment_status":"open","ping_status":"open","sticky":false,"template":"","format":"standard","meta":{"_monsterinsights_skip_tracking":false,"footnotes":""},"categories":[690,82,110,35],"tags":[],"class_list":["post-6584","post","type-post","status-publish","format-standard","has-post-thumbnail","category-690","category-la-opinion","category-la-opinion-columnas","category-opinion"],"_links":{"self":[{"href":"https:\/\/redsemlac.com\/semmexico\/wp-json\/wp\/v2\/posts\/6584","targetHints":{"allow":["GET"]}}],"collection":[{"href":"https:\/\/redsemlac.com\/semmexico\/wp-json\/wp\/v2\/posts"}],"about":[{"href":"https:\/\/redsemlac.com\/semmexico\/wp-json\/wp\/v2\/types\/post"}],"author":[{"embeddable":true,"href":"https:\/\/redsemlac.com\/semmexico\/wp-json\/wp\/v2\/users\/3"}],"replies":[{"embeddable":true,"href":"https:\/\/redsemlac.com\/semmexico\/wp-json\/wp\/v2\/comments?post=6584"}],"version-history":[{"count":0,"href":"https:\/\/redsemlac.com\/semmexico\/wp-json\/wp\/v2\/posts\/6584\/revisions"}],"wp:featuredmedia":[{"embeddable":true,"href":"https:\/\/redsemlac.com\/semmexico\/wp-json\/wp\/v2\/media\/6585"}],"wp:attachment":[{"href":"https:\/\/redsemlac.com\/semmexico\/wp-json\/wp\/v2\/media?parent=6584"}],"wp:term":[{"taxonomy":"category","embeddable":true,"href":"https:\/\/redsemlac.com\/semmexico\/wp-json\/wp\/v2\/categories?post=6584"},{"taxonomy":"post_tag","embeddable":true,"href":"https:\/\/redsemlac.com\/semmexico\/wp-json\/wp\/v2\/tags?post=6584"}],"curies":[{"name":"wp","href":"https:\/\/api.w.org\/{rel}","templated":true}]}}