{"id":6577,"date":"2018-07-09T17:41:58","date_gmt":"2018-07-09T17:41:58","guid":{"rendered":"https:\/\/redsemlac.com\/semmexico\/?p=6577"},"modified":"2023-07-21T14:32:19","modified_gmt":"2023-07-21T19:32:19","slug":"separacion-del-poder-economico-del-politico","status":"publish","type":"post","link":"https:\/\/redsemlac.com\/semmexico\/separacion-del-poder-economico-del-politico\/","title":{"rendered":"Separaci\u00f3n del poder econ\u00f3mico del pol\u00edtico"},"content":{"rendered":"\n<p class=\"wp-block-paragraph\">Carlos Slim y Alberto Bailleres, no se prestaron al besamanos.<\/p>\n\n\n\n<h5 class=\"wp-block-heading\"> Por supuesto que se vale el apoyo al nuevo r\u00e9gimen, pero no incondicionalmente.<\/h5>\n\n\n\n<p class=\"wp-block-paragraph\"><a href=\"https:\/\/semmexico.com\/gallery-post.php?id=5259#\">Natalia Vidales<\/a><\/p>\n\n\n\n<p class=\"wp-block-paragraph\">SemM\u00e9xico. Sonora. 9 de julio de 2018.-&nbsp;Conforme a la Constituci\u00f3n,&nbsp;los poderes p\u00fablicos est\u00e1n perfectamente separados en tres \u00f3rdenes de gobierno: el Ejecutivo, el Legislativo y el Judicial, de acuerdo con&nbsp;&nbsp;la&nbsp;&nbsp;teor\u00eda filos\u00f3fica y&nbsp;&nbsp;pol\u00edtica de Montesquieu en&nbsp;<em>El Esp\u00edritu de las Leyes<\/em>, y como un requisito previo de la Democracia,&nbsp;&nbsp;en contravenci\u00f3n con Maquiavelo y su&nbsp;<em>Tratado del Pr\u00edncipe<\/em>en pro de un mandatario fuerte en que se concentre el mando.&nbsp;<\/p>\n\n\n\n<p class=\"wp-block-paragraph\">Pero en la pr\u00e1ctica,&nbsp;&nbsp;aun en los reg\u00edmenes democr\u00e1ticos en que formalmente&nbsp;&nbsp;est\u00e1 dividido el poder, como en&nbsp;&nbsp;el nuestro,&nbsp;&nbsp;la intromisi\u00f3n del poder ejecutivo&nbsp;&nbsp;en&nbsp;&nbsp;los otros dos&nbsp;&nbsp;&#8211;para tenerlos bajo su control y \u00f3rdenes &#8212; fue la regla durante gran parte del siglo pasado en el r\u00e9gimen hegem\u00f3nico del PRI,&nbsp;&nbsp;y aun una tentaci\u00f3n&nbsp;&nbsp;en la alternancia electoral&nbsp;&nbsp;luego del a\u00f1o 2000 en que continu\u00f3 el af\u00e1n presidencialista.&nbsp;<\/p>\n\n\n\n<p class=\"wp-block-paragraph\">Pero el Poder Econ\u00f3mico no forma parte de nuestro r\u00e9gimen de gobierno, sino de la iniciativa privada, un derecho tambi\u00e9n consagrado en la Constituci\u00f3n, pero de un orden distinto. Ah\u00ed la divisi\u00f3n no se discute por obvia. Pero al igual que ocurre entre los poderes oficiales tambi\u00e9n el Poder Econ\u00f3mico se ha confundido con el Poder P\u00fablico (y viceversa si recordamos que \u201cun pol\u00edtico pobre es un pobre pol\u00edtico\u201d),&nbsp;&nbsp;influyendo en la toma de decisiones no solo en la Presidencia de la Rep\u00fablica, sino en el Poder Legislativo (mediante el cabildeo de los intereses particulares&nbsp;en la elaboraci\u00f3n de las leyes), y en el Poder Judicial (para la obtenci\u00f3n de sentencias favorables).&nbsp;<\/p>\n\n\n\n<p class=\"wp-block-paragraph\">Uno de los \u00faltimos espotes de AMLO en su campa\u00f1a, se refiere a que as\u00ed como Ju\u00e1rez separ\u00f3 el Poder Pol\u00edtico del Poder Eclesi\u00e1stico, con las&nbsp;<em>Leyes de Reforma<\/em>(en&nbsp;&nbsp;la segunda transformaci\u00f3n radical de M\u00e9xico, luego de la primera que fue la Independencia), as\u00ed \u00e9l separar\u00eda el Poder P\u00fablico del Poder Econ\u00f3mico ahora (en la cuarta trasformaci\u00f3n de la Rep\u00fablica,&nbsp;&nbsp;luego de la tercera que fue la Revoluci\u00f3n).&nbsp;<\/p>\n\n\n\n<p class=\"wp-block-paragraph\">Esa declaraci\u00f3n de AMLO alert\u00f3 a buena parte de nuestra c\u00fapula empresarial al grado de que, de&nbsp;<em>motu propio<\/em>,&nbsp;&nbsp;y muy en contra de su posicionamiento previo, public\u00f3 la semana pasada una serie de desplegados en los medios apoy\u00e1ndolo incondicionalmente ahora que ser\u00e1 el nuevo Presidente (entre los firmantes aparece incluso el autor de aquella frase de que L\u00f3pez Obrador era \u201cun peligro para M\u00e9xico\u201d, y para el cual ahora es una bendici\u00f3n).&nbsp;&nbsp;<\/p>\n\n\n\n<p class=\"wp-block-paragraph\">Se han querido comparar esos desplegados con aquellos durante el priato del siglo pasado en que la hora del d\u00eda era la que el Presidente dec\u00eda, pero eso es falso: aquellas publicaciones zalameras eran redactadas y mandadas publicar por el propio gobierno con las siglas y los nombres de los l\u00edderes empresariales de entonces, y pobre de aquel que se\u00f1alara de ap\u00f3crifa&nbsp;su firma. Pero hoy&nbsp;&nbsp;s\u00ed son ellos quienes las rubrican. Y para que no haya duda divulgaron tambi\u00e9n un espot donde aparecen, de viva presencia y&nbsp;&nbsp;voz, apoyando a AMLO en una contradicci\u00f3n con lo dicho hace apenas unos d\u00edas. Y es que, ciertamente, la separaci\u00f3n del Poder Econ\u00f3mico con el Pol\u00edtico les significar\u00eda la ruina a muchos de ellos.<\/p>\n\n\n\n<p class=\"wp-block-paragraph\">Por supuesto que se vale el apoyo al nuevo r\u00e9gimen, pero no incondicionalmente. Lo menos que se esperaba era pedir que cesara el ataque por parte de los voceros de AMLO que contin\u00faan contra sus \u201cenemigos\u201d,&nbsp;&nbsp;pese al final de la campa\u00f1a y aun en contravenci\u00f3n a la actitud conciliadora de su jefe.<\/p>\n\n\n\n<p class=\"wp-block-paragraph\">Afortunadamente los dos m\u00e1s grandes empresarios de M\u00e9xico, Carlos Slim y Alberto Bailleres, no se prestaron al besamanos. No se postraron, as\u00ed nom\u00e1s, ante L\u00f3pez Obrador, quien ahora ver\u00e1 c\u00f3mo se los quita de encima.&nbsp;&nbsp;<\/p>\n","protected":false},"excerpt":{"rendered":"<p>Carlos Slim y Alberto Bailleres, no se prestaron al besamanos. Por supuesto que se vale el apoyo al nuevo r\u00e9gimen, pero no incondicionalmente. Natalia Vidales SemM\u00e9xico. Sonora. 9 de julio de 2018.-&nbsp;Conforme a la Constituci\u00f3n,&nbsp;los poderes p\u00fablicos est\u00e1n perfectamente separados en tres \u00f3rdenes de gobierno: el Ejecutivo, el Legislativo y el Judicial, de acuerdo con&nbsp;&nbsp;la&nbsp;&nbsp;teor\u00eda [&hellip;]<\/p>\n","protected":false},"author":3,"featured_media":6318,"comment_status":"open","ping_status":"open","sticky":false,"template":"","format":"standard","meta":{"_monsterinsights_skip_tracking":false,"footnotes":""},"categories":[689,72],"tags":[],"class_list":["post-6577","post","type-post","status-publish","format-standard","has-post-thumbnail","category-689","category-natalia-vidales"],"_links":{"self":[{"href":"https:\/\/redsemlac.com\/semmexico\/wp-json\/wp\/v2\/posts\/6577","targetHints":{"allow":["GET"]}}],"collection":[{"href":"https:\/\/redsemlac.com\/semmexico\/wp-json\/wp\/v2\/posts"}],"about":[{"href":"https:\/\/redsemlac.com\/semmexico\/wp-json\/wp\/v2\/types\/post"}],"author":[{"embeddable":true,"href":"https:\/\/redsemlac.com\/semmexico\/wp-json\/wp\/v2\/users\/3"}],"replies":[{"embeddable":true,"href":"https:\/\/redsemlac.com\/semmexico\/wp-json\/wp\/v2\/comments?post=6577"}],"version-history":[{"count":0,"href":"https:\/\/redsemlac.com\/semmexico\/wp-json\/wp\/v2\/posts\/6577\/revisions"}],"wp:featuredmedia":[{"embeddable":true,"href":"https:\/\/redsemlac.com\/semmexico\/wp-json\/wp\/v2\/media\/6318"}],"wp:attachment":[{"href":"https:\/\/redsemlac.com\/semmexico\/wp-json\/wp\/v2\/media?parent=6577"}],"wp:term":[{"taxonomy":"category","embeddable":true,"href":"https:\/\/redsemlac.com\/semmexico\/wp-json\/wp\/v2\/categories?post=6577"},{"taxonomy":"post_tag","embeddable":true,"href":"https:\/\/redsemlac.com\/semmexico\/wp-json\/wp\/v2\/tags?post=6577"}],"curies":[{"name":"wp","href":"https:\/\/api.w.org\/{rel}","templated":true}]}}