{"id":65768,"date":"2023-04-19T12:57:17","date_gmt":"2023-04-19T17:57:17","guid":{"rendered":"https:\/\/redsemlac.com\/semmexico\/?p=65768"},"modified":"2023-04-19T12:57:18","modified_gmt":"2023-04-19T17:57:18","slug":"historia-de-hospitales-cerca-del-curandero-y-lejos-del-cirujano-la-historia-de-cristian","status":"publish","type":"post","link":"https:\/\/redsemlac.com\/semmexico\/historia-de-hospitales-cerca-del-curandero-y-lejos-del-cirujano-la-historia-de-cristian\/","title":{"rendered":"Historia de Hospitales | Cerca del curandero y lejos del cirujano: la historia de Cristian"},"content":{"rendered":"\n<p class=\"has-medium-font-size wp-block-paragraph\"><strong>Tercera entrega<\/strong><\/p>\n\n\n\n<ul class=\"wp-block-list\">\n<li><strong>Antes de llegar al Hospital General en la Ciudad de M\u00e9xico, Juana y su esposo llevaron a su hijo con brujos, hechiceros, hierberos y a consultorios de farmacia.<\/strong><\/li>\n<\/ul>\n\n\n\n<p class=\"wp-block-paragraph\"><strong>Nurit Mart\u00ednez<\/strong><\/p>\n\n\n\n<p class=\"wp-block-paragraph\">SemM\u00e9xico\/El Sol de M\u00e9xico, Ciudad de M\u00e9xico, 19 de abril del 2023.- Antes de llegar al Hospital General en la Ciudad de M\u00e9xico,&nbsp;<strong>Juana y su esposo llevaron a su hijo con brujos, hechiceros, hierberos y a consultorios de farmacia<\/strong>, all\u00e1 en la sierra de&nbsp;<strong>Zongolica, Veracruz<\/strong>, porque el joven de 16 a\u00f1os ten\u00eda fuertes&nbsp;<strong>dolores de cabeza y v\u00f3mitos<\/strong>.<\/p>\n\n\n\n<p class=\"has-medium-font-size wp-block-paragraph\"><strong>Te puede interesar:\u00a0<\/strong><\/p>\n\n\n\n<figure class=\"wp-block-embed alignleft is-type-wp-embed is-provider-semmexico wp-block-embed-semmexico\"><div class=\"wp-block-embed__wrapper\">\n<blockquote class=\"wp-embedded-content\" data-secret=\"uCGksuP3Sz\"><a href=\"https:\/\/redsemlac.com\/semmexico\/historia-de-hospitales-los-otros-datos-gloria-esta-en-riesgo-de-perder-la-vista\/\">Historia de Hospitales, los otros datos| Gloria est\u00e1 en riesgo de perder la vista<\/a><\/blockquote><iframe loading=\"lazy\" class=\"wp-embedded-content\" sandbox=\"allow-scripts\" security=\"restricted\" style=\"position: absolute; visibility: hidden;\" title=\"\u00abHistoria de Hospitales, los otros datos| Gloria est\u00e1 en riesgo de perder la vista\u00bb \u2014 SemM\u00e9xico\" src=\"https:\/\/redsemlac.com\/semmexico\/historia-de-hospitales-los-otros-datos-gloria-esta-en-riesgo-de-perder-la-vista\/embed\/#?secret=ZYMMa59Zln#?secret=uCGksuP3Sz\" data-secret=\"uCGksuP3Sz\" width=\"600\" height=\"338\" frameborder=\"0\" marginwidth=\"0\" marginheight=\"0\" scrolling=\"no\"><\/iframe>\n<\/div><\/figure>\n\n\n\n<p class=\"wp-block-paragraph\">Ellos son parte de los&nbsp;<strong>35.7 millones de mexicanas y mexicanos que no tienen seguridad social<\/strong>, seg\u00fan datos del INEGI; pagan su propia atenci\u00f3n de enfermedades y&nbsp;<strong>tuvieron que recurrir lo mismo a p\u00f3cimas, limpias y una cirug\u00eda espiritual<\/strong>, de ocho mil pesos, antes que a la&nbsp;<strong>medicina y estudios cl\u00ednicos<\/strong>, como la tomograf\u00eda que revel\u00f3 un&nbsp;<strong>tumor en el cerebro de Cristian<\/strong>.<\/p>\n\n\n\n<p class=\"wp-block-paragraph\">A pesar de que en Soledad Atzompa -uno de los municipios ind\u00edgenas m\u00e1s pobres del pa\u00eds- existe un centro de salud dependiente del gobierno federal,\u00a0<strong>Juana y su familia no est\u00e1n inscritos en un programa de acceso al servicio m\u00e9dico<\/strong>. Les ocurri\u00f3 lo mismo que a quienes contaban con\u00a0<strong>Seguro Popular<\/strong>\u00a0para atender sus padecimientos. Este\u00a0<strong>trataba a las y los m\u00e1s pobres y desapareci\u00f3 en 2019<\/strong>.<\/p>\n\n\n\n<p class=\"wp-block-paragraph\">Esa situaci\u00f3n y el impacto de la pandemia por Covid-19 han provocado un&nbsp;<strong>\u201cboom\u201d de consultorios adyacentes a farmacias y de m\u00e9dicos particulares<\/strong>, para compensar la&nbsp;<strong>falta de servicios p\u00fablicos<\/strong>.<\/p>\n\n\n\n<p class=\"wp-block-paragraph\"><strong>Se estima que hay m\u00e1s de 17 mil consultorios anexos a farmacias en el pa\u00eds<\/strong>. La Asociaci\u00f3n Nacional de Distribuidores de Medicinas consider\u00f3 que&nbsp;<strong>a esos lugares no s\u00f3lo van quienes carecen de un sistema de seguridad social<\/strong>, como ocurre con la familia de Juana, sino que&nbsp;<strong>siete de cada 10 pacientes con afiliaci\u00f3n al IMSS o el ISSSTE optan por estos lugares&nbsp;<\/strong>porque est\u00e1n cerca de su domicilio, tienen menor tiempo de espera para que un m\u00e9dico los atienda y el costo es gratuito o por un m\u00ednimo de 25 o 50 pesos.<\/p>\n\n\n<div class=\"wp-block-image\">\n<figure class=\"aligncenter size-full is-resized\"><a href=\"https:\/\/redsemlac.com\/semmexico\/wp-content\/uploads\/2023\/04\/Imagen3.png\"><img loading=\"lazy\" decoding=\"async\" src=\"https:\/\/redsemlac.com\/semmexico\/wp-content\/uploads\/2023\/04\/Imagen3.png\" alt=\"\" class=\"wp-image-65771\" width=\"793\" height=\"793\"\/><\/a><\/figure>\n<\/div>\n\n\n<p class=\"wp-block-paragraph\">De todos esos establecimientos,\u00a0<strong>los que respalda la Fundaci\u00f3n Best reportaron un crecimiento de 17 por ciento en el gobierno de la\u00a0<em>Cuatrot\u00e9<\/em><\/strong>  (2019-2022), con la apertura de mil nuevos lugares, lo que\u00a0<strong>les permiti\u00f3 llegar a peque\u00f1as comunidades<\/strong>. Son casi ocho mil consultorios atendidos por\u00a0<strong>14 mil m\u00e9dicos y pasantes<\/strong>.<\/p>\n\n\n\n<p class=\"wp-block-paragraph\">Tan solo&nbsp;<strong>el a\u00f1o pasado se brindaron 136.8 millones de consultas<\/strong>, con un aumento de 23.3 por ciento en lo que va de la cancelaci\u00f3n del Seguro Popular, servicio que llegaba a comunidades como la de Juana. Ello&nbsp;<strong>a pesar de que en los \u00faltimos dos a\u00f1os se impuls\u00f3 el IMSS-Bienestar<\/strong>.<\/p>\n\n\n\n<p class=\"wp-block-paragraph\">Juana est\u00e1 sentada en una silla, al interior de la carpa que la alcald\u00eda Cuauht\u00e9moc mantiene afuera del Hospital General, en la Ciudad de M\u00e9xico, para&nbsp;<strong>dar albergue a las familias de quienes son hospitalizados en ese lugar, son pobres y provienen de diversos puntos del pa\u00eds<\/strong>, porque en sus comunidades no tienen&nbsp;<strong>servicios de salud de alta especialidad<\/strong>.<\/p>\n\n\n\n<p class=\"wp-block-paragraph\">Cuando en 2021 Cristian empez\u00f3 con malestares y sus pap\u00e1s recurrieron a esos lugares, el&nbsp;<strong>IMSS<\/strong>&nbsp;estima que brind\u00f3 poco m\u00e1s de&nbsp;<strong>12 millones de consultas al mes<\/strong>, mientras en los espacios anexos a las farmacias, tan s\u00f3lo de esa fundaci\u00f3n, se otorgaron&nbsp;<strong>11.2 millones de consultas<\/strong>.<\/p>\n\n\n\n<p class=\"wp-block-paragraph\">El registro nacional de hospitales particulares report\u00f3 en ese mismo a\u00f1o&nbsp;<strong>dos mil 886 establecimientos<\/strong>&nbsp;en los que se brindaron&nbsp;<strong>12.9 millones de consultas<\/strong>, poco menos de la mitad fueron revisiones de m\u00e9dicos especialistas.<\/p>\n\n\n\n<h2 class=\"wp-block-heading\">Ni curanderos ni consultorios de farmacia mejoraban a Cristian<\/h2>\n\n\n\n<p class=\"wp-block-paragraph\">Lo primero que Juana hace es&nbsp;<strong>disculparse por \u201cno hablar bien\u201d espa\u00f1ol<\/strong>, su lengua es el n\u00e1huatl y dice que cuando a Cristian se le intensificaron los dolores \u201cpues&nbsp;<strong>all\u00e1 lo anduvimos, porque no sab\u00edamos de ac\u00e1 (el Hospital General)<\/strong>. Pues dice mi esposo no tenemos dinero y pues ahora \u00bfqu\u00e9 vamos a hacer?\u201d.<\/p>\n\n\n\n<p class=\"wp-block-paragraph\">Primero\u00a0<strong>lo llevaron al centro m\u00e9dico de la localidad<\/strong>, pero para llegar all\u00e1 tuvieron que caminar en cada ocasi\u00f3n m\u00e1s de una hora.\u00a0<strong>Lo recetaba, se le quitaba por un tiempo el dolor de cabeza y luego Cristian segu\u00eda mal<\/strong>.<\/p>\n\n\n\n<p class=\"has-medium-font-size wp-block-paragraph\"><strong>Te puede interesar: <\/strong><\/p>\n\n\n\n<figure class=\"wp-block-embed alignleft is-type-wp-embed is-provider-semmexico wp-block-embed-semmexico\"><div class=\"wp-block-embed__wrapper\">\n<blockquote class=\"wp-embedded-content\" data-secret=\"CXBjmi3TSm\"><a href=\"https:\/\/redsemlac.com\/semmexico\/historias-de-hospitales-errores-administrativos-dejan-a-ingrid-sin-tratamiento-para-el-lupus\/\">Historias de Hospitales| Errores administrativos dejan a Ingrid sin tratamiento para el Lupus<\/a><\/blockquote><iframe loading=\"lazy\" class=\"wp-embedded-content\" sandbox=\"allow-scripts\" security=\"restricted\" style=\"position: absolute; visibility: hidden;\" title=\"\u00abHistorias de Hospitales| Errores administrativos dejan a Ingrid sin tratamiento para el Lupus\u00bb \u2014 SemM\u00e9xico\" src=\"https:\/\/redsemlac.com\/semmexico\/historias-de-hospitales-errores-administrativos-dejan-a-ingrid-sin-tratamiento-para-el-lupus\/embed\/#?secret=0ReQS98Sq8#?secret=CXBjmi3TSm\" data-secret=\"CXBjmi3TSm\" width=\"600\" height=\"338\" frameborder=\"0\" marginwidth=\"0\" marginheight=\"0\" scrolling=\"no\"><\/iframe>\n<\/div><\/figure>\n\n\n\n<p class=\"wp-block-paragraph\">Empezaron a acudir a las&nbsp;<strong>cl\u00ednicas de farmacias<\/strong>. As\u00ed transcurr\u00edan los meses hasta que entre&nbsp;<strong>la familia y los vecinos les recomendaron, primero, llevarlo con un curandero<\/strong>.<\/p>\n\n\n\n<p class=\"wp-block-paragraph\">\u201cUna vez pues igual lo llevamos a Tehuac\u00e1n, dicen que es,&nbsp;<strong>nos da medicinas naturales<\/strong>. En veces le daba el dolor, pero no,&nbsp;<strong>no se mejor\u00f3<\/strong>\u201d.<\/p>\n\n\n\n<p class=\"wp-block-paragraph\">En aquella ocasi\u00f3n\u00a0<strong>ese curandero le hizo una limpia con hierbas, inciensos y con un huevo<\/strong>. Le peg\u00f3 en la cabeza, justo donde a Cristian le dol\u00eda: la parte de atr\u00e1s del lado derecho.<\/p>\n\n\n\n<h2 class=\"wp-block-heading\"><strong>Le pega en la cabeza y si les duele se curan con eso, pero pues no, no se le quit\u00f3 con nada<\/strong><\/h2>\n\n\n\n<p class=\"wp-block-paragraph\">\u00c9l segu\u00eda igual y por eso&nbsp;<strong>lo llevaron con un se\u00f1or que \u201cle dio unas hierbitas, pero tampoco lo cur\u00f3\u201d<\/strong>.<\/p>\n\n\n\n<p class=\"wp-block-paragraph\">Juana relata mientras junta sus manos y ocasionalmente las suelta para jalar y rega\u00f1ar en su lengua a Fer, la menor de sus cuatro hijos, de tan s\u00f3lo tres a\u00f1os, \u201cno sab\u00edamos a d\u00f3nde ir\u201d.<\/p>\n\n\n\n<p class=\"wp-block-paragraph\"><strong>Un m\u00e9dico particular les recomend\u00f3 acudir al municipio vecino de Camerino Mendoza a \u201chacerle estudios en la cabeza<\/strong>&nbsp;(\u2026), pero como le digo, no tenemos dinero y mi esposo lo pregunt\u00f3 c\u00f3mo ves y yo le dije, pues intentemos\u201d.<\/p>\n\n\n\n<p class=\"wp-block-paragraph\">Ella, con apenas el sexto de primaria, asegura que&nbsp;<strong>tambi\u00e9n esa pobreza en la que viven les hace no saber qu\u00e9 hacer<\/strong>. \u201cMijo est\u00e1 mal de la cabeza, pero si fuera del est\u00f3mago y si fuera otra parte, pues igual nosotros nos asustar\u00edamos, igual si fuera otra parte, pero&nbsp;<strong>est\u00e1 mal de la cabecita y no tenemos dinero<\/strong>\u201d.<\/p>\n\n\n\n<figure class=\"wp-block-embed is-type-video is-provider-youtube wp-block-embed-youtube wp-embed-aspect-16-9 wp-has-aspect-ratio\"><div class=\"wp-block-embed__wrapper\">\n<div class=\"youtube-embed\" data-video_id=\"m85rh-7xjxo\"><iframe loading=\"lazy\" title=\"Historia de Hospitales | Juana, su hijo pas\u00f3 por brujos y curanderos antes de ser internado\" width=\"696\" height=\"392\" src=\"https:\/\/www.youtube.com\/embed\/m85rh-7xjxo?feature=oembed&#038;enablejsapi=1\" frameborder=\"0\" allow=\"accelerometer; autoplay; clipboard-write; encrypted-media; gyroscope; picture-in-picture; web-share\" referrerpolicy=\"strict-origin-when-cross-origin\" allowfullscreen><\/iframe><\/div>\n<\/div><\/figure>\n\n\n\n<p class=\"wp-block-paragraph\">Ese d\u00eda, \u201ccuando regresaron pregunt\u00e9 a mi esposo c\u00f3mo sali\u00f3. Yo ve\u00eda, no dec\u00eda nada y yo preguntaba, pero no dec\u00eda nada. Esper\u00f3 a que Cristian no estuviera y ya luego dice: \u2018<strong>tiene un tumor y un poco de ag\u00fcita, \u00bfqu\u00e9 hacemos?<\/strong>\u2019. El doctor dijo que fu\u00e9ramos al&nbsp;<strong>Hospital de R\u00edo Blanco<\/strong>\u201d.<\/p>\n\n\n\n<p class=\"wp-block-paragraph\">El joven fue hospitalizado, ya con los estudios y la tomograf\u00eda.&nbsp;<strong>Los m\u00e9dicos lo empezaron a tratar, pero sus pap\u00e1s no ve\u00edan mejor\u00eda<\/strong>.<\/p>\n\n\n\n<p class=\"wp-block-paragraph\">En esos d\u00edas, un familiar les coment\u00f3 que&nbsp;<strong>en Veracruz exist\u00eda un brujo reconocido que hace cirug\u00edas espirituales<\/strong>. Investigaron el costo, fueron a verlo, ah\u00ed&nbsp;<strong>les asegur\u00f3 que por ocho mil pesos habr\u00eda una mejora<\/strong>. \u201cLe garantizo que se cura\u201d, les dijo, recuerda Juana.<\/p>\n\n\n\n<p class=\"wp-block-paragraph\">\u201cPidi\u00f3 lo saque del hospital. Mi esposo regres\u00f3 al hospital para llevarse a Cristian, no lo dejaban. Lleg\u00f3 el director y se empez\u00f3 a pelear (con \u00e9l)\u201d.<\/p>\n\n\n<div class=\"wp-block-image\">\n<figure class=\"aligncenter size-full is-resized\"><a href=\"https:\/\/redsemlac.com\/semmexico\/wp-content\/uploads\/2023\/04\/Imagen5-2.jpg\"><img loading=\"lazy\" decoding=\"async\" src=\"https:\/\/redsemlac.com\/semmexico\/wp-content\/uploads\/2023\/04\/Imagen5-2.jpg\" alt=\"\" class=\"wp-image-65770\" width=\"824\" height=\"525\"\/><\/a><\/figure>\n<\/div>\n\n\n<p class=\"wp-block-paragraph\">Suplicaba: \u201c\u2019dame chance si no lo curan ya lo traigo ac\u00e1, pero si lo curan, igual, es mejor. Que sea que lo curen espiritualmente a que le hagan la cirug\u00eda\u2019. Dice mi esposo \u2018<strong>dame chance, lo saco y si no lo curan lo vuelvo a traer aqu\u00ed<\/strong>\u2019. Lo sacamos y lo llevamos all\u00e1 en Veracruz, amaneci\u00f3 y lo llev\u00f3 all\u00e1 en Veracruz\u201d.<\/p>\n\n\n\n<p class=\"wp-block-paragraph\">Juana relata que su esposo vio \u201ccomo que&nbsp;<strong>s\u00ed le quit\u00f3 eso de la cabeza. Le ense\u00f1\u00f3 as\u00ed en un trapo, como que s\u00ed le quit\u00f3 una cosa como l\u00edquido, como carne<\/strong>\u201d.<\/p>\n\n\n\n<p class=\"wp-block-paragraph\">De regreso a su casa, Cristian sinti\u00f3 que ya no ten\u00eda nada, pero a los dos meses de que estaba bien, normal, a ella se le antoj\u00f3 cocinar unos tacos de carne.<\/p>\n\n\n\n<p class=\"wp-block-paragraph\">Durante todo ese tiempo dejaron de consumirla. Por eso, ella propuso: hoy vamos a comer tacos. \u201cVe a traer bistec y ya yo lo hago tacos. Me dijo: s\u00ed, ahorita yo creo que ya los puede comer Cristian, ya tiene tiempo, como dos meses, de que le hicieron esa cosa y ya vamos a comer todos juntos\u201d.<\/p>\n\n\n\n<p class=\"wp-block-paragraph\"><strong>En la tarde Cristian volvi\u00f3 a ponerse mal<\/strong>&nbsp;\u201clo llevamos al se\u00f1or, pero como no es doctor, en su casa tiene una farmacia. Lo llevamos, le dio pastillas y lo inyectaba en el cuello, como dos veces le puso suero con medicamento para que se le quite r\u00e1pido, ya no se le quit\u00f3\u201d.<\/p>\n\n\n\n<p class=\"wp-block-paragraph\">Unos conocidos y primos lejanos que viven en Ecatepec, Estado de M\u00e9xico,&nbsp;<strong>sugirieron traerlo a la capital del pa\u00eds, al Hospital General Infantil<\/strong>, lo recibieron con sus estudios y empezaron a solicitar m\u00e1s estudios que pag\u00f3 la familia entre viajes y el escaso trabajo de carpinter\u00eda que realizan en casa.<\/p>\n\n\n\n<p class=\"wp-block-paragraph\">\u201c<strong>Fueron estudios de mil y dos mil pesos, aqu\u00ed mismo nos dicen en d\u00f3nde para que sea m\u00e1s barato<\/strong>. Tambi\u00e9n la medicina, de 500 y 550 pesos la otra cajita, pero con eso como que s\u00ed se le quitaba a Cristian\u201d.<\/p>\n\n\n\n<p class=\"wp-block-paragraph\">As\u00ed pasaron los meses hasta que en agosto de 2021,&nbsp;<strong>el joven cumpli\u00f3 los 18 a\u00f1os y ya no lo quisieron atender ah\u00ed<\/strong>. En noviembre, le dieron su pase a la zona de adultos y regresaron a la Ciudad de M\u00e9xico a una consulta,&nbsp;<strong>revisaron de nuevo sus estudios y la medicina que tomaba<\/strong>.<\/p>\n\n\n<div class=\"wp-block-image\">\n<figure class=\"aligncenter size-full\"><a href=\"https:\/\/redsemlac.com\/semmexico\/wp-content\/uploads\/2023\/04\/Imagen4-2.jpg\"><img loading=\"lazy\" decoding=\"async\" width=\"720\" height=\"507\" src=\"https:\/\/redsemlac.com\/semmexico\/wp-content\/uploads\/2023\/04\/Imagen4-2.jpg\" alt=\"\" class=\"wp-image-65769\"\/><\/a><figcaption class=\"wp-element-caption\">Juana y su familia han viajado en varias ocasiones de Veracruz a la CDMX para que Cristian reciba atenci\u00f3n m\u00e9dica. \/ Foto: Romina Sol\u00eds | El Sol de M\u00e9xico<\/figcaption><\/figure>\n<\/div>\n\n\n<p class=\"wp-block-paragraph\">Mientras esperaban en Soledad Atzompa a que les llamaran para comenzar los an\u00e1lisis preoperatorios,&nbsp;<strong>la condici\u00f3n de salud de Cristian se agrav\u00f3<\/strong>. En diciembre,&nbsp;<strong>perdi\u00f3 el habla y la movilidad de brazos y piernas<\/strong>. Espantada, la familia hizo lo que pudo para trasladarse de emergencia al Hospital General, donde&nbsp;<strong>lo hospitalizaron y lo estabilizaron<\/strong>.<\/p>\n\n\n\n<p class=\"wp-block-paragraph\">Al darlo de alta les informaron que en cualquier momento les llamar\u00edan para hacerle la cirug\u00eda.&nbsp;<strong>As\u00ed pasaron tres meses m\u00e1s<\/strong>. \u201cUnos d\u00edas bien y otros no tanto\u201d.<\/p>\n\n\n\n<p class=\"wp-block-paragraph\">El pasado 18 de marzo, en medio de quienes&nbsp;<strong>viajaron al Z\u00f3calo de la Ciudad de M\u00e9xico para participar en la marcha del gobierno del presidente Andr\u00e9s Manuel L\u00f3pez Obrador<\/strong>, para conmemorar el 85 aniversario de la expropiaci\u00f3n petrolera,&nbsp;<strong>Cristian y su pap\u00e1 regresaron al hospital<\/strong>: el joven fue ingresado para someterse a estudios preoperatorios.<\/p>\n\n\n\n<p class=\"wp-block-paragraph\">El jueves 23 de marzo, los ojos negros y brillantes de Juana no fueron capaces de contener las l\u00e1grimas, debe esperar las&nbsp;<strong>10 horas que durar\u00e1 la cirug\u00eda de Cristian<\/strong>. Ella aguarda en la carpa y platica con&nbsp;<strong>El Sol de M\u00e9xico<\/strong>.<\/p>\n\n\n\n<p class=\"wp-block-paragraph\"><strong>Dice que, ahora s\u00ed, la atenci\u00f3n m\u00e9dica fue r\u00e1pida, que no hubo cobro alguno ni les pidieron comprar medicinas<\/strong>. Son m\u00e1s de las cinco de la tarde y dice que ella y su esposo tienen poco dinero. Lo administran, porque no sabe cu\u00e1nto tiempo estar\u00e1n en ese lugar.&nbsp;<strong>No hay ba\u00f1os y debe pagar por su uso en el centro comercial m\u00e1s cercano<\/strong>. Lleva dos d\u00edas sin ba\u00f1arse, apenas trae un su\u00e9ter y Fernanda viste una playera y un short<strong>.<\/strong>&nbsp;<strong>Para comer encontraron un comedor comunitario que \u201cpor poco nos dieron bien\u201d<\/strong>.<\/p>\n\n\n\n<p class=\"wp-block-paragraph\">Un d\u00eda despu\u00e9s, de nuevo al interior de la carpa, ella est\u00e1 recostada en una de las colchonetas que yacen en el suelo.&nbsp;<strong>Llora de pensar que su hijo vaya a morir, a pesar de <\/strong><strong>que los m\u00e9dicos pudieron extirpar el tumor<\/strong>. Son horas cruciales en su recuperaci\u00f3n.<\/p>\n","protected":false},"excerpt":{"rendered":"<p>Antes de llegar al Hospital General en la Ciudad de M\u00e9xico, Juana y su esposo llevaron a su hijo con brujos, hechiceros, hierberos y a consultorios de farmacia.<\/p>\n","protected":false},"author":3,"featured_media":65773,"comment_status":"open","ping_status":"open","sticky":false,"template":"","format":"standard","meta":{"_monsterinsights_skip_tracking":false,"footnotes":""},"categories":[675],"tags":[],"class_list":["post-65768","post","type-post","status-publish","format-standard","has-post-thumbnail","category-historia-de-hospitales"],"_links":{"self":[{"href":"https:\/\/redsemlac.com\/semmexico\/wp-json\/wp\/v2\/posts\/65768","targetHints":{"allow":["GET"]}}],"collection":[{"href":"https:\/\/redsemlac.com\/semmexico\/wp-json\/wp\/v2\/posts"}],"about":[{"href":"https:\/\/redsemlac.com\/semmexico\/wp-json\/wp\/v2\/types\/post"}],"author":[{"embeddable":true,"href":"https:\/\/redsemlac.com\/semmexico\/wp-json\/wp\/v2\/users\/3"}],"replies":[{"embeddable":true,"href":"https:\/\/redsemlac.com\/semmexico\/wp-json\/wp\/v2\/comments?post=65768"}],"version-history":[{"count":0,"href":"https:\/\/redsemlac.com\/semmexico\/wp-json\/wp\/v2\/posts\/65768\/revisions"}],"wp:featuredmedia":[{"embeddable":true,"href":"https:\/\/redsemlac.com\/semmexico\/wp-json\/wp\/v2\/media\/65773"}],"wp:attachment":[{"href":"https:\/\/redsemlac.com\/semmexico\/wp-json\/wp\/v2\/media?parent=65768"}],"wp:term":[{"taxonomy":"category","embeddable":true,"href":"https:\/\/redsemlac.com\/semmexico\/wp-json\/wp\/v2\/categories?post=65768"},{"taxonomy":"post_tag","embeddable":true,"href":"https:\/\/redsemlac.com\/semmexico\/wp-json\/wp\/v2\/tags?post=65768"}],"curies":[{"name":"wp","href":"https:\/\/api.w.org\/{rel}","templated":true}]}}