{"id":65723,"date":"2023-04-18T13:00:45","date_gmt":"2023-04-18T18:00:45","guid":{"rendered":"https:\/\/redsemlac.com\/semmexico\/?p=65723"},"modified":"2023-04-18T13:02:46","modified_gmt":"2023-04-18T18:02:46","slug":"comunidad-lgtb-pide-no-ser-discriminada-en-lugares-turisticos","status":"publish","type":"post","link":"https:\/\/redsemlac.com\/semmexico\/comunidad-lgtb-pide-no-ser-discriminada-en-lugares-turisticos\/","title":{"rendered":"Comunidad LGTB pide no ser discriminada en lugares tur\u00edsticos"},"content":{"rendered":"\n<p class=\"wp-block-paragraph\"><strong>M\u00f3nica Hern\u00e1ndez Meneses<\/strong><\/p>\n\n\n\n<p class=\"wp-block-paragraph\">SemM\u00e9xico\/Ceprovysa, Acapulco, Guerrero, 18 de abril del 2023.- La presidenta de Frudiversas A. C. Alejandra Gasca Luna, denunci\u00f3 que tienen al menos 20 quejas por discriminaci\u00f3n contra centros restauranteros, dependencias de gobierno -sin especificar cu\u00e1les-, as\u00ed como de un Ayuntamiento, de Coyuca de Catal\u00e1n.<\/p>\n\n\n\n<p class=\"wp-block-paragraph\">Por ello, dijo que la organizaci\u00f3n que encabeza se reuni\u00f3 con funcionariado de la Comisi\u00f3n de Derechos Humanos y de Turismo, para pedir que sea respetado su derecho a su identidad y no ser discriminadas, ni discriminados.<\/p>\n\n\n\n<p class=\"wp-block-paragraph\">Alejandra Gasca Luna trajo a referencia una denuncia de un YouTuber Trans de la ciudad de M\u00e9xico que denunci\u00f3 que en un hotel en el \u00e1rea de alberca les llamaron la atenci\u00f3n por besarse frente a familias ah\u00ed tambi\u00e9n reunidas.<\/p>\n\n\n\n<p class=\"wp-block-paragraph\">Por ello, se\u00f1al\u00f3 que solicitaron a la presidenta de Derechos Humanos de Guerrero, Cecilia Narciso Gayt\u00e1n y al secretario de Turismo Estatal, Santos Ram\u00edrez Cuevas, capacitar a trabajadoras y trabajadores de turismo en este tema.<\/p>\n\n\n\n<p class=\"wp-block-paragraph\">\u201cQue se haga un protocolo de atenci\u00f3n digna a la poblaci\u00f3n LGBT porque se vulneran los derechos y se aparta ese turismo, y lo que queremos es llamar a ese 1 por ciento de la poblaci\u00f3n que regrese pero d\u00e1ndoles un buen trato\u201d, se\u00f1al\u00f3 la presidenta de Frudiversas A. C. Alejandra Gasca Luna.<\/p>\n\n\n\n<p class=\"wp-block-paragraph\">SEM\/MG<\/p>\n","protected":false},"excerpt":{"rendered":"<p>La presidenta de Frudiversas A. C. Alejandra Gasca Luna, denunci\u00f3 que tienen al menos 20 quejas por discriminaci\u00f3n contra centros restauranteros, dependencias de gobierno -sin especificar cu\u00e1les-, as\u00ed como de un Ayuntamiento, de Coyuca de Catal\u00e1n.<\/p>\n","protected":false},"author":3,"featured_media":65724,"comment_status":"open","ping_status":"open","sticky":false,"template":"","format":"standard","meta":{"_monsterinsights_skip_tracking":false,"footnotes":""},"categories":[54],"tags":[],"class_list":["post-65723","post","type-post","status-publish","format-standard","has-post-thumbnail","category-mujeres"],"_links":{"self":[{"href":"https:\/\/redsemlac.com\/semmexico\/wp-json\/wp\/v2\/posts\/65723","targetHints":{"allow":["GET"]}}],"collection":[{"href":"https:\/\/redsemlac.com\/semmexico\/wp-json\/wp\/v2\/posts"}],"about":[{"href":"https:\/\/redsemlac.com\/semmexico\/wp-json\/wp\/v2\/types\/post"}],"author":[{"embeddable":true,"href":"https:\/\/redsemlac.com\/semmexico\/wp-json\/wp\/v2\/users\/3"}],"replies":[{"embeddable":true,"href":"https:\/\/redsemlac.com\/semmexico\/wp-json\/wp\/v2\/comments?post=65723"}],"version-history":[{"count":0,"href":"https:\/\/redsemlac.com\/semmexico\/wp-json\/wp\/v2\/posts\/65723\/revisions"}],"wp:featuredmedia":[{"embeddable":true,"href":"https:\/\/redsemlac.com\/semmexico\/wp-json\/wp\/v2\/media\/65724"}],"wp:attachment":[{"href":"https:\/\/redsemlac.com\/semmexico\/wp-json\/wp\/v2\/media?parent=65723"}],"wp:term":[{"taxonomy":"category","embeddable":true,"href":"https:\/\/redsemlac.com\/semmexico\/wp-json\/wp\/v2\/categories?post=65723"},{"taxonomy":"post_tag","embeddable":true,"href":"https:\/\/redsemlac.com\/semmexico\/wp-json\/wp\/v2\/tags?post=65723"}],"curies":[{"name":"wp","href":"https:\/\/api.w.org\/{rel}","templated":true}]}}