{"id":6572,"date":"2018-07-11T17:37:59","date_gmt":"2018-07-11T17:37:59","guid":{"rendered":"https:\/\/redsemlac.com\/semmexico\/?p=6572"},"modified":"2023-07-21T14:32:18","modified_gmt":"2023-07-21T19:32:18","slug":"pendientes-del-pan","status":"publish","type":"post","link":"https:\/\/redsemlac.com\/semmexico\/pendientes-del-pan\/","title":{"rendered":"Pendientes del PAN"},"content":{"rendered":"\n<p class=\"wp-block-paragraph\">\u201cEstamos dando la cara\u201d, declar\u00f3 el l\u00edder nacional.\u00a0\u00a0\u00a0\u00a0<\/p>\n\n\n\n<h5 class=\"wp-block-heading\"> No ha sido para nada bien visto el reclamo que hace un grupo de panistas por la derrota de Ricardo Anaya porque \u00e9sta se debi\u00f3 no a su actuaci\u00f3n como candidato, \u00a0sino al hartazgo de los malos gobiernos\u2026 pr\u00ecistas y panistas.<\/h5>\n\n\n\n<p class=\"wp-block-paragraph\">\u00a0<a href=\"https:\/\/semmexico.com\/gallery-post.php?id=5285#\">Natalia Vidales<\/a><\/p>\n\n\n\n<p class=\"wp-block-paragraph\">SemM\u00e9xico. Sonora. 11 de julio de 2018.- La dirigencia nacional del PAN tiene, todav\u00eda, mucho que hacer al frente de la instituci\u00f3n.&nbsp;&nbsp;Entre&nbsp;otras tantas cosas atender los diversos procesos legales ante el INE y el&nbsp;<em>Tribunal Electoral<\/em>y que forman parte de la etapa poselectoral (entre otras posiciones,&nbsp;&nbsp;la defensa de la gubernatura de Puebla que ganaron y que est\u00e1 siendo impugnada por el candidato de MORENA). Igualmente tiene el pendiente de presentar las demandas conducentes ah\u00ed donde se hayan cometido fraudes en contra del PAN.<\/p>\n\n\n\n<p class=\"wp-block-paragraph\">Adem\u00e1s,&nbsp;&nbsp;&nbsp;est\u00e1 el tema de las asignaciones de las candidaturas de representaci\u00f3n proporcional (las famosas&nbsp;<em>pluris<\/em>) en el&nbsp;<em>Congreso de la Uni\u00f3n&nbsp;<\/em>y&nbsp;&nbsp;en las diferentes legislaturas locales y regidur\u00edas municipales.&nbsp;&nbsp;Estas posiciones vienen a significar ahora, para todos los partidos vencidos en las recientes urnas,&nbsp;&nbsp;una especie de tabla de salvaci\u00f3n para equilibrar en lo posible las decisiones del nuevo r\u00e9gimen.&nbsp;<\/p>\n\n\n\n<p class=\"wp-block-paragraph\">Pero, sobre todo, esa permanencia es menester&nbsp;&nbsp;para que sea el mismo equipo del PAN &#8211;encabezado por Dami\u00e1n Zepeda Vidales&#8211;&nbsp;&nbsp;&nbsp;quien haga el recuento de los da\u00f1os y asuma las consecuencias de los magros logros electorales. \u201cEstamos dando la cara\u201d, declar\u00f3 el l\u00edder nacional.&nbsp;&nbsp;&nbsp;&nbsp;&nbsp;<\/p>\n\n\n\n<p class=\"wp-block-paragraph\">Recordemos, por ejemplo, aqu\u00ed en Sonora cuando el PAN perdi\u00f3&nbsp;importantes posiciones el 2015 y los dirigentes permanecieron en sus cargos aguantando la vara de la derrota, para que posteriormente los nuevos mandos no tuvieran que levantar el tiradero.<\/p>\n\n\n\n<p class=\"wp-block-paragraph\">Pero ahora resulta que un grupo de 32 panistas identificados con Felipe Calder\u00f3n y con Margarita Zavala (quienes no respaldaron al candidato presidencial de su propio partido, Ricardo Anaya, en la pasada campa\u00f1a&nbsp;&nbsp;electoral), piden en una carta dirigida a la Comisi\u00f3n Permanente la renuncia inmediata de la directiva nacional del partido \u2013en una acci\u00f3n de lo m\u00e1s mezquina- , conociendo \u2013como conocen-&nbsp;&nbsp;que los&nbsp;&nbsp;estatutos&nbsp;&nbsp;prev\u00e9n la renovaci\u00f3n de los mandos \u201cdentro de los seis meses siguientes a las elecciones\u201d (precisamente para que asuman la responsabilidad de los resultados de haber resultado negativos, o para que los celebren en caso contrario; y para concluir todo el proceso electoral).&nbsp;&nbsp;Luego entonces lo que buscan no es el bien del partido sino que la divisi\u00f3n panista contin\u00fae.&nbsp;<\/p>\n\n\n\n<p class=\"wp-block-paragraph\">Como respuesta, la Comisi\u00f3n Permanente del PAN \u2013encabezada por Luis Felipe Bravo Mena- hizo ayer un llamado a la conciliaci\u00f3n interna al circular un documento con propuestas muy concretas: 1) Concentrarse en la defensa jur\u00eddica y pol\u00edtica de sus triunfos electorales as\u00ed como evitar la sobre representaci\u00f3n legislativa de la coalici\u00f3n triunfadora.&nbsp;&nbsp;2) Analizar los resultados electorales para que emerja una ruta cr\u00edtica de cara al futuro; 3) Respetar los plazos fijados en el estatuto para la renovaci\u00f3n de la dirigencia nacional; 4) Respaldar a la actual dirigencia nacional y a las estatales para que puedan llevar a cabo la renovaci\u00f3n de los comit\u00e9s; 5) Generar el di\u00e1logo al interior del partido, sin exclusiones.<\/p>\n\n\n\n<p class=\"wp-block-paragraph\">Por su parte, Dami\u00e1n Zepeda hab\u00eda se\u00f1alado previamente que no se trata de aferrarse al mando, sino de concluir el ciclo y de que los nuevos directivos sean electos, antes de Diciembre,&nbsp;&nbsp;por los miles de militantes del PAN que conforman el m\u00e1ximo \u00f3rgano elector del partido, no por unos cuantos, como antes. Pero adem\u00e1s, declar\u00f3 que \u00e9l no contender\u00e1 por su reelecci\u00f3n en el partido,&nbsp;&nbsp;y que seguir\u00e1 su carrera parlamentaria&nbsp;&nbsp;&#8211;que es lo suyo&#8211;&nbsp;&nbsp;ahora como Senador nominal, si recordamos su trayectoria cuando gan\u00f3 la diputaci\u00f3n&nbsp;&nbsp;local y luego la&nbsp;&nbsp;federal por Sonora.&nbsp;<\/p>\n\n\n\n<p class=\"wp-block-paragraph\">Dejar\u00e1 la presidencia con la frente en algo, como \u00e9l mismo lo ha dicho ya que pese a los malos resultados generales para el PAN el pasado primero de Julio, se ganaron ah\u00ed tres gubernaturas&nbsp;&nbsp;que se suman a las cinco obtenidas hace dos a\u00f1os en su propia gesti\u00f3n. Y hoy son&nbsp;&nbsp;12 entidades blanquiazules (el PRI tiene otras doce y&nbsp;&nbsp;MORENA tendr\u00e1 cinco), y es ahora&nbsp;&nbsp;el PAN la primera fuerza opositora nacional.&nbsp;&nbsp;&nbsp;&nbsp;&nbsp;Entonces, no ha sido para nada bien visto el reclamo que hace un grupo de panistas por la derrota de Ricardo Anaya porque \u00e9sta se debi\u00f3 no a su actuaci\u00f3n como candidato \u2013que fue excepcional-&nbsp;&nbsp;sino al hartazgo de los malos gobiernos\u2026 pr\u00ecistas y panistas.&nbsp;&nbsp;No hay que olvidarlo.<\/p>\n","protected":false},"excerpt":{"rendered":"<p>\u201cEstamos dando la cara\u201d, declar\u00f3 el l\u00edder nacional.\u00a0\u00a0\u00a0\u00a0 No ha sido para nada bien visto el reclamo que hace un grupo de panistas por la derrota de Ricardo Anaya porque \u00e9sta se debi\u00f3 no a su actuaci\u00f3n como candidato, \u00a0sino al hartazgo de los malos gobiernos\u2026 pr\u00ecistas y panistas. \u00a0Natalia Vidales SemM\u00e9xico. Sonora. 11 de [&hellip;]<\/p>\n","protected":false},"author":3,"featured_media":6574,"comment_status":"open","ping_status":"open","sticky":false,"template":"","format":"standard","meta":{"_monsterinsights_skip_tracking":false,"footnotes":""},"categories":[689,72],"tags":[],"class_list":["post-6572","post","type-post","status-publish","format-standard","has-post-thumbnail","category-689","category-natalia-vidales"],"_links":{"self":[{"href":"https:\/\/redsemlac.com\/semmexico\/wp-json\/wp\/v2\/posts\/6572","targetHints":{"allow":["GET"]}}],"collection":[{"href":"https:\/\/redsemlac.com\/semmexico\/wp-json\/wp\/v2\/posts"}],"about":[{"href":"https:\/\/redsemlac.com\/semmexico\/wp-json\/wp\/v2\/types\/post"}],"author":[{"embeddable":true,"href":"https:\/\/redsemlac.com\/semmexico\/wp-json\/wp\/v2\/users\/3"}],"replies":[{"embeddable":true,"href":"https:\/\/redsemlac.com\/semmexico\/wp-json\/wp\/v2\/comments?post=6572"}],"version-history":[{"count":0,"href":"https:\/\/redsemlac.com\/semmexico\/wp-json\/wp\/v2\/posts\/6572\/revisions"}],"wp:featuredmedia":[{"embeddable":true,"href":"https:\/\/redsemlac.com\/semmexico\/wp-json\/wp\/v2\/media\/6574"}],"wp:attachment":[{"href":"https:\/\/redsemlac.com\/semmexico\/wp-json\/wp\/v2\/media?parent=6572"}],"wp:term":[{"taxonomy":"category","embeddable":true,"href":"https:\/\/redsemlac.com\/semmexico\/wp-json\/wp\/v2\/categories?post=6572"},{"taxonomy":"post_tag","embeddable":true,"href":"https:\/\/redsemlac.com\/semmexico\/wp-json\/wp\/v2\/tags?post=6572"}],"curies":[{"name":"wp","href":"https:\/\/api.w.org\/{rel}","templated":true}]}}