{"id":65658,"date":"2023-04-17T12:27:13","date_gmt":"2023-04-17T17:27:13","guid":{"rendered":"https:\/\/redsemlac.com\/semmexico\/?p=65658"},"modified":"2023-04-17T12:27:14","modified_gmt":"2023-04-17T17:27:14","slug":"detienen-a-sujeto-que-prendio-fuego-a-su-pareja","status":"publish","type":"post","link":"https:\/\/redsemlac.com\/semmexico\/detienen-a-sujeto-que-prendio-fuego-a-su-pareja\/","title":{"rendered":"Detienen a sujeto que prendi\u00f3 fuego a su pareja"},"content":{"rendered":"\n<ul class=\"wp-block-list\">\n<li><strong>El presunto responsable moj\u00f3 con gasolina a la v\u00edctima, le prendi\u00f3 fuego, quem\u00e1ndole cara, brazos y algunas partes del cuerpo.<\/strong><strong><\/strong><\/li>\n\n\n\n<li><strong>El Congreso local aval\u00f3 en 2020 sancionar la violencia \u00e1cida por medio del delito alteraciones a la salud por raz\u00f3n de g\u00e9nero.<\/strong><strong><\/strong><\/li>\n<\/ul>\n\n\n\n<p class=\"wp-block-paragraph\"><strong>Patricia Brise\u00f1o<\/strong><\/p>\n\n\n\n<p class=\"wp-block-paragraph\">SemM\u00e9xico, Oaxaca de Ju\u00e1rez, 17 de abril del 2023.- Un sujeto roci\u00f3 gasolina y prendi\u00f3 fuego a una mujer, provoc\u00e1ndole quemaduras de segundo grado atendidas en el hospital general, Aurelio Valdivieso, de los Servicios de Salud del estado, en la ciudad de Oaxaca.<\/p>\n\n\n\n<p class=\"wp-block-paragraph\">Elementos de la Polic\u00eda Municipal de Santa Cruz Xoxocotl\u00e1n, ubicado en la zona metropolitana, detuvieron a Carlos M.C., de 19 a\u00f1os, cuando pretend\u00eda darse a la fuga luego del atentar contra la vida de Keila A.P., de 21 a\u00f1os de edad.<\/p>\n\n\n\n<p class=\"wp-block-paragraph\">De acuerdo con versiones preliminares tras una discusi\u00f3n de pareja, el presunto responsable moj\u00f3 con gasolina a la v\u00edctima, le prendi\u00f3 fuego, quem\u00e1ndole cara, brazos y algunas partes del cuerpo.<\/p>\n\n\n\n<p class=\"wp-block-paragraph\">Param\u00e9dicos de la Cruz Roja Mexicana estabilizaron a la mujer al tiempo de su traslado e ingreso al centro m\u00e9dico estatal donde recibe atenci\u00f3n por las quemaduras.<\/p>\n\n\n\n<p class=\"wp-block-paragraph\">El presunto responsable fue puesto a disposici\u00f3n de la Fiscal\u00eda Especializada para la Atenci\u00f3n a Delitos Contra la Mujer por Raz\u00f3n de G\u00e9nero, se\u00f1alado por intento de feminicidio.<\/p>\n\n\n\n<h2 class=\"wp-block-heading\"><strong>Dato<\/strong><\/h2>\n\n\n\n<p class=\"wp-block-paragraph\">El Congreso local aval\u00f3 en 2020 sancionar la violencia \u00e1cida por medio del delito alteraciones a la salud por raz\u00f3n de g\u00e9nero, \u201cel cual comprende da\u00f1os por medio del uso de un agente f\u00edsico, qu\u00edmico o sustancia corrosiva, para sancionarse con una pena de 20 a 30 a\u00f1os de prisi\u00f3n\u201d.<\/p>\n\n\n\n<p class=\"wp-block-paragraph\">El art\u00edculo 412-A del C\u00f3digo Penal de Oaxaca, se considera que existen razones de g\u00e9nero, cuando se presente indistintamente alguna de las siguientes circunstancias:<\/p>\n\n\n\n<p class=\"wp-block-paragraph\">Adem\u00e1s, se se\u00f1ala que se impondr\u00e1 de treinta a cuarenta a\u00f1os de prisi\u00f3n y multa de quinientas a mil veces el valor diario de la unidad de medida y actualizaci\u00f3n, \u201csi entre el activo y la v\u00edctima exista o haya existido una relaci\u00f3n de parentesco por consanguinidad, afinidad, civil, matrimonio, concubinato, noviazgo, relaciones de convivencia o una relaci\u00f3n similar, laboral o docente\u201d.<\/p>\n\n\n\n<p class=\"wp-block-paragraph\">SEM\/MG<\/p>\n","protected":false},"excerpt":{"rendered":"<p>El presunto responsable moj\u00f3 con gasolina a la v\u00edctima, le prendi\u00f3 fuego, quem\u00e1ndole cara, brazos y algunas partes del cuerpo.<\/p>\n","protected":false},"author":3,"featured_media":33935,"comment_status":"open","ping_status":"open","sticky":false,"template":"","format":"standard","meta":{"_monsterinsights_skip_tracking":false,"footnotes":""},"categories":[47,48],"tags":[],"class_list":["post-65658","post","type-post","status-publish","format-standard","has-post-thumbnail","category-no-mas-impunidad","category-no-mas-impunidad-no-mas-impunidad"],"_links":{"self":[{"href":"https:\/\/redsemlac.com\/semmexico\/wp-json\/wp\/v2\/posts\/65658","targetHints":{"allow":["GET"]}}],"collection":[{"href":"https:\/\/redsemlac.com\/semmexico\/wp-json\/wp\/v2\/posts"}],"about":[{"href":"https:\/\/redsemlac.com\/semmexico\/wp-json\/wp\/v2\/types\/post"}],"author":[{"embeddable":true,"href":"https:\/\/redsemlac.com\/semmexico\/wp-json\/wp\/v2\/users\/3"}],"replies":[{"embeddable":true,"href":"https:\/\/redsemlac.com\/semmexico\/wp-json\/wp\/v2\/comments?post=65658"}],"version-history":[{"count":0,"href":"https:\/\/redsemlac.com\/semmexico\/wp-json\/wp\/v2\/posts\/65658\/revisions"}],"wp:featuredmedia":[{"embeddable":true,"href":"https:\/\/redsemlac.com\/semmexico\/wp-json\/wp\/v2\/media\/33935"}],"wp:attachment":[{"href":"https:\/\/redsemlac.com\/semmexico\/wp-json\/wp\/v2\/media?parent=65658"}],"wp:term":[{"taxonomy":"category","embeddable":true,"href":"https:\/\/redsemlac.com\/semmexico\/wp-json\/wp\/v2\/categories?post=65658"},{"taxonomy":"post_tag","embeddable":true,"href":"https:\/\/redsemlac.com\/semmexico\/wp-json\/wp\/v2\/tags?post=65658"}],"curies":[{"name":"wp","href":"https:\/\/api.w.org\/{rel}","templated":true}]}}