{"id":65581,"date":"2023-04-16T13:35:12","date_gmt":"2023-04-16T18:35:12","guid":{"rendered":"https:\/\/redsemlac.com\/semmexico\/?p=65581"},"modified":"2023-04-16T13:35:12","modified_gmt":"2023-04-16T18:35:12","slug":"las-bailarinas-isabel-avalos-y-cristina-mendoza-comparten-su-experiencia-y-pasion-por-la-danza","status":"publish","type":"post","link":"https:\/\/redsemlac.com\/semmexico\/las-bailarinas-isabel-avalos-y-cristina-mendoza-comparten-su-experiencia-y-pasion-por-la-danza\/","title":{"rendered":"Las bailarinas Isabel \u00c1valos y Cristina Mendoza comparten su experiencia y pasi\u00f3n por la danza\u00a0"},"content":{"rendered":"\n<p class=\"wp-block-paragraph\">En el programa&nbsp;<em>Bienvenido a casa<\/em>, de forma virtual y presencial platicaron sobre sus inicios en el ballet, an\u00e9cdotas y su estancia en la agrupaci\u00f3n del Inbal&nbsp;<\/p>\n\n\n\n<p class=\"wp-block-paragraph\">&nbsp;Redacci\u00f3n<\/p>\n\n\n\n<p class=\"wp-block-paragraph\">SemM\u00e9xico, Ciudad de M\u00e9xico, 16 de abril, 2023.-&nbsp; Las&nbsp;bailarinas Isabel \u00c1valos y Cristina Mendoza conversaron en torno a la danza cl\u00e1sica, el quehacer que existe alrededor de la profesi\u00f3n, la disciplina y t\u00e9cnica que llevaron a cabo, as\u00ed como consejos para las nuevas generaciones.&nbsp;<\/p>\n\n\n\n<p class=\"wp-block-paragraph\">&nbsp;En el Sal\u00f3n 3 de las instalaciones de la Compa\u00f1\u00eda Nacional de Danza (CND) ubicadas en el Centro Cultural del Bosque (CCB), las tambi\u00e9n maestras e investigadoras de esta disciplina platicaron con el p\u00fablico asistente y con la audiencia virtual, respecto al contexto que les toc\u00f3 vivir en la pr\u00e1ctica de sus carreras.&nbsp;<\/p>\n\n\n\n<p class=\"wp-block-paragraph\"><em>Bienvenido a tu casa&nbsp;<\/em>de la CND&nbsp;del Instituto Nacional de Bellas Artes y Literatura (Inbal), instancia de la Secretar\u00eda de Cultura federal, abri\u00f3 sus puertas para que el p\u00fablico interesado en el mundo de esta disciplina art\u00edstica conozca y comprenda, desde el di\u00e1logo y la voz de quienes se han convertido en importantes exponentes en el rubro, el c\u00f3mo se ha construido la historia del ballet en M\u00e9xico.&nbsp;<\/p>\n\n\n\n<p class=\"wp-block-paragraph\">Con la bailarina Isabel Garc\u00eda como moderadora, se les pregunt\u00f3 c\u00f3mo fue su acercamiento a este arte, su ingreso al grupo danc\u00edstico y las vivencias por las que atravesaron en su momento.&nbsp;<\/p>\n\n\n\n<p class=\"wp-block-paragraph\">\u201cEntramos justo en el intercambio gubernamental, cuando los cubanos vinieron a formarnos. Entr\u00e9 y a los seis meses tuve la fortuna de poder perfeccionarme en La Habana. Situaci\u00f3n que me har\u00eda crecer en otros aspectos, pues un d\u00eda el nieto de Alicia Alonso me dio un golpe que me rompi\u00f3 el tend\u00f3n de Aquiles\u201d, vivencia que, de acuerdo con \u00c1valos \u2013actual directora art\u00edstica del Ballet de la Ciudad de M\u00e9xico- no la detuvo, al contrario, la motiv\u00f3 a aprender otras \u00e1reas.&nbsp;<\/p>\n\n\n\n<p class=\"wp-block-paragraph\">\u201cNo perd\u00ed el tiempo, me met\u00ed a la cabina de audio, hice montaje, coreograf\u00edas que fueron premiadas\u201d, pues una estad\u00eda que era de medio a\u00f1o, con esa situaci\u00f3n, se extendi\u00f3 hasta dos.&nbsp;<\/p>\n\n\n\n<p class=\"wp-block-paragraph\">Sin embargo, confiesa, al regresar a M\u00e9xico tuvo que volver a brillar y demostrar sus conocimientos, pues los papeles que le pon\u00edan en las obras eran de&nbsp;<em>car\u00e1cter<\/em>, es decir, no le permit\u00edan bailar como ella quer\u00eda. Me apliqu\u00e9 y me ascendieron con Odile en el Lago de Chapultepec, puesta en escena en la que, afirma, fueron pioneras.&nbsp;<\/p>\n\n\n\n<p class=\"wp-block-paragraph\">Por su parte, Cristina Mendoza, miembro del Centro Nacional de Investigaci\u00f3n, Documentaci\u00f3n e Informaci\u00f3n de la Danza&nbsp;<em>Jos\u00e9 Lim\u00f3n<\/em>&nbsp;(Cenidi Danza), expres\u00f3 que, a pesar de entrar \u201ctarde\u201d, a los 15 a\u00f1os, en el mundo del ballet, logr\u00f3 ser parte de la CND: \u201cLaura Urdapilleta fue mi inspiraci\u00f3n una vez que la vi en televisi\u00f3n, entonces tom\u00e9 clases en M\u00e9xico y en Estados Unidos para audicionar nuevamente. Cuando me enter\u00e9 de que estaban los maestros cubanos me dije de aqu\u00ed soy\u201d.&nbsp;<\/p>\n\n\n\n<p class=\"wp-block-paragraph\">Y a\u00f1ade: \u201cFuimos muy afortunadas de compartir el foro con Alicia Alonso, con todos los cubanos que vinieron a entrenarnos. Nos enfrentamos a espacios inadecuados para ensayar y bailamos utilizando sillas para no dejar de tomar clase\u2026 Inauguramos festivales, el de Monterrey, el Cervantino\u2026 una satisfacci\u00f3n haber bailado en la Alh\u00f3ndiga (de Granaditas)\u201d.&nbsp;<\/p>\n\n\n\n<p class=\"wp-block-paragraph\">Como parte de la charla, las maestras relataron algunas de sus m\u00e1s memorables an\u00e9cdotas, contaron que en sus presentaciones en El lago de Chapultepec tuvieron que sortear algunos imprevistos: \u201cNo se suspend\u00edan funciones por la baja temperatura porque no se usaba a\u00fan el term\u00f3metro, lo que hac\u00eda el ingeniero V\u00e1zquez Araujo era tapar el escenario con pl\u00e1stico y, cuando paraba la lluvia, bail\u00e1bamos ante un p\u00fablico con paraguas\u201d.&nbsp;<\/p>\n\n\n\n<p class=\"wp-block-paragraph\">Por su parte, Cristina Mendoza detall\u00f3 que una vez se presentaron ante el presidente de ese momento, Luis Echeverr\u00eda, en Los Pinos: \u201cComo estaba lloviendo nos pusieron pl\u00e1sticos en las puntas para que no nos moj\u00e1ramos los pies\u201d.&nbsp;<\/p>\n\n\n\n<p class=\"wp-block-paragraph\">Coincidieron que fueron instantes m\u00e1gicos y formativos que, a pesar de los malos momentos, tambi\u00e9n hubo muchos buenos que no cambiar\u00edan por nada e incluso les gustar\u00eda volver a experimentar.&nbsp;<\/p>\n\n\n\n<p class=\"wp-block-paragraph\">Adem\u00e1s, compartieron que su inter\u00e9s, curiosidad y amor por la danza las impuls\u00f3 a explorar, una vez que dejaron los escenarios, otros campos de la escena, coloc\u00e1ndolas en la docencia, la creaci\u00f3n coreogr\u00e1fica y la investigaci\u00f3n.&nbsp;<\/p>\n\n\n\n<p class=\"wp-block-paragraph\">La pr\u00f3xima emisi\u00f3n de&nbsp;<em>Bienvenido a tu casa&nbsp;<\/em>se realizar\u00e1 el 24 de mayo, a las 17:00 horas, en el sal\u00f3n 3 de las instalaciones de la CND y por redes sociales Facebook CNDanzaINBAL y YouTube CNDanzaMx.&nbsp;<\/p>\n","protected":false},"excerpt":{"rendered":"<p>En el programa\u00a0Bienvenido a casa, de forma virtual y presencial platicaron sobre sus inicios en el ballet, an\u00e9cdotas y su estancia en la agrupaci\u00f3n del Inbal\u00a0<\/p>\n","protected":false},"author":3,"featured_media":65582,"comment_status":"open","ping_status":"open","sticky":false,"template":"","format":"standard","meta":{"_monsterinsights_skip_tracking":false,"footnotes":""},"categories":[45,46],"tags":[],"class_list":["post-65581","post","type-post","status-publish","format-standard","has-post-thumbnail","category-cultura","category-cultura-cultura"],"_links":{"self":[{"href":"https:\/\/redsemlac.com\/semmexico\/wp-json\/wp\/v2\/posts\/65581","targetHints":{"allow":["GET"]}}],"collection":[{"href":"https:\/\/redsemlac.com\/semmexico\/wp-json\/wp\/v2\/posts"}],"about":[{"href":"https:\/\/redsemlac.com\/semmexico\/wp-json\/wp\/v2\/types\/post"}],"author":[{"embeddable":true,"href":"https:\/\/redsemlac.com\/semmexico\/wp-json\/wp\/v2\/users\/3"}],"replies":[{"embeddable":true,"href":"https:\/\/redsemlac.com\/semmexico\/wp-json\/wp\/v2\/comments?post=65581"}],"version-history":[{"count":0,"href":"https:\/\/redsemlac.com\/semmexico\/wp-json\/wp\/v2\/posts\/65581\/revisions"}],"wp:featuredmedia":[{"embeddable":true,"href":"https:\/\/redsemlac.com\/semmexico\/wp-json\/wp\/v2\/media\/65582"}],"wp:attachment":[{"href":"https:\/\/redsemlac.com\/semmexico\/wp-json\/wp\/v2\/media?parent=65581"}],"wp:term":[{"taxonomy":"category","embeddable":true,"href":"https:\/\/redsemlac.com\/semmexico\/wp-json\/wp\/v2\/categories?post=65581"},{"taxonomy":"post_tag","embeddable":true,"href":"https:\/\/redsemlac.com\/semmexico\/wp-json\/wp\/v2\/tags?post=65581"}],"curies":[{"name":"wp","href":"https:\/\/api.w.org\/{rel}","templated":true}]}}