{"id":6557,"date":"2018-07-23T17:23:19","date_gmt":"2018-07-23T17:23:19","guid":{"rendered":"https:\/\/redsemlac.com\/semmexico\/?p=6557"},"modified":"2023-07-21T14:32:49","modified_gmt":"2023-07-21T19:32:49","slug":"fin-a-la-prohibicion-de-la-marihuana-en-mexico","status":"publish","type":"post","link":"https:\/\/redsemlac.com\/semmexico\/fin-a-la-prohibicion-de-la-marihuana-en-mexico\/","title":{"rendered":"Fin a la prohibici\u00f3n de la marihuana en M\u00e9xico"},"content":{"rendered":"\n<p class=\"wp-block-paragraph\">Hay que cambiar el problema.<\/p>\n\n\n\n<h5 class=\"wp-block-heading\"> Del pr\u00f3ximo 7 de agosto y hasta el 24 de octubre se realizar\u00e1n\u00a0\u00a018 foros nacionales que arrancar\u00e1n en Ciudad Ju\u00e1rez<\/h5>\n\n\n\n<p class=\"wp-block-paragraph\"><a href=\"https:\/\/semmexico.com\/gallery-post.php?id=5367#\">Natalia Vidales<\/a><\/p>\n\n\n\n<p class=\"wp-block-paragraph\">SemM\u00e9xico. Sonora. 23 de julio de 2018.- El prohibicionismo a las drogas en M\u00e9xico empez\u00f3 a principios de los a\u00f1os 40\u00b4s como parte de la pol\u00edtica externa de los Estados Unidos para que en sus alrededores se combatiera la siembra y, sobre todo, la exportaci\u00f3n de mariguana y goma de opio (los principales estupefacientes de la \u00e9poca a los que despu\u00e9s se sumaron la coca\u00edna y m\u00e1s recientemente las econ\u00f3micas drogas sint\u00e9ticas) a su territorio.<\/p>\n\n\n\n<p class=\"wp-block-paragraph\">Antes de eso, en el sexenio de C\u00e1rdenas (1934-1940) exist\u00eda&nbsp;&nbsp;incluso un reglamento que preve\u00eda el uso legal particularmente de la marihuana, pero que el gobierno siguiente derog\u00f3 en atenci\u00f3n al pedido estadunidense.<\/p>\n\n\n\n<p class=\"wp-block-paragraph\">Pero ese prohibicionismo, continuado por todos los gobiernos posteriores en M\u00e9xico, llegar\u00e1 a su fin&nbsp;&nbsp;en el pr\u00f3ximo gobierno de AMLO, incluso en contra de los deseos continuados de los E.U. a ese respecto obedeciendo a la misma raz\u00f3n original de que no se exporte mariguana mexicana para all\u00e1, pero ahora solo para evitar la competencia&nbsp;con la yerba mexicana (la ley gringa de la legalizaci\u00f3n proh\u00edbe la importaci\u00f3n de mariguana a su territorio), luego de la despenalizaci\u00f3n all\u00e1 en nueve Estados (incluido Whashington, D.C).&nbsp;<\/p>\n\n\n\n<p class=\"wp-block-paragraph\">Ac\u00e1 la decisi\u00f3n ya est\u00e1 tomada: del pr\u00f3ximo 7 de agosto y hasta el 24 de octubre se realizar\u00e1n&nbsp;&nbsp;18 foros nacionales que arrancar\u00e1n en Ciudad Ju\u00e1rez y terminar\u00e1n en la CDMX&nbsp;&nbsp;para&nbsp;&nbsp;como lo se\u00f1ala AMLO en la convocatoria a&nbsp;&nbsp;esos foros que \u201clas propuestas ser\u00e1n insumos para formular pol\u00edticas p\u00fablicas que permitan concretar un Pacto de Reconciliaci\u00f3n Nacional\u201d, etc\u00e9tera. Es decir para razonar lo concerniente a la legalizaci\u00f3n, para tomar las justificaciones de esa decisi\u00f3n, pero no para discutir la despenalizaci\u00f3n per s\u00e9.&nbsp;<\/p>\n\n\n\n<p class=\"wp-block-paragraph\">Como en cualquier decisi\u00f3n anticipada,&nbsp;&nbsp;se utilizar\u00e1n los argumentos a favor de ella y&nbsp;&nbsp;&#8211;para dorar la p\u00edldora&#8211;&nbsp;&nbsp;se escuchar\u00e1n las ponencias en contra, solo para finalmente concluir que las mejores ideas y propuestas fueron aquellas.<\/p>\n\n\n\n<p class=\"wp-block-paragraph\">No se trata de un plebiscito a tama\u00f1a decisi\u00f3n \u2013que en todo caso y por su envergadura deber\u00eda de realizarse en una consulta popular en las urnas&#8211;&nbsp;sino de una ya tomada y que se avalar\u00e1 con esos foros exprofeso que, sesudamente, concluir\u00e1n que es la mejor opci\u00f3n. Y Usted puede leer entre l\u00edneas que el pr\u00f3ximo gobierno no contempla dejar un asunto as\u00ed&nbsp;&nbsp;en manos de los ciudadanos, sino de los expertos (aunque despu\u00e9s sea la gente la que pague los da\u00f1os).&nbsp;<\/p>\n\n\n\n<p class=\"wp-block-paragraph\">Pero hay algo imposible de ocultar: que el problema de la prohibici\u00f3n de las drogas se est\u00e1 \u201cresolviendo\u201d no con una soluci\u00f3n, sino generando otro problema, el de la permisibilidad de algo da\u00f1ino,&nbsp;&nbsp;gui\u00e1ndose por el aforismo de&nbsp;&nbsp;que si las soluciones&nbsp;&nbsp;no resuelven el problema\u2026.hay que cambiar el problema.<\/p>\n\n\n\n<p class=\"wp-block-paragraph\">Y lo \u201cpior\u201d: que mucho indica que tambi\u00e9n otros asuntos, como la despenalizaci\u00f3n del aborto, el matrimonio y la adopci\u00f3n igualitaria, por ejemplos, se resolver\u00e1n en foros \u201ca modo\u201d, sin&nbsp;&nbsp;preguntarle&nbsp;&nbsp;a la poblaci\u00f3n su parecer o no.&nbsp;<\/p>\n\n\n\n<p class=\"wp-block-paragraph\">Se reform\u00f3 la Constituci\u00f3n para que en los temas torales se realizaran refer\u00e9ndums y plebiscitos. Pero como en esos casos ya se conoce el recelo del pueblo entonces se recurre a las consultas arregladas.&nbsp;<\/p>\n\n\n\n<p class=\"wp-block-paragraph\">El voto a favor de AMLO no fue un cheque en blanco para que lo llene a su gusto, sino un pagar\u00e9 con vencimiento a la vista sobre las necesidades verdaderas de la poblaci\u00f3n entre las cuales no se encuentran las aqu\u00ed se\u00f1aladas.&nbsp;&nbsp;&nbsp;No hay que olvidarlo.<\/p>\n","protected":false},"excerpt":{"rendered":"<p>Hay que cambiar el problema. Del pr\u00f3ximo 7 de agosto y hasta el 24 de octubre se realizar\u00e1n\u00a0\u00a018 foros nacionales que arrancar\u00e1n en Ciudad Ju\u00e1rez Natalia Vidales SemM\u00e9xico. Sonora. 23 de julio de 2018.- El prohibicionismo a las drogas en M\u00e9xico empez\u00f3 a principios de los a\u00f1os 40\u00b4s como parte de la pol\u00edtica externa de [&hellip;]<\/p>\n","protected":false},"author":3,"featured_media":6559,"comment_status":"open","ping_status":"open","sticky":false,"template":"","format":"standard","meta":{"_monsterinsights_skip_tracking":false,"footnotes":""},"categories":[689,72],"tags":[],"class_list":["post-6557","post","type-post","status-publish","format-standard","has-post-thumbnail","category-689","category-natalia-vidales"],"_links":{"self":[{"href":"https:\/\/redsemlac.com\/semmexico\/wp-json\/wp\/v2\/posts\/6557","targetHints":{"allow":["GET"]}}],"collection":[{"href":"https:\/\/redsemlac.com\/semmexico\/wp-json\/wp\/v2\/posts"}],"about":[{"href":"https:\/\/redsemlac.com\/semmexico\/wp-json\/wp\/v2\/types\/post"}],"author":[{"embeddable":true,"href":"https:\/\/redsemlac.com\/semmexico\/wp-json\/wp\/v2\/users\/3"}],"replies":[{"embeddable":true,"href":"https:\/\/redsemlac.com\/semmexico\/wp-json\/wp\/v2\/comments?post=6557"}],"version-history":[{"count":0,"href":"https:\/\/redsemlac.com\/semmexico\/wp-json\/wp\/v2\/posts\/6557\/revisions"}],"wp:featuredmedia":[{"embeddable":true,"href":"https:\/\/redsemlac.com\/semmexico\/wp-json\/wp\/v2\/media\/6559"}],"wp:attachment":[{"href":"https:\/\/redsemlac.com\/semmexico\/wp-json\/wp\/v2\/media?parent=6557"}],"wp:term":[{"taxonomy":"category","embeddable":true,"href":"https:\/\/redsemlac.com\/semmexico\/wp-json\/wp\/v2\/categories?post=6557"},{"taxonomy":"post_tag","embeddable":true,"href":"https:\/\/redsemlac.com\/semmexico\/wp-json\/wp\/v2\/tags?post=6557"}],"curies":[{"name":"wp","href":"https:\/\/api.w.org\/{rel}","templated":true}]}}