{"id":6539,"date":"2018-08-03T16:52:50","date_gmt":"2018-08-03T16:52:50","guid":{"rendered":"https:\/\/redsemlac.com\/semmexico\/?p=6539"},"modified":"2023-07-21T14:32:47","modified_gmt":"2023-07-21T19:32:47","slug":"la-constitucion-moral-de-la-republica","status":"publish","type":"post","link":"https:\/\/redsemlac.com\/semmexico\/la-constitucion-moral-de-la-republica\/","title":{"rendered":"La Constituci\u00f3n moral de la Rep\u00fablica"},"content":{"rendered":"\n<p class=\"wp-block-paragraph\">Infinidad de organizaciones civiles han pretendido que la \u00e9tica forme parte de las acciones del gobierno<\/p>\n\n\n\n<h5 class=\"wp-block-heading\"> Conforme a un principio b\u00e1sico del Derecho Administrativo todo aquello que no est\u00e9 expresamente prohibido en alguna ley le est\u00e1 permitido a los ciudadanos<\/h5>\n\n\n\n<p class=\"wp-block-paragraph\"><a href=\"https:\/\/semmexico.com\/gallery-post.php?id=5463#\">Natalia Vidales<\/a><\/p>\n\n\n\n<p class=\"wp-block-paragraph\">SemM\u00e9xico. Sonora. 3 de agosto de 2018.- Desde que en febrero pasado AMLO diera a conocer su intenci\u00f3n de crear una Constituci\u00f3n Moral de la Naci\u00f3n, de inmediato los eruditos de la ciencia del Derecho se\u00f1alaron las enormes distancias entre las obligaciones p\u00fablicas de los ciudadanos y sus interioridades, lo cual las hace de \u00f3rdenes diferentes:&nbsp; por definici\u00f3n el Estado no debe intervenir en los asuntos del alma de las personas. &nbsp;<\/p>\n\n\n\n<p class=\"wp-block-paragraph\">Y ayer, desde el empinado exterior de su residencia en la CDMX &nbsp;volvi\u00f3 con el tema, precisando que ya se est\u00e1 elaborando un anteproyecto de esa Constituci\u00f3n. Esto debe recordarnos que cualquier cosa que el presidente virtual haya dicho alguna vez, as\u00ed fuese de manera casual le da seguimiento y, eventualmente, podr\u00eda realizarla.<\/p>\n\n\n\n<p class=\"wp-block-paragraph\">Desde esa escalinata el Presidente virtual est\u00e1 acostumbrando realizar tanto entrevistas banqueteras hasta sendas conferencias de prensa, pasando por mensajes a la Rep\u00fablica (nos informan que AMLO invent\u00f3 esto para evitar los apachurramientos con los chicos de la prensa).<\/p>\n\n\n\n<p class=\"wp-block-paragraph\">Pero regresemos al punto: efectivamente, las caracter\u00edsticas de las normas jur\u00eddicas difieren b\u00e1sicamente de las \u00e9ticas (aunque ciertamente en la Iglesia-Estado de la Edad Media y aun en el siglo XIX en nuestro pa\u00eds, \u00e9stas se confund\u00edan con aquellas), bast\u00e1ndonos para comprender el abismo entre unas y otras el elemento de exterioridad de las leyes, &nbsp;a contrapelo de la interioridad de los conceptos morales: las normas jur\u00eddicas se distinguen de las morales y religiosas en que son impuestas por el Estado, &nbsp;y que este las hace obligatorias; y, en cambio, la \u00fanica censora de la moralidad es la conciencia de cada quien. Adem\u00e1s, el Derecho se refiere a la realizaci\u00f3n&nbsp; de valores colectivos, mientras la moral persigue la de valores personales.<\/p>\n\n\n\n<p class=\"wp-block-paragraph\">Sin embargo AMLO simplemente se\u00f1ala \u201cque se trabaja en la idea de que no solo debemos tener &nbsp;bienestar material sino el bienestar del alma, fortalecer valores culturales, morales, y espirituales\u201d. Con lo cual nadie puede estar en desacuerdo y precisamente&nbsp;<em>Mujer y Poder<\/em>&nbsp;ha insistido no solo en sus p\u00e1ginas sino en diversos foros -organizados por diversos gobiernos-&nbsp; en la necesidad de ello.<\/p>\n\n\n\n<p class=\"wp-block-paragraph\">Lo anterior nos acerca a lo que, de manera natural, muchas personas consideran indebido: conforme a un principio b\u00e1sico del Derecho Administrativo todo aquello que no est\u00e9 expresamente prohibido en alguna ley le est\u00e1 permitido a los ciudadanos, y aunque ciertamente son ya muy pocas las cosas las que se le escapan a la ley para mantenernos en orden, quedan una enorme gama de acciones de lo m\u00e1s inconvenientes y que son pr\u00e1cticas comunes de la sociedad en detrimento mismo del bienestar p\u00fablico.<\/p>\n\n\n\n<p class=\"wp-block-paragraph\">Para no ir muy lejos observemos a tantos pol\u00edticos cuyos comportamientos dejan mucho que desear, pero que se justifican con aquello de que forma parte de su esfera privada, olvidando que&nbsp; por estar en la palestra p\u00fablica su responsabilidad es mayor a la de la ciudadan\u00eda en general.<\/p>\n\n\n\n<p class=\"wp-block-paragraph\">Durante mucho tiempo, infinidad de organizaciones civiles han pretendido que la \u00e9tica forme parte de las acciones del gobierno y tambi\u00e9n y desde luego, las promueva entre la poblaci\u00f3n, como por ejemplo las clases de moral (que no de Religi\u00f3n, que es otra cosa) en las escuelas.<\/p>\n\n\n\n<p class=\"wp-block-paragraph\">Creemos que esas organizaciones deber\u00edan de tomarle la palabra en \u00e9ste tema al nuevo gobierno que se avecina para lograr sus fines de que los valores morales (el aprecio a la vida en todas sus expresiones, la familia, la honestidad, la gratitud, &nbsp;el respeto, la responsabilidad, la tolerancia, la prudencia, etc\u00e9tera, etc\u00e9tera, etc\u00e9tera\u2026\u00a1etc\u00e9tera!.) se motiven en la gente y pasen a ser una forma ordinaria de comportamiento.<\/p>\n","protected":false},"excerpt":{"rendered":"<p>Infinidad de organizaciones civiles han pretendido que la \u00e9tica forme parte de las acciones del gobierno Conforme a un principio b\u00e1sico del Derecho Administrativo todo aquello que no est\u00e9 expresamente prohibido en alguna ley le est\u00e1 permitido a los ciudadanos Natalia Vidales SemM\u00e9xico. Sonora. 3 de agosto de 2018.- Desde que en febrero pasado AMLO [&hellip;]<\/p>\n","protected":false},"author":3,"featured_media":6540,"comment_status":"open","ping_status":"open","sticky":false,"template":"","format":"standard","meta":{"_monsterinsights_skip_tracking":false,"footnotes":""},"categories":[689,72],"tags":[],"class_list":["post-6539","post","type-post","status-publish","format-standard","has-post-thumbnail","category-689","category-natalia-vidales"],"_links":{"self":[{"href":"https:\/\/redsemlac.com\/semmexico\/wp-json\/wp\/v2\/posts\/6539","targetHints":{"allow":["GET"]}}],"collection":[{"href":"https:\/\/redsemlac.com\/semmexico\/wp-json\/wp\/v2\/posts"}],"about":[{"href":"https:\/\/redsemlac.com\/semmexico\/wp-json\/wp\/v2\/types\/post"}],"author":[{"embeddable":true,"href":"https:\/\/redsemlac.com\/semmexico\/wp-json\/wp\/v2\/users\/3"}],"replies":[{"embeddable":true,"href":"https:\/\/redsemlac.com\/semmexico\/wp-json\/wp\/v2\/comments?post=6539"}],"version-history":[{"count":0,"href":"https:\/\/redsemlac.com\/semmexico\/wp-json\/wp\/v2\/posts\/6539\/revisions"}],"wp:featuredmedia":[{"embeddable":true,"href":"https:\/\/redsemlac.com\/semmexico\/wp-json\/wp\/v2\/media\/6540"}],"wp:attachment":[{"href":"https:\/\/redsemlac.com\/semmexico\/wp-json\/wp\/v2\/media?parent=6539"}],"wp:term":[{"taxonomy":"category","embeddable":true,"href":"https:\/\/redsemlac.com\/semmexico\/wp-json\/wp\/v2\/categories?post=6539"},{"taxonomy":"post_tag","embeddable":true,"href":"https:\/\/redsemlac.com\/semmexico\/wp-json\/wp\/v2\/tags?post=6539"}],"curies":[{"name":"wp","href":"https:\/\/api.w.org\/{rel}","templated":true}]}}