{"id":65358,"date":"2023-04-10T19:42:38","date_gmt":"2023-04-11T00:42:38","guid":{"rendered":"https:\/\/redsemlac.com\/semmexico\/?p=65358"},"modified":"2023-04-10T19:42:39","modified_gmt":"2023-04-11T00:42:39","slug":"opinion-analisis-mariana-lima-buendia","status":"publish","type":"post","link":"https:\/\/redsemlac.com\/semmexico\/opinion-analisis-mariana-lima-buendia\/","title":{"rendered":"Opini\u00f3n| An\u00e1lisis Mariana Lima Buend\u00eda\u00a0\u00a0\u00a0"},"content":{"rendered":"\n<p class=\"wp-block-paragraph\"><strong>Ang\u00e9lica De La Pe\u00f1a<\/strong><\/p>\n\n\n\n<p class=\"wp-block-paragraph\">SemM\u00e9xico, Ciudad de M\u00e9xico, 10 de abril del 2023.- Un 29 de junio, hace 13 a\u00f1os, do\u00f1a Irinea Buend\u00eda recibi\u00f3 una llamada del marido de su hija, quien le dijo que Mariana se hab\u00eda suicidado. Ella reaccion\u00f3 y le contest\u00f3 \u201ct\u00fa la mataste\u201d. Llegar a esa terrible conclusi\u00f3n no era una reacci\u00f3n del momento, Mariana hab\u00eda sobrevivido un cruento suplicio por parte de Julio C\u00e9sar Hern\u00e1ndez, polic\u00eda judicial del Estado de M\u00e9xico.<\/p>\n\n\n\n<p class=\"wp-block-paragraph\">Cuando su familia llegan a la casa de Mariana la encontraron en la cama, su cara violentada, el marido dijo que se hab\u00eda ahorcado, y que la hab\u00eda bajado de donde se hab\u00eda colgado. No le creyeron. La autoridad que lleg\u00f3 por el cad\u00e1ver no tom\u00f3 previsi\u00f3n de la protecci\u00f3n de la cadena de custodia, al dejar a Julio Cesar en la casa, manipulando todos los indicios. El peritaje se\u00f1al\u00f3 no hab\u00edan encontrado indicios de violencia.<\/p>\n\n\n\n<p class=\"wp-block-paragraph\">Comienza un horrendo viacrucis para la familia, la primera bronca fue evitar que Julio Cesar la incinerara. Sobrevivieron a amenazas pero no cejaron de insistir: Mariana no se hab\u00eda suicidado. O\u00edr a su madre relatar toda esta historia de ignominia y de terror, padeciendo la corrupci\u00f3n de las autoridades y la protecci\u00f3n a este judicial que se mov\u00eda con influencias para tergiversar los hechos.<\/p>\n\n\n\n<p class=\"wp-block-paragraph\">El caso tuvo que llegar hasta la Suprema Corte de Justicia de la Naci\u00f3n en 2015, cinco a\u00f1os despu\u00e9s del crimen, para lograr lo que parec\u00eda imposible: ordenar a las autoridades ministeriales del Estado de M\u00e9xico reabrir nuevamente la investigaci\u00f3n sobre la muerte de Mariana Lima Buend\u00eda. La exhumaci\u00f3n y la nueva investigaci\u00f3n forense comprobaron que la fractura de cuello no fue provocada por mec\u00e1nica de asfixiamiento y le encontraron en sus u\u00f1as evidencias de piel del marido que mostraron hubo resistencia de la chica frente a una violencia que por desgracia la llev\u00f3 a la muerte.<\/p>\n\n\n\n<p class=\"wp-block-paragraph\">Esta sentencia de la Suprema Corte es emblem\u00e1tica y una luz en la oscuridad deprimente de la injusticia, la primera como un referente para evitar los casos de feminicidio sigan gozando impunidad desde el Estado. Los amparos no dejaron de enfrentarse para retrasar lo que finalmente se logr\u00f3: fincar la responsabilidad penal al feminicida y una sentencia de 70 a\u00f1os de prisi\u00f3n.<\/p>\n\n\n\n<p class=\"wp-block-paragraph\">El dolor del asesinato de su hija y la impunidad que provoca a\u00fan mayor sufrimiento, ha motivado a Irinea Buend\u00eda a iniciar un recorrido por el pa\u00eds, con la sentencia de Mariana, para decirnos que su familia nunca se dio por vencida. Hoy se dignifica la imagen de esta chica de 29 a\u00f1os que se enamor\u00f3 de un violento pat\u00e1n controlador, como much\u00edsimas mujeres que creen podr\u00e1n formar una familia con hombres quienes ya en sus brazos, los convierten en cadenas y sobreviven una opresi\u00f3n criminal.<\/p>\n\n\n\n<p class=\"wp-block-paragraph\">El machismo cobra v\u00edctimas a 2 de cada 3 mujeres en M\u00e9xico, y se asesinan a 11 mujeres diariamente, sin embargo en la realidad son muchas m\u00e1s mujeres v\u00edctimas, las cifras se ocultan en supuestos suicidios o accidentes.<\/p>\n\n\n\n<p class=\"wp-block-paragraph\">Esta sentencia ordena la reparaci\u00f3n del da\u00f1o sufrido a la familia, su madre, padre y hermanas. Dar a conocer este caso por su madre desde la Caravana Por la Justicia y la justicia para Mariana Lima Buend\u00eda y la sentencia contra este feminicida, tiene como objetivo promover las caracter\u00edsticas procedimentales de c\u00f3mo se debe investigar y juzgar con perspectiva de g\u00e9nero todas las muertes violentas de mujeres. Mi reconocimiento y admiraci\u00f3n a esta defensora de los derechos humanos de las mujeres: do\u00f1a Irinea Buend\u00eda, quien acaba de estar en Aguascalientes.<\/p>\n\n\n\n<p class=\"wp-block-paragraph\">Texto publicado originalmente en El Sol de M\u00e9xico y autorizada su reproducci\u00f3n por la autora.<\/p>\n","protected":false},"excerpt":{"rendered":"<p>Un 29 de junio, hace 13 a\u00f1os, do\u00f1a Irinea Buend\u00eda recibi\u00f3 una llamada del marido de su hija, quien le dijo que Mariana se hab\u00eda suicidado. <\/p>\n","protected":false},"author":3,"featured_media":54829,"comment_status":"open","ping_status":"open","sticky":false,"template":"","format":"standard","meta":{"_monsterinsights_skip_tracking":false,"footnotes":""},"categories":[82,110,35],"tags":[],"class_list":["post-65358","post","type-post","status-publish","format-standard","has-post-thumbnail","category-la-opinion","category-la-opinion-columnas","category-opinion"],"_links":{"self":[{"href":"https:\/\/redsemlac.com\/semmexico\/wp-json\/wp\/v2\/posts\/65358","targetHints":{"allow":["GET"]}}],"collection":[{"href":"https:\/\/redsemlac.com\/semmexico\/wp-json\/wp\/v2\/posts"}],"about":[{"href":"https:\/\/redsemlac.com\/semmexico\/wp-json\/wp\/v2\/types\/post"}],"author":[{"embeddable":true,"href":"https:\/\/redsemlac.com\/semmexico\/wp-json\/wp\/v2\/users\/3"}],"replies":[{"embeddable":true,"href":"https:\/\/redsemlac.com\/semmexico\/wp-json\/wp\/v2\/comments?post=65358"}],"version-history":[{"count":0,"href":"https:\/\/redsemlac.com\/semmexico\/wp-json\/wp\/v2\/posts\/65358\/revisions"}],"wp:featuredmedia":[{"embeddable":true,"href":"https:\/\/redsemlac.com\/semmexico\/wp-json\/wp\/v2\/media\/54829"}],"wp:attachment":[{"href":"https:\/\/redsemlac.com\/semmexico\/wp-json\/wp\/v2\/media?parent=65358"}],"wp:term":[{"taxonomy":"category","embeddable":true,"href":"https:\/\/redsemlac.com\/semmexico\/wp-json\/wp\/v2\/categories?post=65358"},{"taxonomy":"post_tag","embeddable":true,"href":"https:\/\/redsemlac.com\/semmexico\/wp-json\/wp\/v2\/tags?post=65358"}],"curies":[{"name":"wp","href":"https:\/\/api.w.org\/{rel}","templated":true}]}}