{"id":65213,"date":"2023-04-02T14:58:55","date_gmt":"2023-04-02T19:58:55","guid":{"rendered":"https:\/\/redsemlac.com\/semmexico\/?p=65213"},"modified":"2023-04-02T14:59:43","modified_gmt":"2023-04-02T19:59:43","slug":"alfa-omega-actriz-cantante-amorosa-y-politica-dona-silvia","status":"publish","type":"post","link":"https:\/\/redsemlac.com\/semmexico\/alfa-omega-actriz-cantante-amorosa-y-politica-dona-silvia\/","title":{"rendered":"Alfa Omega| <strong>Actriz, Cantante, Amorosa y Pol\u00edtica, Do\u00f1a Silvia<\/strong>"},"content":{"rendered":"\n<p class=\"wp-block-paragraph\"><strong><em>Le Llaman La \u00daltima Diva de Nuestro Cine<\/em><\/strong><\/p>\n\n\n\n<p class=\"wp-block-paragraph\"><strong><em>Cine, Teatro, Televisi\u00f3n, Solo en M\u00e9xico<\/em><\/strong><\/p>\n\n\n\n<p class=\"wp-block-paragraph\"><strong><em>Cuatro Matrimonios y Algunos Novios<\/em><\/strong><\/p>\n\n\n\n<p class=\"wp-block-paragraph\"><strong><em>Mam\u00e1, Abuela y Bisabuelita, de Gran Coraz\u00f3n<\/em><\/strong><\/p>\n\n\n\n<p class=\"wp-block-paragraph\"><strong>JORGE HERRERA VALENZUELA<\/strong><\/p>\n\n\n\n<p class=\"wp-block-paragraph\"><strong>Los cat\u00f3licos y las cat\u00f3licas oremos por la salud del Papa Francisco<\/strong><\/p>\n\n\n\n<p class=\"wp-block-paragraph\">SemM\u00e9xico, Ciudad de M\u00e9xico, 2 de abril, 2023.- Una vez m\u00e1s, busqu\u00e9 un tema para que nos desestresemos de la convulsionada etapa sexenal que estamos viviendo.<\/p>\n\n\n\n<p class=\"wp-block-paragraph\">Incursionar en la vida de personajes conocidos y comentar sobre algunos aspectos, sin interferir en la privacidad y s\u00ed en torno a lo que es del dominio p\u00fablico, como es el caso de la estrella del espect\u00e1culo, la admirada, polifac\u00e9tica y pol\u00e9mica <strong>Silvia Pinal.<\/strong><\/p>\n\n\n\n<p class=\"wp-block-paragraph\">Originaria del puerto de Guaymas, Sonora, Silvia es paisana de otra luminaria, <strong>Mar\u00eda F\u00e9lix, <\/strong>nacida en \u00c1lamosy de tres presidentes originarios del mencionado puerto: Plutarco El\u00edas Calles, Adolfo de la Huerta y Abelardo L. Rodr\u00edguez. Sonorenses tambi\u00e9n Mario Almada, Rafael Amaya (<strong>El Se\u00f1or de los Cielos<\/strong>, en la serie de Netflix), la joven compositora y cantante Yuridia y el insoportable \u201cjuez\u201d Jes\u00fas Ochoa. Adem\u00e1s, mi colega <strong>Soledad Durazo Barcel\u00f3<\/strong>, productora y conductora del mejor noticiero desde Hermosillo, de lunes a viernes a las 13:00 (hora local), <strong>TVD Primera Plana<\/strong>.<\/p>\n\n\n\n<p class=\"wp-block-paragraph\">Son muchos los atributos de esta mujer. Triunf\u00f3 en los sets cinematogr\u00e1ficos. Nos deleit\u00f3 al verla actuar, cantar y bailar en obras musicales, con teatros abarrotados. Emocionados, frente a la pantalla televisiva con sus melodramas de \u201cMujer\u2026casos de la Vida Real\u201d. Suficiente para aceptar que la llamemos <strong>La \u00daltima Diva del Cine Mexicano<\/strong>. Incursion\u00f3 en la pol\u00edtica dej\u00f3 huella positiva. Fue dirigente sindical de los actores y de los int\u00e9rpretes.&nbsp;<\/p>\n\n\n\n<p class=\"wp-block-paragraph\"><strong>ESPOSA A LOS 16 A\u00d1OS<\/strong><\/p>\n\n\n\n<p class=\"wp-block-paragraph\">Cu\u00e1ntas similitudes se dan en una familia. Hay historias que encierran dramas unas, mientras otros gratos recuerdos.<\/p>\n\n\n\n<p class=\"wp-block-paragraph\"><strong>Mar\u00eda Luisa Hidalgo <\/strong>era una jovencita, quincea\u00f1era, que recibi\u00f3 a la cig\u00fce\u00f1a el 12 de septiembre de 1931. Una hermosa bebita, cuyo padre biol\u00f3gico (Mois\u00e9s Pasquel) no la reconoci\u00f3 como tal y a la que bautizaron con el nombre de Silvia, que a sus 16 a\u00f1os cumplidos ya era esposa del actor cubano <strong>Rafael Banquells Garafulla<\/strong>, catorce a\u00f1os mayor que ella.<\/p>\n\n\n\n<p class=\"wp-block-paragraph\">De ese primer matrimonio que dur\u00f3 cinco a\u00f1os, en octubre de 1950 lleg\u00f3 al Distrito Federal, a la entonces supertranquila y segura Capital Mexicana, una ni\u00f1a hoy conocida como la actriz <strong>Sylvia Pasquel<\/strong>. La primera hija de ambos. Rafael ya hab\u00eda sido esposo de la a\u00f1orada <strong>Blanca de Castej\u00f3n<\/strong> (la que \u201csaludaba\u201d a los pececitos en Escuela de Vagabundos) y despu\u00e9s contrajo nupcias con <strong>Dina de Marco.<\/strong><\/p>\n\n\n\n<p class=\"wp-block-paragraph\">M\u00e1s adelante comentar\u00e9 acerca de los 31 a\u00f1os de vida matrimonial de Silvia Pinal, quien habr\u00eda de llegar a la Ciudad de M\u00e9xico y su madre emprender\u00eda diversos trabajos para sostener el hogar. Durante su estancia en la radiodifusora XEW, la jovencita Mar\u00eda Luisa conoci\u00f3 al director de orquesta Mois\u00e9s Pasquel, quien la dej\u00f3 embarazada y se neg\u00f3 apoyar para la manutenci\u00f3n de la peque\u00f1a.<\/p>\n\n\n\n<p class=\"wp-block-paragraph\"><strong>SU APELLIDO PINAL<\/strong><\/p>\n\n\n\n<p class=\"wp-block-paragraph\">La joven madre busc\u00f3 otro empleo. Ella solvent\u00f3 todos los gastos y trabaj\u00f3 en una marisquer\u00eda, donde conoci\u00f3 a un militar, periodista y pol\u00edtico, que le doblaba la edad a Mar\u00eda Luisa de 20 a\u00f1os, de nombre <strong>Luis G. Pinal Blanco, <\/strong>llamado \u201cEl Caballero Pinal\u201d. Hubo romance. Contrajeron nupcias. Luis reconoci\u00f3 como su hija a Silvia y ella no s\u00f3lo lo llam\u00f3 pap\u00e1, sino que adopt\u00f3 el apellido que dio origen a \u201cLa Dinast\u00eda Pinal\u201d.<\/p>\n\n\n\n<p class=\"wp-block-paragraph\">Una vez la ni\u00f1a, de cinco a\u00f1os, vio a Mois\u00e9s y le llam\u00f3 \u201cpap\u00e1\u201d y furioso le contest\u00f3 \u201cno me llames as\u00ed\u201d. A los 11 a\u00f1os \u00e9l encontr\u00f3 a Silvia y le saludo dici\u00e9ndole \u201chija\u201d. La respuesta fue un contundente: \u201cno me llames hija, me averg\u00fcenza\u201d.<\/p>\n\n\n\n<p class=\"wp-block-paragraph\">Las inquietudes art\u00edsticas le hac\u00edan cosquillas a la jovencita Pinal, pero antes de darse el gusto de la actuaci\u00f3n, estudi\u00f3 mecanograf\u00eda y trabaj\u00f3 en la empresa Kodak de M\u00e9xico y fue secretaria en los laboratorios Carlos Stein. Al mismo tiempo su pap\u00e1 le apoy\u00f3 para que estudiara \u00f3pera con el maestro Reyes Retana e intervino en varias representaciones.<\/p>\n\n\n\n<p class=\"wp-block-paragraph\"><strong>PRIMER REINADO DE BELLEZA Y\u2026<\/strong><\/p>\n\n\n\n<p class=\"wp-block-paragraph\">El maestro Reyes Retana vio que su alumna ten\u00eda dotes y vocaci\u00f3n para la vida art\u00edstica, por lo que sugiri\u00f3 tomar clases de arte dram\u00e1tico en Bellas Artes.<\/p>\n\n\n\n<p class=\"wp-block-paragraph\">Atractiva, de rostro bello y cuerpo escultural, la joven Silvia no subestim\u00f3 el consejo, pero sigui\u00f3 de secretaria. Era necesario aportar su sueldo a la casa. De pronto fue invitada a participar en un concurso de belleza y gan\u00f3 el t\u00edtulo de <strong>Princesa Estudiantil de M\u00e9xico<\/strong>. En su coronaci\u00f3n conoce a los actores <strong>Rub\u00e9n Rojo y Manolo F\u00e1bregas<\/strong>, iniciando una amistad que dur\u00f3 hasta la muerte de ellos.<\/p>\n\n\n\n<p class=\"wp-block-paragraph\">La joven sonorense se inscribi\u00f3, en la Academia de Arte Dram\u00e1tico, Bellas Artes, y sus maestros: el poeta <strong>Carlos Pellicer<\/strong>, el siempre pol\u00e9mico <strong>Salvador Novo<\/strong> y el dramaturgo <strong>Xavier Villaurrutia<\/strong>. Es ah\u00ed donde conoce a Rafael Banquells, quien la dirige en una obra que se present\u00f3 en el legendario Teatro Ideal de las hermanas Isabelita y Anita Blanch. S<\/p>\n\n\n\n<p class=\"wp-block-paragraph\">Silvia se supera y comparte cr\u00e9ditos al actuar con <strong>Emperatriz Carbajal y Emilia Gui\u00fa. <\/strong>Por esos mismos inicios, tom\u00f3 parte en la radionovela (en la XEQ) titulada \u201cDos Pesos Dejada\u201d con <strong>Luis Manuel Pelayo y Carlota Solares<\/strong>, conocida como \u201cLa Marquesa\u201d.<\/p>\n\n\n\n<p class=\"wp-block-paragraph\">El debut en los sets cinematogr\u00e1ficos de la atractiva chica de Guaymas, en 1949 en la pel\u00edcula \u201cEl Pecado de Laura\u201d producida y actuada por <strong>Abel Salazar <\/strong>y dirigida por <strong>Juli\u00e1n Soler<\/strong>; uno de los autores del guion es Xavier Villaurrutia. Silvia y Banquels hacen el papel de novios, ambos, en la vida real, ya eran esposos.<\/p>\n\n\n\n<p class=\"wp-block-paragraph\">Despunt\u00f3 muy bien. Si mal no recuerdo en esa cinta Silvia bail\u00f3 por primera vez en el cine. Al lado de <strong>Cantinflas<\/strong> represent\u00f3 a una paral\u00edtica en \u201cPuerta Joven\u201d que despu\u00e9s cambi\u00f3 a \u201cEl Portero\u201d. En la relaci\u00f3n de sus filmes no puedo olvidar El Inocente, con <strong>Pedro Infante. <\/strong>Consagrada tambi\u00e9n bajo la direcci\u00f3n de <strong>Luis Bu\u00f1uel<\/strong> en El \u00c1ngel Exterminador y Viridiana.<\/p>\n\n\n\n<p class=\"wp-block-paragraph\"><strong>SUS ESPOSOS Y SUS NOVIOS<\/strong><\/p>\n\n\n\n<p class=\"wp-block-paragraph\">Do\u00f1a Silvia Pinal Hidalgo a los 16 a\u00f1os contrajo su primer matrimonio y el cuarto fue en 1982, acababa de cruzar la l\u00ednea de los cincuenta septiembres. Escuch\u00e9 que <strong>Tulio Hern\u00e1ndez G\u00f3mez <\/strong>fue todo un caballero durante los 13 a\u00f1os que estuvieron casados. Tulio era gobernador de Tlaxcala y Silvia, Primera Dama. Con el empresario jalisciense <strong>Gustavo Alatriste Rodr\u00edguez<\/strong>, 6 a\u00f1os; siete con <strong>Enrique Alejandro Guzm\u00e1n Vargas<\/strong>.<\/p>\n\n\n\n<p class=\"wp-block-paragraph\">Su corazoncito tambi\u00e9n lati\u00f3 fuerte. Hubo romances, noviazgos. El que sostuvo con <strong>Emilio \u201cEl Tigre\u201d Azc\u00e1rraga Milmo<\/strong>, el m\u00e1s comentado.Poco se supo de su noviazgo con <strong>Arturo de C\u00f3rdova<\/strong>, en 1955. En su autobiograf\u00eda, Silvia incluy\u00f3 su relaci\u00f3n con el empresario <strong>Enrique \u201cEl G\u00fcero\u201d Rodr\u00edguez Alday<\/strong>. Aceitar ser novia de <strong>Fernando Frade<\/strong> le cost\u00f3 diez a\u00f1os de distanciamiento con su primog\u00e9nita, porque fue novia y despu\u00e9s esposa de Fernando.<\/p>\n\n\n\n<p class=\"wp-block-paragraph\"><strong>SUS HIJOS, NIETOS Y BISNIETAS<\/strong><\/p>\n\n\n\n<p class=\"wp-block-paragraph\">Producto de tres matrimonios, Silvia tuvo tres hijas y un hijo. Con Tulio no hubo familia.<\/p>\n\n\n\n<p class=\"wp-block-paragraph\">Como ya est\u00e1 referido, Silvia Elizabeth Banquells Pinal es la mayor. Lleg\u00f3 a este mundo en octubre de 1950.&nbsp; Para no sentirse influenciada o comprometida con sus padres, decidi\u00f3 art\u00edsticamente ser <strong>Sylvia Pasquel<\/strong>.<\/p>\n\n\n\n<p class=\"wp-block-paragraph\">Su muy llorada hija <strong>Viridiana Alatriste Pinal, <\/strong>perdi\u00f3 la vida a los 19 esplendorosos a\u00f1os, debido a un accidente automovil\u00edstico.<\/p>\n\n\n\n<p class=\"wp-block-paragraph\">Con Enrique Guzm\u00e1n procrearon a Gabriela Alejandra y a <strong>Luis Enrique<\/strong>, ambos mayores de 50 a\u00f1os. Alejandra est\u00e1 dedicada a la vida art\u00edstica como cantante. Ha sido turbulento y escandaloso su recorrido en este mundo. Dentro y fuera del seno familiar caus\u00f3 muchos desasosiegos. Similitud en las acciones de Luis Enrique, quien inclusive est\u00e1 denunciado penalmente.<\/p>\n\n\n\n<p class=\"wp-block-paragraph\">S\u00e9 que do\u00f1a Silvia, ahora en su etapa de los noventa a\u00f1os, es superfeliz con las nietas Stephanie Salas, Frida Sof\u00eda, Viridiana, Giordana y Shersa. Hay un nieto, Apolo, hijo de Luis Enrique y M\u00e1yela Laguna.<\/p>\n\n\n\n<p class=\"wp-block-paragraph\">Michelle Salas y Camila Valero, son las bisnietas.<\/p>\n\n\n\n<p class=\"wp-block-paragraph\"><strong>SU VIDA EN LA POL\u00cdTICA<\/strong><\/p>\n\n\n\n<p class=\"wp-block-paragraph\">Despu\u00e9s de ser la Primera Dama de Tlaxcala, el gusanito de la pol\u00edtica le hizo cosquillas y entr\u00f3 a las tareas legislativas. Ha precisado do\u00f1a Silvia que no hubo influencia alguna de su esposo Tulio Hern\u00e1ndez, de brillante carrera PRIista y hoy retirado de toda actividad.<\/p>\n\n\n\n<p class=\"wp-block-paragraph\">Silvia comenz\u00f3 como representante en la Asamblea del Distrito Federal, actual Congreso de la Ciudad de M\u00e9xico. En 191 fue diputada federal, por un distrito capitalino. Posteriormente lleg\u00f3 al Senado de la Rep\u00fablica. Su bandera siempre ha sido la del tricolor, hoy devaluado PRI.<\/p>\n\n\n\n<p class=\"wp-block-paragraph\">Durante siete a\u00f1os, a partir de 1988, fue dirigente de la Asociaci\u00f3n Nacional de Int\u00e9rpretes y en los inicios del presente siglo la eligieron secretaria general de la Asociaci\u00f3n Nacional de Actores. En uno de esos cargos tuvo problemas y el hoy tristemente c\u00e9lebre Fiscal General de la Rep\u00fablica, Alejandro Gertz Manero, le hizo la vida imposible, pretendi\u00f3 meterla a la c\u00e1rcel. Silvia se autoexili\u00f3 y el caso concluy\u00f3.<\/p>\n\n\n\n<p class=\"wp-block-paragraph\"><strong>Con motivo de la Semana Santa o Semana Mayor, disfrutemos un descanso y, Primero Dios, estar\u00e9 de retorno el mi\u00e9rcoles 12 de abril.<\/strong><\/p>\n\n\n\n<p class=\"wp-block-paragraph\"><strong>jherrerav@live.com.mx<\/strong><\/p>\n","protected":false},"excerpt":{"rendered":"<p>Una vez m\u00e1s, busqu\u00e9 un tema para que nos desestresemos de la convulsionada etapa sexenal que estamos viviendo.<\/p>\n","protected":false},"author":3,"featured_media":38023,"comment_status":"open","ping_status":"open","sticky":false,"template":"","format":"standard","meta":{"_monsterinsights_skip_tracking":false,"footnotes":""},"categories":[94,35],"tags":[],"class_list":["post-65213","post","type-post","status-publish","format-standard","has-post-thumbnail","category-jorge-herrera-valenzuela","category-opinion"],"_links":{"self":[{"href":"https:\/\/redsemlac.com\/semmexico\/wp-json\/wp\/v2\/posts\/65213","targetHints":{"allow":["GET"]}}],"collection":[{"href":"https:\/\/redsemlac.com\/semmexico\/wp-json\/wp\/v2\/posts"}],"about":[{"href":"https:\/\/redsemlac.com\/semmexico\/wp-json\/wp\/v2\/types\/post"}],"author":[{"embeddable":true,"href":"https:\/\/redsemlac.com\/semmexico\/wp-json\/wp\/v2\/users\/3"}],"replies":[{"embeddable":true,"href":"https:\/\/redsemlac.com\/semmexico\/wp-json\/wp\/v2\/comments?post=65213"}],"version-history":[{"count":0,"href":"https:\/\/redsemlac.com\/semmexico\/wp-json\/wp\/v2\/posts\/65213\/revisions"}],"wp:featuredmedia":[{"embeddable":true,"href":"https:\/\/redsemlac.com\/semmexico\/wp-json\/wp\/v2\/media\/38023"}],"wp:attachment":[{"href":"https:\/\/redsemlac.com\/semmexico\/wp-json\/wp\/v2\/media?parent=65213"}],"wp:term":[{"taxonomy":"category","embeddable":true,"href":"https:\/\/redsemlac.com\/semmexico\/wp-json\/wp\/v2\/categories?post=65213"},{"taxonomy":"post_tag","embeddable":true,"href":"https:\/\/redsemlac.com\/semmexico\/wp-json\/wp\/v2\/tags?post=65213"}],"curies":[{"name":"wp","href":"https:\/\/api.w.org\/{rel}","templated":true}]}}