{"id":6514,"date":"2018-08-17T04:52:14","date_gmt":"2018-08-17T04:52:14","guid":{"rendered":"https:\/\/redsemlac.com\/semmexico\/?p=6514"},"modified":"2023-07-21T14:32:45","modified_gmt":"2023-07-21T19:32:45","slug":"mujer-y-poder-24","status":"publish","type":"post","link":"https:\/\/redsemlac.com\/semmexico\/mujer-y-poder-24\/","title":{"rendered":"Mujer y Poder"},"content":{"rendered":"\n<p class=\"wp-block-paragraph\">Nuevos br\u00edos en el PAN<\/p>\n\n\n\n<h5 class=\"wp-block-heading\"> \u2022 Se cierra y se abre al mismo tiempo una nueva etapa<\/h5>\n\n\n\n<p class=\"wp-block-paragraph\"><a href=\"https:\/\/semmexico.com\/gallery-post.php?id=5594#\">Natalia Vidales<\/a><\/p>\n\n\n\n<p class=\"wp-block-paragraph\">SemM\u00e9xico, 17 agosto 2018.- Con la asamblea nacional del PAN del s\u00e1bado anterior, en que se dieron a conocer los pasos que se han dado tras los magros \u2013e inesperados- resultados electorales del 1 de julio, se cierra y se abre al mismo tiempo una nueva etapa.<\/p>\n\n\n\n<p class=\"wp-block-paragraph\">Por una parte, &nbsp;se termina con el estupor que provoc\u00f3 al interior del partido y en buena parte de sus simpatizantes -y que siguen siendo millones a los que hay que atender- por la p\u00e9rdida de la batalla; se procede al recuento de los da\u00f1os; al tiempo de an\u00e1lisis y reflexi\u00f3n sobre sus casusas y consecuencias; a la autocr\u00edtica y al papel de continuar en el enorme quehacer de opositor al nuevo r\u00e9gimen. Pero se abre, adem\u00e1s, un camino nuevo y oportuno para la renovaci\u00f3n de sus cuadros dirigentes nacionales y locales con la conformaci\u00f3n, en la propia asamblea del Consejo Nacional, del Comit\u00e9 que habr\u00e1 de organizar esas elecciones internas.<\/p>\n\n\n\n<p class=\"wp-block-paragraph\">Las elecciones que se avecinan, como ya es tradicional en el PAN, se realizar\u00e1n &nbsp;de-mo-cr\u00e1-ti-ca-men-te. A diferencia, hay que remarcarlo, de lo que ocurre en el PRI y sobre todo en MORENA, en que todav\u00eda no termina de distinguirse la diferencia entre un movimiento liderado por una sola persona y un partido pol\u00edtico propiamente dicho, para entenderse -con todos los inconvenientes que eso nos ha tra\u00eddo a lo largo de la historia- que ese l\u00edder, AMLO, ser\u00e1 al mismo tiempo, el&nbsp; presidente de la Rep\u00fablica\u2026 y el jefe del partido en el poder.<\/p>\n\n\n\n<p class=\"wp-block-paragraph\">Afortunadamente la f\u00f3rmula de representaci\u00f3n pol\u00edtica de todas las fuerzas del pa\u00eds \u2013y que se miden en funci\u00f3n del porcentaje de los votos obtenidos y no de los resultados electorales particulares- acotar\u00e1 un tanto aquel inmenso e intenso dominio que, por la v\u00edspera, se prev\u00e9. Con todo y el tsunami a favor de MORENA, &nbsp;las voces de la oposici\u00f3n ser\u00e1n escuchadas en el&nbsp;<em>Congreso<\/em>&nbsp;<em>de la Uni\u00f3n<\/em>&nbsp;&nbsp;-as\u00ed como desde los Estados de la Rep\u00fablica en que gobierna- y sus votos y vetos &nbsp;evitar\u00e1n el&nbsp; acariciado \u2013y muy peligroso- poder absoluto. Y para eso el PAN deber\u00e1 estar lo m\u00e1s y mejor preparado posible, seg\u00fan qued\u00f3 en claro en la asamblea referida.<\/p>\n\n\n\n<p class=\"wp-block-paragraph\">Ciertamente que AMLO gan\u00f3 con el incre\u00edble 53 % de los votos emitidos\u2026 pero NO con el cien por ciento. De tal manera que el 47 % restante merece, y la ley se la otorga, una&nbsp; importante presencia y contrapeso en el nuevo r\u00e9gimen. Y esa es la tarea&nbsp; para la cual el PAN se prepara con el respaldo del porcentaje que de aquella cifra le corresponde y que lo ubica como la primera fuerza opositora nacional.<\/p>\n\n\n\n<p class=\"wp-block-paragraph\">La historia del PAN contiene, durante d\u00e9cadas aciagas del siglo&nbsp; pasado, la tarea de enarbolar la bandera c\u00edvica de la resistencia en contra de la hegemon\u00eda y del abuso del poder, en la \u00e9poca del priiato, as\u00ed es que nadie le va a ense\u00f1ar ahora &nbsp;su responsabilidad en ese quehacer. Porque ya hemos visto que aun en la democracia existen y se manifiestan aquellas tentaciones a las que hay que estar velando.<\/p>\n\n\n\n<p class=\"wp-block-paragraph\">Y algo que hay que destacar es la participaci\u00f3n de una panista con una brillante trayectoria en el partido, Cecilia Romero Castillo quien ser\u00e1 presidenta de la&nbsp;<em>Comisi\u00f3n de Organizaci\u00f3n Electoral<\/em>&nbsp;del proceso de renovaci\u00f3n de los cuadros internos del PAN y quien ya se\u00f1al\u00f3 que ser\u00e1 &nbsp;\u201cadecuado, transparente, imparcial y democr\u00e1tico\u201d, recalcando que\u2026\u201cno cabe duda que el presidente del partido tendr\u00e1 que ser un panista a carta cabal, que busque la unidad y el di\u00e1logo, que procure el debate, y tambi\u00e9n la conciliaci\u00f3n; que est\u00e9 dispuesto a hacer equipo con todos y que tenga muy claras dos cosas: una que M\u00e9xico necesita al PAN en la oposici\u00f3n; y dos, que la situaci\u00f3n actual del partido es una llamada de atenci\u00f3n muy fuerte para redirigir el camino\u201d.&nbsp;<\/p>\n\n\n\n<p class=\"wp-block-paragraph\">Que as\u00ed sea. Por el bien de M\u00e9xico.<\/p>\n\n\n\n<p class=\"wp-block-paragraph\">SEM\/nv<\/p>\n","protected":false},"excerpt":{"rendered":"<p>Nuevos br\u00edos en el PAN \u2022 Se cierra y se abre al mismo tiempo una nueva etapa Natalia Vidales SemM\u00e9xico, 17 agosto 2018.- Con la asamblea nacional del PAN del s\u00e1bado anterior, en que se dieron a conocer los pasos que se han dado tras los magros \u2013e inesperados- resultados electorales del 1 de julio, [&hellip;]<\/p>\n","protected":false},"author":3,"featured_media":6515,"comment_status":"open","ping_status":"open","sticky":false,"template":"","format":"standard","meta":{"_monsterinsights_skip_tracking":false,"footnotes":""},"categories":[689,72,1],"tags":[],"class_list":["post-6514","post","type-post","status-publish","format-standard","has-post-thumbnail","category-689","category-natalia-vidales","category-uncategorized"],"_links":{"self":[{"href":"https:\/\/redsemlac.com\/semmexico\/wp-json\/wp\/v2\/posts\/6514","targetHints":{"allow":["GET"]}}],"collection":[{"href":"https:\/\/redsemlac.com\/semmexico\/wp-json\/wp\/v2\/posts"}],"about":[{"href":"https:\/\/redsemlac.com\/semmexico\/wp-json\/wp\/v2\/types\/post"}],"author":[{"embeddable":true,"href":"https:\/\/redsemlac.com\/semmexico\/wp-json\/wp\/v2\/users\/3"}],"replies":[{"embeddable":true,"href":"https:\/\/redsemlac.com\/semmexico\/wp-json\/wp\/v2\/comments?post=6514"}],"version-history":[{"count":0,"href":"https:\/\/redsemlac.com\/semmexico\/wp-json\/wp\/v2\/posts\/6514\/revisions"}],"wp:featuredmedia":[{"embeddable":true,"href":"https:\/\/redsemlac.com\/semmexico\/wp-json\/wp\/v2\/media\/6515"}],"wp:attachment":[{"href":"https:\/\/redsemlac.com\/semmexico\/wp-json\/wp\/v2\/media?parent=6514"}],"wp:term":[{"taxonomy":"category","embeddable":true,"href":"https:\/\/redsemlac.com\/semmexico\/wp-json\/wp\/v2\/categories?post=6514"},{"taxonomy":"post_tag","embeddable":true,"href":"https:\/\/redsemlac.com\/semmexico\/wp-json\/wp\/v2\/tags?post=6514"}],"curies":[{"name":"wp","href":"https:\/\/api.w.org\/{rel}","templated":true}]}}