{"id":64995,"date":"2023-03-27T18:01:46","date_gmt":"2023-03-28T00:01:46","guid":{"rendered":"https:\/\/redsemlac.com\/semmexico\/?p=64995"},"modified":"2023-03-27T18:01:46","modified_gmt":"2023-03-28T00:01:46","slug":"opinion-colosio","status":"publish","type":"post","link":"https:\/\/redsemlac.com\/semmexico\/opinion-colosio\/","title":{"rendered":"Opini\u00f3n| Colosio"},"content":{"rendered":"\n<p class=\"wp-block-paragraph\"><strong>Florencio Salazar<\/strong><\/p>\n\n\n\n<p class=\"has-text-align-right wp-block-paragraph\"><strong><em>Sabemos que el origen de muchos de nuestros males es la concentraci\u00f3n excesiva del poder.<\/em><\/strong><\/p>\n\n\n\n<p class=\"has-text-align-right wp-block-paragraph\"><em><strong>Luis Donaldo Colosio.<\/strong><\/em><\/p>\n\n\n\n<p class=\"wp-block-paragraph\">SemM\u00e9xico, Chilpancingo, Guerrero, 27 de marzo del 2023.- En la sucesi\u00f3n presidencial de Carlos Salinas de Gortari destacaban Luis Donaldo Colosio y Manuel Camacho. Se advert\u00eda en el presidente Salinas preferencia por Luis Donaldo, a quien llev\u00f3 del Senado de la Rep\u00fablica a la presidencia del Comit\u00e9 Ejecutivo Nacional del PRI y luego a la Secretar\u00eda de Desarrollo Social, dependencia en la cual se hab\u00eda instaurado el estrat\u00e9gico Programa Nacional de Solidaridad.<\/p>\n\n\n\n<p class=\"wp-block-paragraph\">Carlos Salinas surgi\u00f3 de la pasarela de seis aspirantes, entre los cuales el puntero parec\u00eda ser Alfredo del Mazo, cercano al afecto del presidente Miguel de la Madrid. La pasarela originalmente era de siete. Recib\u00ed una llamada de la oficina del Dr. Guillermo Sober\u00f3n, secretario de Salud, para que fuera me chingaron y me sacaron de la jugada\u201d. Guillermo \u2013primo en segundo grado\u2013 hablaba as\u00ed, le sal\u00edan las groser\u00edas de manera natural y hasta con gracia. Pero esa vez estaba molesto. No hubiera sido un aspirante de relleno.<\/p>\n\n\n\n<p class=\"wp-block-paragraph\">Un grupo de egresados universitarios formaron la asociaci\u00f3n Profesionistas por M\u00e9xico: Salinas, presidente; Camacho, secretario general; y Ruiz Massieu, oficial mayor. Al parecer pactaron que el primero en llegar a la Presidencia de la Rep\u00fablica promover\u00eda la sucesi\u00f3n de los otros dos. Ninguno, pues, de los miembros del gabinete ten\u00eda esa relaci\u00f3n franca, cercana, como Camacho con Salinas. De manera natural, Ruiz Massieu estaba alineado con el entonces Regente de la Ciudad de M\u00e9xico.<\/p>\n\n\n\n<p class=\"wp-block-paragraph\">Termin\u00f3 mi gesti\u00f3n de alcalde y, tras unos meses como diputado local, form\u00e9 parte de la LV Legislatura federal. Ah\u00ed conoc\u00ed a Agust\u00edn Basave y a Eloy Cant\u00fa Segovia, quienes eran amigos de Luis Donaldo. En la medida que transcurr\u00edan los meses el tema de la sucesi\u00f3n empez\u00f3 a calentarse. Propuse a Basave publicar un documento que se denominara El presidente que M\u00e9xico necesita, suscrito por los diputados que simpatiz\u00e1bamos con Luis Donaldo. Basave lo coment\u00f3 con Eloy Cant\u00fa, quien hac\u00eda cabeza del colosismo en la C\u00e1mara, y \u00e9ste se comprometi\u00f3 a consultarlo. Esperar, fue la respuesta Ruiz Massieu me preguntaba, peri\u00f3dicamente, qui\u00e9n iba a ser el candidato presidencial: Colosio, contestaba yo. Despu\u00e9s de cuatro o cinco veces, le expuse con la claridad con la que habl\u00e1bamos: \u201cDe una vez te voy a decir porqu\u00e9 Manuel Camacho no va a ser presidente. \u00c9l tiene sus propias ideas y est\u00e1 enfrentado con el gabinete; va a degollar al salinismo. Si ahora, que aspira a la Presidencia, ya renunci\u00f3 dos veces a la Regencia, obligando al presidente a salir con \u00e9l a caminar en la alameda, imagina lo que pensar\u00e1 Salinas de Camacho en la Presidencia. Seg\u00fan se comenta, Colosio estar\u00eda comprometido a reformar la Constituci\u00f3n para que el presidente pudiera regresar al poder. El presidente Salinas incurrir\u00eda en un error de c\u00e1lculo porque ning\u00fan presidente querr\u00e1 pasar a la historia como un pelele\u201d. Yo advert\u00eda que, para Salinas, Colosio ser\u00eda un sucesor controlado (supuesto que debi\u00f3 desvanecerse con el discurso de Luis Donaldo del 6 de marzo de 1994). Ruiz Massieu me contest\u00f3 que era falso que Camacho estuviera enfrentado al gabinete. Lo cierto es que empez\u00f3 a enviar notas a Colosio y se acercaron pol\u00edticamente.<\/p>\n\n\n\n<p class=\"wp-block-paragraph\">Al V Informe de Gobierno del presidente Salinas los legisladores arribamos con dos horas de anticipaci\u00f3n a la C\u00e1mara de Diputados. El gabinete ten\u00eda reservada la primera fila de los asientos. Colosio conversaba con Pedro Aspe, secretario de Hacienda, ambos de pie al inicio del bloque donde estaba la diputaci\u00f3n guerrerense. Me levant\u00e9 de mi curul e interrump\u00ed el di\u00e1logo: \u201cLicenciado Colosio soy Florencio Salazar Adame, diputado por el primer distrito de Guerrero. Vengo a ponerme a sus \u00f3rdenes en lo que pueda servir\u201d. Me dio las gracias. Me desped\u00ed de Pedro Aspe \u2013otro presidenciable\u2013 inclinando la cabeza.<\/p>\n\n\n\n<p class=\"wp-block-paragraph\">Pasado un tiempo, me llam\u00f3 Fernando Ortiz Arana, quien hab\u00eda dejado la coordinaci\u00f3n de la C\u00e1mara de Diputados y ocupaba la presidencia del PRI. Me pidi\u00f3 que lo viera al siguiente d\u00eda en el Comit\u00e9 Ejecutivo Nacional. Me recibi\u00f3 con puntualidad: \u201cTe solicito aceptes ser delegado general del PRI en el Estado de M\u00e9xico. Debo decirte que no eres la persona en quien yo hab\u00eda pensado. Pero era necesario consultar a nuestro candidato y Luis Donaldo me dijo: que vaya el diputado Salazar de Guerrero\u201d. Estaba en Toluca, presidiendo una sesi\u00f3n del Consejo Pol\u00edtico Estatal, cuando fuimos informados del atentado en Lomas Taurinas.<\/p>\n\n\n\n<p class=\"wp-block-paragraph\">Luis Donaldo Colosio, sin duda, hubiera sido un reformador del sistema pol\u00edtico y un comprometido con el abatimiento de la desigualdad social, el mayor problema de M\u00e9xico. Ve\u00edamos en \u00e9l frescura pol\u00edtica sin aspiraciones ces\u00e1reas ni al toque de Midas. Su sacrificio, hace 29 a\u00f1os, lo testifica.<\/p>\n\n\n\n<p class=\"wp-block-paragraph\">Conservo de Colosio su tarjeta personal anotada en tinta sepia: Florencio Saludos.<\/p>\n","protected":false},"excerpt":{"rendered":"<p>En la sucesi\u00f3n presidencial de Carlos Salinas de Gortari destacaban Luis Donaldo Colosio y Manuel Camacho<\/p>\n","protected":false},"author":3,"featured_media":30273,"comment_status":"open","ping_status":"open","sticky":false,"template":"","format":"standard","meta":{"_monsterinsights_skip_tracking":false,"footnotes":""},"categories":[199,35],"tags":[],"class_list":["post-64995","post","type-post","status-publish","format-standard","has-post-thumbnail","category-florencio-salazar-adame","category-opinion"],"_links":{"self":[{"href":"https:\/\/redsemlac.com\/semmexico\/wp-json\/wp\/v2\/posts\/64995","targetHints":{"allow":["GET"]}}],"collection":[{"href":"https:\/\/redsemlac.com\/semmexico\/wp-json\/wp\/v2\/posts"}],"about":[{"href":"https:\/\/redsemlac.com\/semmexico\/wp-json\/wp\/v2\/types\/post"}],"author":[{"embeddable":true,"href":"https:\/\/redsemlac.com\/semmexico\/wp-json\/wp\/v2\/users\/3"}],"replies":[{"embeddable":true,"href":"https:\/\/redsemlac.com\/semmexico\/wp-json\/wp\/v2\/comments?post=64995"}],"version-history":[{"count":0,"href":"https:\/\/redsemlac.com\/semmexico\/wp-json\/wp\/v2\/posts\/64995\/revisions"}],"wp:featuredmedia":[{"embeddable":true,"href":"https:\/\/redsemlac.com\/semmexico\/wp-json\/wp\/v2\/media\/30273"}],"wp:attachment":[{"href":"https:\/\/redsemlac.com\/semmexico\/wp-json\/wp\/v2\/media?parent=64995"}],"wp:term":[{"taxonomy":"category","embeddable":true,"href":"https:\/\/redsemlac.com\/semmexico\/wp-json\/wp\/v2\/categories?post=64995"},{"taxonomy":"post_tag","embeddable":true,"href":"https:\/\/redsemlac.com\/semmexico\/wp-json\/wp\/v2\/tags?post=64995"}],"curies":[{"name":"wp","href":"https:\/\/api.w.org\/{rel}","templated":true}]}}