{"id":64992,"date":"2023-03-27T17:53:26","date_gmt":"2023-03-27T23:53:26","guid":{"rendered":"https:\/\/redsemlac.com\/semmexico\/?p=64992"},"modified":"2023-03-27T18:05:36","modified_gmt":"2023-03-28T00:05:36","slug":"asesinan-a-pita-corral-exregidora-de-silao-guanajuato","status":"publish","type":"post","link":"https:\/\/redsemlac.com\/semmexico\/asesinan-a-pita-corral-exregidora-de-silao-guanajuato\/","title":{"rendered":"Asesinan a Pita Corral, exregidora de Silao, Guanajuato"},"content":{"rendered":"\n<ul class=\"wp-block-list\">\n<li><strong>Se requiere tipificar el \u201cfeminicidio pol\u00edtico\u201d para frenar la violencia contra las mujeres: Garc\u00eda Ugalde.<\/strong><\/li>\n\n\n\n<li><strong>11 candidatas del PVEM y en alianza con otros partidos, asesinadas en 2018.<\/strong><\/li>\n<\/ul>\n\n\n\n<p class=\"wp-block-paragraph\"><strong>Redacci\u00f3n<\/strong><\/p>\n\n\n\n<p class=\"wp-block-paragraph\">SemM\u00e9xico, Ciudad de M\u00e9xico, 27 de marzo del 2023.- La exregidora y excandidata a la presidencia municipal de Silao, Guanajuato, en 2018, Guadalupe Espinoza Corral, fue asesinada, cuando a mediod\u00eda de este domingo desconocidos le dispararon. Poco despu\u00e9s falleci\u00f3 en el Hospital General Regional de dicho municipio, reportaron diversos medios.<\/p>\n\n\n\n<p class=\"wp-block-paragraph\">Los agresores circulaban en una motocicleta en la zona centro de Silao. Uno de ellos le dispar\u00f3 al menos en ocho ocasiones, y un tiro fue en la cabeza. Pita Corral, como la conoc\u00edan, fue candidata por el Partido Verde Ecologista de M\u00e9xico (PVEM).<\/p>\n\n\n\n<p class=\"wp-block-paragraph\">Imelda Garc\u00eda Ugalde, secretaria de las Mujeres del PVEM en el estado de Quer\u00e9taro, se\u00f1al\u00f3 a SemM\u00e9xico que nuevamente les toc\u00f3 la violencia a las mujeres de su partido, ya que en las elecciones de 2018, la \u201celecci\u00f3n madre de la paridad\u201d, cuando se hace efectiva \u201cmuy a pesar de los patriarcas\u201d, 121 candidatas y candidatos a puestos de elecci\u00f3n popular fueron asesinados. Del total, 19 fueron mujeres y de ellas, 11 pertenec\u00edan al PVEM o quienes iban en alianza con otros partidos.<\/p>\n\n\n\n<p class=\"wp-block-paragraph\">Record\u00f3 que fueron de las elecciones m\u00e1s sangrientas. Ante ello, y en el marco de las pr\u00f3ximas elecciones en los estados de M\u00e9xico y Coahuila y en las de 2024, indic\u00f3 que es importante tipificar el feminicidio pol\u00edtico, porque a las mujeres que hacen pol\u00edtica las asesinan por incidir en los espacios de los hombres.<\/p>\n\n\n\n<p class=\"wp-block-paragraph\">Coment\u00f3 que hasta el momento es un tema en el que no han tenido mucha respuesta, pero es necesario para prevenir que las mujeres sean asesinadas y que -como se ha indicado- que el costo de participar no sea la vida. Agreg\u00f3 que las activistas y feministas de su partido buscar\u00e1n que haya un posicionamiento de las secretar\u00edas de las mujeres en los estados y de la dirigencia nacional del PVEM, el \u00fanico partido con dos mujeres en la presidencia y secretar\u00eda general, Karen Castrej\u00f3n Trujillo y la diputada federal Nayeli Arl\u00e9n Fern\u00e1ndez Cruz, respectivamente.<\/p>\n\n\n\n<p class=\"wp-block-paragraph\">Garc\u00eda Ugalde apunt\u00f3 que se tienen que esperar a la investigaci\u00f3n para saber si el crimen de Pita Corral -quien hab\u00eda renunciado al PVEM en 2021- no est\u00e1 vinculado con el asesinato de su hermano, Juan Carlos, quien era agente especial de la Fiscal\u00eda General de Guanajuato, ocurrido el 15 de abril de 2022 fuera de su negocio, tambi\u00e9n en Silao. Adem\u00e1s, por las caracter\u00edsticas del atentado contra Pita Corral, parece que \u201ciban por ella\u201d.<\/p>\n\n\n\n<p class=\"wp-block-paragraph\">A\u00f1adi\u00f3 que, sin temor a equivocarse, Guanajuato es una de las entidades que genera m\u00e1s violencia contra las mujeres y de que el fiscal Carlos Zamarripa sea omiso ante ese problema. Mencion\u00f3 el caso de las j\u00f3venes desaparecidas recientemente en la ciudad de Celaya, del cual solo hay indicios de que \u201calgunas\u201d han aparecido muertas.<\/p>\n\n\n\n<p class=\"wp-block-paragraph\">En una breve esquela, el PVEM lament\u00f3 el \u201cfallecimiento\u201d de la exregidora. Deseo \u201cpronta resignaci\u00f3n\u201d y exigi\u00f3 a las autoridades que \u201cesclarezcan los hechos ocurridos\u201d. En un comunicado, el alcalde de Silao, Carlos Garc\u00eda Villase\u00f1or, adem\u00e1s de condenar el hecho, indic\u00f3 que su gobierno colaborar\u00e1 en las indagaciones correspondientes.<\/p>\n\n\n\n<p class=\"wp-block-paragraph\">SEM\/glg\/MG<\/p>\n","protected":false},"excerpt":{"rendered":"<p>Se requiere tipificar el \u201cfeminicidio pol\u00edtico\u201d para frenar la violencia contra las mujeres: Garc\u00eda Ugalde.<\/p>\n","protected":false},"author":3,"featured_media":64993,"comment_status":"open","ping_status":"open","sticky":false,"template":"","format":"standard","meta":{"_monsterinsights_skip_tracking":false,"footnotes":""},"categories":[47,48],"tags":[],"class_list":["post-64992","post","type-post","status-publish","format-standard","has-post-thumbnail","category-no-mas-impunidad","category-no-mas-impunidad-no-mas-impunidad"],"_links":{"self":[{"href":"https:\/\/redsemlac.com\/semmexico\/wp-json\/wp\/v2\/posts\/64992","targetHints":{"allow":["GET"]}}],"collection":[{"href":"https:\/\/redsemlac.com\/semmexico\/wp-json\/wp\/v2\/posts"}],"about":[{"href":"https:\/\/redsemlac.com\/semmexico\/wp-json\/wp\/v2\/types\/post"}],"author":[{"embeddable":true,"href":"https:\/\/redsemlac.com\/semmexico\/wp-json\/wp\/v2\/users\/3"}],"replies":[{"embeddable":true,"href":"https:\/\/redsemlac.com\/semmexico\/wp-json\/wp\/v2\/comments?post=64992"}],"version-history":[{"count":0,"href":"https:\/\/redsemlac.com\/semmexico\/wp-json\/wp\/v2\/posts\/64992\/revisions"}],"wp:featuredmedia":[{"embeddable":true,"href":"https:\/\/redsemlac.com\/semmexico\/wp-json\/wp\/v2\/media\/64993"}],"wp:attachment":[{"href":"https:\/\/redsemlac.com\/semmexico\/wp-json\/wp\/v2\/media?parent=64992"}],"wp:term":[{"taxonomy":"category","embeddable":true,"href":"https:\/\/redsemlac.com\/semmexico\/wp-json\/wp\/v2\/categories?post=64992"},{"taxonomy":"post_tag","embeddable":true,"href":"https:\/\/redsemlac.com\/semmexico\/wp-json\/wp\/v2\/tags?post=64992"}],"curies":[{"name":"wp","href":"https:\/\/api.w.org\/{rel}","templated":true}]}}