{"id":64976,"date":"2023-03-27T14:14:24","date_gmt":"2023-03-27T20:14:24","guid":{"rendered":"https:\/\/redsemlac.com\/semmexico\/?p=64976"},"modified":"2023-03-27T14:14:25","modified_gmt":"2023-03-27T20:14:25","slug":"cuba-gelmys-reyes-el-pilar-de-la-finca-el-roble","status":"publish","type":"post","link":"https:\/\/redsemlac.com\/semmexico\/cuba-gelmys-reyes-el-pilar-de-la-finca-el-roble\/","title":{"rendered":"Cuba: Gelmys Reyes, el pilar de la finca \u00abEl Roble\u00bb"},"content":{"rendered":"\n<p class=\"wp-block-paragraph\"><strong>Dixie Edith<\/strong><\/p>\n\n\n\n<p class=\"wp-block-paragraph\">SemM\u00e9xico\/SEMlac, Las Tunas, Cuba, 27 de marzo del 2023.- La vida de Gelmys Reyes acab\u00f3 y comenz\u00f3 de nuevo cuando ten\u00eda 62 a\u00f1os. De ser una trabajadora m\u00e1s en la finca donde viv\u00eda con su esposo, pas\u00f3 a usufructuaria de tierras, cuidadora a tiempo completo y sost\u00e9n de su familia.<\/p>\n\n\n\n<p class=\"wp-block-paragraph\">Con 73 a\u00f1os, ella es hoy la cabeza productiva de la finca El Roble, unas 2,25 hect\u00e1reas de tierra especializadas en la producci\u00f3n de frutales en la periferia de la ciudad de Las Tunas, a poco m\u00e1s de 600 kil\u00f3metros al este de La Habana.<\/p>\n\n\n\n<p class=\"wp-block-paragraph\">Aunque no lo dice con claridad, entre recuerdos y an\u00e9cdotas puede descubrirse cierta nostalgia por los tiempos en que las cargas de la producci\u00f3n agropecuaria no descansaban sobre sus hombros.<\/p>\n\n\n\n<p class=\"wp-block-paragraph\">\u00abYo solicit\u00e9 esta tierra desde 2011, cuando a mi esposo hubo que amputarle un pulm\u00f3n. Entonces dije: &#8216;voy a buscar otra finca&#8217; y tuve mucha suerte; enseguida me dieron la tierra, todos me ayudaron y empec\u00e9 a producir\u00bb, cont\u00f3 Reyes a SEMlac.<\/p>\n\n\n<div class=\"wp-block-image\">\n<figure class=\"alignright size-medium is-resized\"><a href=\"https:\/\/redsemlac.com\/semmexico\/wp-content\/uploads\/2023\/03\/8-680x1024-1.jpg\"><img loading=\"lazy\" decoding=\"async\" src=\"https:\/\/redsemlac.com\/semmexico\/wp-content\/uploads\/2023\/03\/8-680x1024-1-199x300.jpg\" alt=\"\" class=\"wp-image-64980\" width=\"279\" height=\"421\"\/><\/a><\/figure>\n<\/div>\n\n\n<p class=\"wp-block-paragraph\">Pero la decisi\u00f3n y el traslado no fueron cosa sencilla. Unos meses antes, Eddy Soto, el esposo, iba camino hacia una reuni\u00f3n de la cooperativa a la que pertenec\u00edan en ese momento y, al cargar su bicicleta sobre un tractor, se golpe\u00f3 un pulm\u00f3n. Nunca logr\u00f3 recuperarse.<\/p>\n\n\n\n<p class=\"wp-block-paragraph\">\u00abEs que los guajiros somos brutos y cuando \u00e9l, finalmente, fue al m\u00e9dico, ya ten\u00eda neumot\u00f3rax y no hubo nada que hacer\u00bb, detalla Reyes.<\/p>\n\n\n\n<p class=\"wp-block-paragraph\">Entonces gestionaban la finca Ventorrillo, en la zona de Veguitas, un poco m\u00e1s alejada hacia el norte de la ciudad, pero con una extensi\u00f3n de tierra mayor.<\/p>\n\n\n\n<p class=\"wp-block-paragraph\">\u00abEra una caballer\u00eda maravillosa. Ten\u00edamos seis hect\u00e1reas de calabaza, 40.000 matas de yuca, una fruta bomba muy buena. Mi esposo trabajaba la finca con mi hijo mayor, que siempre ha estado con nosotros en la producci\u00f3n\u00bb, rememora la campesina.<\/p>\n\n\n\n<p class=\"wp-block-paragraph\">\u00abAqu\u00ed tuvimos que empezar de cero, primero a tumbar maleza. Mi esposo acabado de operar, sentado debajo del \u00e1rbol, y yo trabajando. Un se\u00f1or me tumbaba el marab\u00fa y yo lo limpiaba. Es que esto era un basurero. Ac\u00e1 tiraban todo lo que iba sobrando por ah\u00ed\u00bb.<\/p>\n\n\n\n<p class=\"wp-block-paragraph\">Desde la operaci\u00f3n del pulm\u00f3n, Gelmys se siente \u00abcomo si tuviera de nuevo un ni\u00f1o en casa\u00bb, dice.<\/p>\n\n\n\n<p class=\"wp-block-paragraph\">\u00abAhora trabajo la tierra, voy a la bodega, a la farmacia, tengo tambi\u00e9n a mi mam\u00e1 postrada y si alguien se cae voy corriendo para el hospital con \u00e9l. Yo soy as\u00ed, para la humanidad, pero la vida que llevamos no es la mejor\u00bb, reconoce.<\/p>\n\n\n\n<h2 class=\"wp-block-heading\"><strong>Trabas de un nuevo comienzo<\/strong><\/h2>\n\n\n\n<p class=\"wp-block-paragraph\">Gelmys Reyes es una de las m\u00e1s de 3.000 mujeres que en Las Tunas est\u00e1n involucradas, de una u otra manera, en la producci\u00f3n de alimentos. Justamente, la alta incorporaci\u00f3n de las mujeres a las tareas agropecuarias le vali\u00f3 a la provincia ser la sede del D\u00eda Internacional de las Mujeres Rurales, el 15 de octubre de 2022.<\/p>\n\n\n\n<p class=\"wp-block-paragraph\">Pero volver los ojos al campo ha sido una tarea dura en all\u00ed, donde hay mayores extensiones rurales que urbanas y una reducci\u00f3n sensible de las lluvias, junto la erosi\u00f3n creciente que afecta a la tierra.<\/p>\n\n\n\n<p class=\"wp-block-paragraph\">\u00abEl 80 por ciento de sus suelos han sido declarados entre poco productivos y muy poco productivos, lo que obliga a incorporar la ciencia y la innovaci\u00f3n en aras de que el territorio sea, como necesita la naci\u00f3n, l\u00edder en la gesti\u00f3n de la seguridad alimentaria\u00bb, evaluaba en 2020 un an\u00e1lisis sobre la relaci\u00f3n entre las mujeres productoras y la introducci\u00f3n de t\u00e9cnicas agroecol\u00f3gicas, publicado por la prensa local.<\/p>\n\n\n\n<figure class=\"wp-block-image size-large\"><a href=\"https:\/\/redsemlac.com\/semmexico\/wp-content\/uploads\/2023\/03\/6.jpg\"><img decoding=\"async\" src=\"https:\/\/redsemlac.com\/semmexico\/wp-content\/uploads\/2023\/03\/6-1024x680.jpg\" alt=\"\" class=\"wp-image-64978\"\/><\/a><\/figure>\n\n\n\n<p class=\"wp-block-paragraph\">Reyes lo sabe muy bien. Actualmente equilibra con dificultad sus l\u00edneas productivas en busca de mejores rendimientos.<\/p>\n\n\n\n<p class=\"wp-block-paragraph\">\u00abTengo aqu\u00ed guayaba, coco, ciruela, mango, aguacate; cereza y acerola, que no son lo mismo, y caf\u00e9 que ahora est\u00e1 maduro y lindo. Pero quiero sembrar otro poquito de caf\u00e9, mango y cereza, que se dan muy buenas\u00bb, explica y aclara que las semillas de una de las variedades de cereza las compr\u00f3 en una feria de proyectos de la Universidad de Las Tunas.<\/p>\n\n\n\n<p class=\"wp-block-paragraph\">\u00bfPor qu\u00e9 cereza y no pl\u00e1tano, por ejemplo, que quiz\u00e1s se venda mejor?<\/p>\n\n\n\n<p class=\"wp-block-paragraph\">Tengo algo de pl\u00e1tano sembrado all\u00e1 atr\u00e1s, pero es para comer nosotros. Esta tierra es arcillosa y muy h\u00fameda; entonces las plantas se pudren. Esa parte de ah\u00ed, que est\u00e1 as\u00ed de fea, no es por falta de trabajo. Hemos sembrado platanales y de todo, pero no avanzan. El mango se da mejor.<\/p>\n\n\n\n<p class=\"wp-block-paragraph\">\u00bfY cr\u00edan animales?<\/p>\n\n\n\n<p class=\"wp-block-paragraph\">En un tiempo criamos cerdos, pero ya no porque la comida para darles se puso muy fuerte. Tambi\u00e9n criamos gallinas, guanajos, patos y conejos. Lo \u00fanico que no hemos tenido son vacas, porque estamos muy viejos para eso. Pero ahora no tenemos animales. Al conejo le cay\u00f3 una enfermedad, que fue nacional, y las gallinas tambi\u00e9n se enfermaron. Quiero comprar otra gallinita porque hace falta para volver a criar.<\/p>\n\n\n\n<p class=\"wp-block-paragraph\">\u00bfCu\u00e1les han sido los principales problemas?<\/p>\n\n\n\n<p class=\"wp-block-paragraph\">En 2022 vendimos unos 20 quintales de mango, porque no se hizo contrataci\u00f3n; no hab\u00eda az\u00facar para procesarlo. As\u00ed se pierde mucha producci\u00f3n. En general, la venta de frutas a la cooperativa no da lo suficiente, porque me las pagan muy baratas.<\/p>\n\n\n\n<h2 class=\"wp-block-heading\"><strong>Cotidianidades<\/strong><\/h2>\n\n\n\n<p class=\"wp-block-paragraph\">Reyes vende todas sus producciones de frutales a la Cooperativa de Cr\u00e9ditos y Servicios (CCS) Niceto P\u00e9rez, de la cabecera provincial.<\/p>\n\n\n\n<p class=\"wp-block-paragraph\">Seg\u00fan el Decreto Ley No. 365 \u00abDe las cooperativas agropecuarias\u00bb, en vigor desde 2019, las CCS \u00abse constituye por la incorporaci\u00f3n voluntaria de agricultores\/as peque\u00f1os que mantienen la propiedad o usufructo de sus respectivas tierras, as\u00ed como de la producci\u00f3n que obtienen\u201d.<\/p>\n\n\n\n<p class=\"wp-block-paragraph\">Se compone, adem\u00e1s, por familiares de agricultores que est\u00e9n vinculados a la tierra y \u00abtiene como funciones principales gestionar a sus cooperativistas el acceso a los cr\u00e9ditos bancarios, a los insumos y a los servicios que completan los ciclos tecnol\u00f3gicos; contratar y comercializar las producciones y servicios, as\u00ed como contribuir al desarrollo integral de la propia cooperativa y la comunidad donde est\u00e1 domiciliada\u00bb, seg\u00fan reza el Decreto Ley.<\/p>\n\n\n\n<p class=\"wp-block-paragraph\">\u00abYo gano m\u00e1s vendiendo cereza a una juguera que est\u00e1 por el centro del pueblo, frente al parque, que vendiendo fruta a la cooperativa\u00bb, asevera la productora.<\/p>\n\n\n\n<figure class=\"wp-block-gallery has-nested-images columns-default is-cropped wp-block-gallery-1 is-layout-flex wp-block-gallery-is-layout-flex\">\n<figure class=\"wp-block-image size-large\"><a href=\"https:\/\/redsemlac.com\/semmexico\/wp-content\/uploads\/2023\/03\/10.jpg\"><img decoding=\"async\" data-id=\"64982\" src=\"https:\/\/redsemlac.com\/semmexico\/wp-content\/uploads\/2023\/03\/10-1024x680.jpg\" alt=\"\" class=\"wp-image-64982\"\/><\/a><\/figure>\n\n\n\n<figure class=\"wp-block-image size-large\"><a href=\"https:\/\/redsemlac.com\/semmexico\/wp-content\/uploads\/2023\/03\/9.jpg\"><img decoding=\"async\" data-id=\"64981\" src=\"https:\/\/redsemlac.com\/semmexico\/wp-content\/uploads\/2023\/03\/9-1024x630.jpg\" alt=\"\" class=\"wp-image-64981\"\/><\/a><\/figure>\n<\/figure>\n\n\n\n<p class=\"wp-block-paragraph\">\u00abLa muchacha de la juguera me paga la libra de cereza a ocho y a 10 pesos y la cooperativa me paga el coco a tres cincuenta. Pero creo que es importante, porque eso ayuda a la gente. La cooperativa entrega frutas a los hospitales y a los c\u00edrculos infantiles\u00bb, agrega.<\/p>\n\n\n\n<p class=\"wp-block-paragraph\">El mayor sue\u00f1o de Reyes es tener una casita en las tierras que trabaja. Hoy vive en una temporal y no ha podido construir una vivienda m\u00e1s sostenible porque \u00abdicen que somos usufructuarios\/as y no tenemos derechos\u00bb, apunta.<\/p>\n\n\n\n<p class=\"wp-block-paragraph\">\u00abYo creo que eso ya cambi\u00f3 con la nueva ley, pero la verdad es que no he ido a hacer la gesti\u00f3n. La \u00faltima vez que averig\u00fc\u00e9 fue hace como seis a\u00f1os y luego vino la Covid-19, ya hasta los tiempos se me enredan en la cabeza\u00bb, dice.<\/p>\n\n\n\n<p class=\"wp-block-paragraph\">\u00abPero me tengo que ocupar, porque si viene un cicl\u00f3n de verdad, esto no aguanta, porque no tiene cimientos\u00bb, insiste.<\/p>\n\n\n\n<p class=\"wp-block-paragraph\">Adem\u00e1s del hijo, que vive y trabaja en la finca, Reyes y su esposo tienen otros dos; otro hombre que es trabajador por cuenta propia y una mujer, graduada en construcci\u00f3n civil. Tambi\u00e9n tienen varios nietos. \u00abMis hijos son muy buenos y se ocupan mucho de nosotros\u00bb, dice Reyes.<\/p>\n\n\n\n<p class=\"wp-block-paragraph\">\u00bfY no ha tenido problemas por ser mujer y dedicarse a la tierra?<\/p>\n\n\n\n<p class=\"wp-block-paragraph\">Ni por ser mujer, ni por la edad. He tenido trabas que tienen que ver m\u00e1s con la burocracia. Lo otro es que todo el mundo quiere esta tierra, porque est\u00e1 muy cerca de la ciudad. Vienen y quieren que se las venda. Pero yo la tengo para sembrar y entregar al gobierno, para ayudar a la gente.<\/p>\n\n\n\n<p class=\"wp-block-paragraph\">A m\u00ed todo el mundo me conoce. El que venga aqu\u00ed buscando guayabas para un jugo de un ni\u00f1o o coco para coger el agua y ayudar a curar el dengue, se lo lleva sin pagar un centavo.<\/p>\n\n\n\n<p class=\"wp-block-paragraph\">\u00bfUsted es una batalladora?<\/p>\n\n\n\n<p class=\"wp-block-paragraph\">Claro, es que yo fui criada en una finca.<\/p>\n\n\n\n<p class=\"wp-block-paragraph\">S\u00ed, pero otras mujeres tambi\u00e9n fueron criadas en el campo y se quedan en la casa. \u00bfCu\u00e1ntas salen al campo a trabajar?<\/p>\n\n\n\n<p class=\"wp-block-paragraph\">Bueno, es verdad que todav\u00eda muy pocas. Pero \u00faltimamente a las mujeres no les gusta trabajar en el campo, quieren tener u\u00f1as largas y todo eso.<\/p>\n\n\n\n<p class=\"wp-block-paragraph\">\u00bfY a usted, le gustan las u\u00f1as largas?<\/p>\n\n\n\n<p class=\"wp-block-paragraph\">S\u00ed, normal. Pero nunca me las pondr\u00eda postizas, ni vender\u00eda mi pelo, ni tomar\u00eda nada para engordar. \u00a1Y mira que baj\u00e9 de peso con la Covid 19! Yo voy contra la corriente: cuando ellas se estiraban el pelo porque estaba de moda, yo me lo enries\u00e9, porque era m\u00e1s c\u00f3modo. Hago lo que me gusta; me como el chocolate, el queso y la leche, porque es lo m\u00e1s que me gusta.<\/p>\n\n\n\n<p class=\"wp-block-paragraph\">Fui criada entre las vacas. Mi abuela se levantaba a las cuatro de la ma\u00f1ana y yo con ella. Mi familia es luchadora y somos conformes. No vivimos bien, pero no vivimos mal porque tenemos lo suficiente. Yo siempre digo que voy a seguir trabajando hasta que me caiga.<\/p>\n\n\n\n<p class=\"wp-block-paragraph\">(dixiedith@gmail.com)<\/p>\n","protected":false},"excerpt":{"rendered":"<p>La vida de Gelmys Reyes acab\u00f3 y comenz\u00f3 de nuevo cuando ten\u00eda 62 a\u00f1os. De ser una trabajadora m\u00e1s en la finca donde viv\u00eda con su esposo, pas\u00f3 a usufructuaria de tierras, cuidadora a tiempo completo y sost\u00e9n de su familia.<\/p>\n","protected":false},"author":3,"featured_media":64977,"comment_status":"open","ping_status":"open","sticky":false,"template":"","format":"standard","meta":{"_monsterinsights_skip_tracking":false,"footnotes":""},"categories":[53],"tags":[],"class_list":["post-64976","post","type-post","status-publish","format-standard","has-post-thumbnail","category-internacional"],"_links":{"self":[{"href":"https:\/\/redsemlac.com\/semmexico\/wp-json\/wp\/v2\/posts\/64976","targetHints":{"allow":["GET"]}}],"collection":[{"href":"https:\/\/redsemlac.com\/semmexico\/wp-json\/wp\/v2\/posts"}],"about":[{"href":"https:\/\/redsemlac.com\/semmexico\/wp-json\/wp\/v2\/types\/post"}],"author":[{"embeddable":true,"href":"https:\/\/redsemlac.com\/semmexico\/wp-json\/wp\/v2\/users\/3"}],"replies":[{"embeddable":true,"href":"https:\/\/redsemlac.com\/semmexico\/wp-json\/wp\/v2\/comments?post=64976"}],"version-history":[{"count":0,"href":"https:\/\/redsemlac.com\/semmexico\/wp-json\/wp\/v2\/posts\/64976\/revisions"}],"wp:featuredmedia":[{"embeddable":true,"href":"https:\/\/redsemlac.com\/semmexico\/wp-json\/wp\/v2\/media\/64977"}],"wp:attachment":[{"href":"https:\/\/redsemlac.com\/semmexico\/wp-json\/wp\/v2\/media?parent=64976"}],"wp:term":[{"taxonomy":"category","embeddable":true,"href":"https:\/\/redsemlac.com\/semmexico\/wp-json\/wp\/v2\/categories?post=64976"},{"taxonomy":"post_tag","embeddable":true,"href":"https:\/\/redsemlac.com\/semmexico\/wp-json\/wp\/v2\/tags?post=64976"}],"curies":[{"name":"wp","href":"https:\/\/api.w.org\/{rel}","templated":true}]}}