{"id":64973,"date":"2023-03-27T14:07:45","date_gmt":"2023-03-27T20:07:45","guid":{"rendered":"https:\/\/redsemlac.com\/semmexico\/?p=64973"},"modified":"2023-03-27T14:07:56","modified_gmt":"2023-03-27T20:07:56","slug":"textura-violeta-demonizacion-de-la-nueva-malla-curricular","status":"publish","type":"post","link":"https:\/\/redsemlac.com\/semmexico\/textura-violeta-demonizacion-de-la-nueva-malla-curricular\/","title":{"rendered":"Textura Violeta| Demonizaci\u00f3n de la nueva malla curricular"},"content":{"rendered":"\n<p class=\"wp-block-paragraph\"><strong>Drina Ergueta<\/strong><\/p>\n\n\n\n<p class=\"wp-block-paragraph\">SemM\u00e9xico, La Paz, Bolivia, 27 de marzo del 2023.- Algunas organizaciones de padres y madres de familia (aunque se hacen llamar s\u00f3lo \u201cde padres\u201d y a las reuniones escolares van fundamentalmente ellas) han decidido rechazar la nueva malla curricular educativa que, bajo interpretaci\u00f3n libre e interesada, est\u00e1 siendo demonizada por las redes sociales en lo que toca a la \u201ceducaci\u00f3n sexual integral\u201d. De esa forma, respaldan al magisterio que inicia movilizaciones con una serie de demandas a\u00f1adidas.<\/p>\n\n\n\n<p class=\"wp-block-paragraph\">\u201cRezo todos los d\u00edas para que a mi ni\u00f1a de cinco a\u00f1os no le muestren im\u00e1genes pornogr\u00e1ficas en el colegio\u201d, dice una mujer representante de padres y madres de familia en la ciudad de Santa Cruz. No se refiere a im\u00e1genes que corren por internet entre el alumnado, no. Se refiere a im\u00e1genes que el profesorado podr\u00eda ense\u00f1ar gracias a la nueva malla curricular que ense\u00f1a \u201cla ideolog\u00eda de g\u00e9nero\u201d, \u201cla despatriarcalizaci\u00f3n y la descolonizaci\u00f3n\u201d. As\u00ed, con conceptos juntos y revueltos.<\/p>\n\n\n\n<p class=\"wp-block-paragraph\">Circulan v\u00eddeos en que se explica c\u00f3mo se cambiar\u00e1 la l\u00f3gica de la divisi\u00f3n sexual entre hombres y mujeres incluyendo una serie de variantes \u201caberrantes\u201d y llaman a la movilizaci\u00f3n en defensa de la infancia y la juventud sana. Por ello, se suman a la protesta del magisterio.<\/p>\n\n\n\n<p class=\"wp-block-paragraph\">La Confederaci\u00f3n de Trabajadores de la Educaci\u00f3n Urbana de Bolivia plantea al gobierno \u201ccinco puntos fundamentales\u201d, que son: presupuesto, \u00edtems nuevos, y reducci\u00f3n del d\u00e9ficit hist\u00f3rico (de los primeros dos puntos), nivelaci\u00f3n de horas, un congreso nacional de educaci\u00f3n para participar en las decisiones y rechazo a la nueva malla curricular 2023. Al no llegar a un acuerdo con el Ministerio de Educaci\u00f3n, este sector determin\u00f3 empezar una huelga de hambre este martes y realizar un paro nacional de 48 horas este 30 y 31 de marzo. Adem\u00e1s, los dirigentes agradecen el respaldo de grupos de padres y madres. Cuantos m\u00e1s seamos, mejor.<\/p>\n\n\n\n<p class=\"wp-block-paragraph\">Las razones del magisterio tienen que ver con las condiciones laborales, fundamentalmente, a las que se a\u00f1ade en uno de los puntos el contenido de la malla curricular, al que consideran \u201cimprovisado\u201d. En lo pr\u00e1ctico, todo docente se molesta porque le cambien los contenidos que debe ense\u00f1ar, ya que implica que lo que ten\u00eda preparado ya no sirve y debe volver a elaborarlo y, en ese caso, a formarse para poder ense\u00f1ar. En este sentido, posiblemente sea necesario un tiempo de adaptaci\u00f3n.<\/p>\n\n\n\n<p class=\"wp-block-paragraph\">Volviendo al temor que se est\u00e1 generando entre padres y madres, habr\u00eda que preguntarse: \u00bfQu\u00e9 sentido tiene que desde el Estado se pretenda \u201cpervertir\u201d a la ni\u00f1ez? Es absurdo.<\/p>\n\n\n\n<p class=\"wp-block-paragraph\">Nos guste o no, los tiempos cambian y la forma de relacionarse en el aspecto afectivo tambi\u00e9n: las familias hoy son diversas, las relaciones son \u201cfluidas\u201d, la sexualidad es m\u00e1s abierta, las opciones sexuales aparecen en todas las series de televisi\u00f3n \u00bfEs posible encerrar a hijos e hijas en casa y taparles los ojos y o\u00eddos? Todo eso les llegar\u00e1 y el problema est\u00e1 en c\u00f3mo lo har\u00e1. Por eso, el hecho que desde la escuela se ense\u00f1e de manera correcta y cuidadosa, evidentemente, es una necesidad y una gran ventaja.<\/p>\n\n\n\n<p class=\"wp-block-paragraph\">Hoy, gran parte de ni\u00f1os y ni\u00f1as de 12 a\u00f1os ya han visto pornograf\u00eda por internet, a partir de esa edad son especialmente vulnerables para ser captados por pederastas o redes prostituyentes. Esa visi\u00f3n de pornograf\u00eda, de la que no se escabullir\u00e1 pr\u00e1cticamente ning\u00fan hijo o hija, con seguridad, ense\u00f1a formas violentas de relaci\u00f3n sexual y normaliza las violaciones. Por otra parte, los embarazos adolescentes son demasiados en Bolivia. La prevenci\u00f3n, la ense\u00f1anza es necesaria. Finalmente, el acoso y discriminaci\u00f3n a quienes tienen otras opciones sexuales se inicia desde muy temprano, es algo que tambi\u00e9n hay que evitar.<\/p>\n\n\n\n<p class=\"wp-block-paragraph\">El gobierno asegura que la nueva malla curricular ha sido consensuada con 75 instituciones, adem\u00e1s de haber sido elaborada por el Laboratorio Latinoamericano de la Evaluaci\u00f3n de la Calidad de la Educaci\u00f3n (LLECE), que es parte de la Unesco. Seguramente puede ser a\u00fan m\u00e1s analizada y debatida, pero con seriedad y responsabilidad.<\/p>\n","protected":false},"excerpt":{"rendered":"<p>Algunas organizaciones de padres y madres de familia (aunque se hacen llamar s\u00f3lo \u201cde padres\u201d y a las reuniones escolares van fundamentalmente ellas) han decidido rechazar la nueva malla curricular educativa <\/p>\n","protected":false},"author":3,"featured_media":8467,"comment_status":"open","ping_status":"open","sticky":false,"template":"","format":"standard","meta":{"_monsterinsights_skip_tracking":false,"footnotes":""},"categories":[77,35,102],"tags":[],"class_list":["post-64973","post","type-post","status-publish","format-standard","has-post-thumbnail","category-drina-ergueta","category-opinion","category-textura-violeta"],"_links":{"self":[{"href":"https:\/\/redsemlac.com\/semmexico\/wp-json\/wp\/v2\/posts\/64973","targetHints":{"allow":["GET"]}}],"collection":[{"href":"https:\/\/redsemlac.com\/semmexico\/wp-json\/wp\/v2\/posts"}],"about":[{"href":"https:\/\/redsemlac.com\/semmexico\/wp-json\/wp\/v2\/types\/post"}],"author":[{"embeddable":true,"href":"https:\/\/redsemlac.com\/semmexico\/wp-json\/wp\/v2\/users\/3"}],"replies":[{"embeddable":true,"href":"https:\/\/redsemlac.com\/semmexico\/wp-json\/wp\/v2\/comments?post=64973"}],"version-history":[{"count":0,"href":"https:\/\/redsemlac.com\/semmexico\/wp-json\/wp\/v2\/posts\/64973\/revisions"}],"wp:featuredmedia":[{"embeddable":true,"href":"https:\/\/redsemlac.com\/semmexico\/wp-json\/wp\/v2\/media\/8467"}],"wp:attachment":[{"href":"https:\/\/redsemlac.com\/semmexico\/wp-json\/wp\/v2\/media?parent=64973"}],"wp:term":[{"taxonomy":"category","embeddable":true,"href":"https:\/\/redsemlac.com\/semmexico\/wp-json\/wp\/v2\/categories?post=64973"},{"taxonomy":"post_tag","embeddable":true,"href":"https:\/\/redsemlac.com\/semmexico\/wp-json\/wp\/v2\/tags?post=64973"}],"curies":[{"name":"wp","href":"https:\/\/api.w.org\/{rel}","templated":true}]}}