{"id":64963,"date":"2023-03-27T13:50:12","date_gmt":"2023-03-27T19:50:12","guid":{"rendered":"https:\/\/redsemlac.com\/semmexico\/?p=64963"},"modified":"2023-03-27T13:50:13","modified_gmt":"2023-03-27T19:50:13","slug":"el-abuso-sexual-infantil-se-presenta-en-un-90-por-ciento-en-ninas-partido-del-trabajo","status":"publish","type":"post","link":"https:\/\/redsemlac.com\/semmexico\/el-abuso-sexual-infantil-se-presenta-en-un-90-por-ciento-en-ninas-partido-del-trabajo\/","title":{"rendered":"El abuso sexual infantil se presenta en un 90 por ciento en ni\u00f1as, Partido del Trabajo"},"content":{"rendered":"\n<ul class=\"wp-block-list\">\n<li><strong>El partido exhort\u00f3 a redoblar esfuerzos a las fiscal\u00edas especializadas en delitos sexuales a resolver los casos de delito sexual infantil.<\/strong><\/li>\n<\/ul>\n\n\n\n<p class=\"wp-block-paragraph\"><strong>Micaela M\u00e1rquez &nbsp;<\/strong><strong><\/strong><\/p>\n\n\n\n<p class=\"wp-block-paragraph\">SemM\u00e9xico, Ciudad de M\u00e9xico, 27 de marzo del 2023.- Para proteger a las ni\u00f1as, ni\u00f1os y adolescentes del abuso sexual infantil la fracci\u00f3n parlamentaria del Partido del Trabajo present\u00f3 un punto de acuerdo para exhortar a la Fiscal\u00eda Especializada en Delitos Sexuales a que redoblen esfuerzos encaminados a la resoluci\u00f3n de los casos de delitos de abuso sexual infantil.&nbsp;<\/p>\n\n\n\n<p class=\"wp-block-paragraph\">Legisladoras y legisladores plantearon que durante los procesos judiciales se observe en todo momento el inter\u00e9s superior de la ni\u00f1ez y se garanticen los principios de m\u00ednima intervenci\u00f3n y de no revictimizaci\u00f3n.&nbsp;<\/p>\n\n\n\n<p class=\"wp-block-paragraph\">De acuerdo con la Organizaci\u00f3n para la Cooperaci\u00f3n y el Desarrollo Econ\u00f3mico, (OCDE), M\u00e9xico se ubica en el primer lugar en el mundo en abuso sexual de menores; de esas violaciones, 90 por ciento son en contra de ni\u00f1as, que se producen al interior de los hogares y en el entorno familiar, advirtieron senadoras y senadores del Grupo Parlamentario del PT.&nbsp;<\/p>\n\n\n\n<p class=\"wp-block-paragraph\">\u201cHablar de abuso sexual infantil es se\u00f1alar una herida profunda que nuestro pa\u00eds no ha logrado atender\u201d.<\/p>\n\n\n\n<p class=\"wp-block-paragraph\">Refirieron que la organizaci\u00f3n Alumbra report\u00f3 que en noviembre de 2021 se registr\u00f3 un aumento de 87 por ciento en los delitos de abuso sexual en los \u00faltimos cinco a\u00f1os; y s\u00f3lo en 2019 se registraron un total de 53 mil 429 delitos sexuales, mientras que, en 2020, fueron 54 mil 314.&nbsp;<\/p>\n\n\n\n<p class=\"wp-block-paragraph\">Dicha organizaci\u00f3n, destacaron los senadores del PT, precisa que en 2020, 41 por ciento de los delitos sexuales fueron abuso sexual, seguido de violaci\u00f3n simple con 23 por ciento, otros delitos sexuales 15 por ciento, acoso sexual 10 por ciento, violaci\u00f3n equiparada ocho por ciento, hostigamiento sexual tres por ciento e incesto 0.1 %.&nbsp;<\/p>\n\n\n\n<p class=\"wp-block-paragraph\">\u201cEstos datos representan el sufrimiento y el dolor emanado de un da\u00f1o irreparable contra las v\u00edctimas de este delito tan inhumano\u201d.&nbsp;<\/p>\n\n\n\n<p class=\"wp-block-paragraph\">En el exhorto turnado a la Comisi\u00f3n de Justicia, se\u00f1alaron que perjudicar la inocencia de las ni\u00f1as, ni\u00f1os y adolescentes es una falta atroz, que lacera a toda la sociedad porque perpetra el sentimiento de inseguridad para todas y cada una de las personas.&nbsp;<\/p>\n\n\n\n<p class=\"wp-block-paragraph\">Los datos permiten dimensionar la gravedad que sufren las infancias de nuestro pa\u00eds, apuntaron, por ello, las y los integrantes del Grupo Parlamentario del Partido del Trabajo consideran que es fundamental erradicar el abuso sexual infantil.&nbsp;<\/p>\n\n\n\n<p class=\"wp-block-paragraph\">SEM\/MG<\/p>\n","protected":false},"excerpt":{"rendered":"<p>Legisladoras y legisladores plantearon que durante los procesos judiciales se observe en todo momento el inter\u00e9s superior de la ni\u00f1ez y se garanticen los principios de m\u00ednima intervenci\u00f3n y de no revictimizaci\u00f3n.\u00a0<\/p>\n","protected":false},"author":3,"featured_media":64964,"comment_status":"open","ping_status":"open","sticky":false,"template":"","format":"standard","meta":{"_monsterinsights_skip_tracking":false,"footnotes":""},"categories":[50],"tags":[],"class_list":["post-64963","post","type-post","status-publish","format-standard","has-post-thumbnail","category-congreso"],"_links":{"self":[{"href":"https:\/\/redsemlac.com\/semmexico\/wp-json\/wp\/v2\/posts\/64963","targetHints":{"allow":["GET"]}}],"collection":[{"href":"https:\/\/redsemlac.com\/semmexico\/wp-json\/wp\/v2\/posts"}],"about":[{"href":"https:\/\/redsemlac.com\/semmexico\/wp-json\/wp\/v2\/types\/post"}],"author":[{"embeddable":true,"href":"https:\/\/redsemlac.com\/semmexico\/wp-json\/wp\/v2\/users\/3"}],"replies":[{"embeddable":true,"href":"https:\/\/redsemlac.com\/semmexico\/wp-json\/wp\/v2\/comments?post=64963"}],"version-history":[{"count":0,"href":"https:\/\/redsemlac.com\/semmexico\/wp-json\/wp\/v2\/posts\/64963\/revisions"}],"wp:featuredmedia":[{"embeddable":true,"href":"https:\/\/redsemlac.com\/semmexico\/wp-json\/wp\/v2\/media\/64964"}],"wp:attachment":[{"href":"https:\/\/redsemlac.com\/semmexico\/wp-json\/wp\/v2\/media?parent=64963"}],"wp:term":[{"taxonomy":"category","embeddable":true,"href":"https:\/\/redsemlac.com\/semmexico\/wp-json\/wp\/v2\/categories?post=64963"},{"taxonomy":"post_tag","embeddable":true,"href":"https:\/\/redsemlac.com\/semmexico\/wp-json\/wp\/v2\/tags?post=64963"}],"curies":[{"name":"wp","href":"https:\/\/api.w.org\/{rel}","templated":true}]}}