{"id":64713,"date":"2023-03-21T13:32:17","date_gmt":"2023-03-21T19:32:17","guid":{"rendered":"https:\/\/redsemlac.com\/semmexico\/?p=64713"},"modified":"2023-03-21T13:32:20","modified_gmt":"2023-03-21T19:32:20","slug":"tras-la-puerta-del-poder-usted-que-dice-hay-o-no-tiro-entre-amlo-y-claudio-x-gonzalez","status":"publish","type":"post","link":"https:\/\/redsemlac.com\/semmexico\/tras-la-puerta-del-poder-usted-que-dice-hay-o-no-tiro-entre-amlo-y-claudio-x-gonzalez\/","title":{"rendered":"TRAS LA PUERTA DEL PODER| \u00bfUsted que dice\u2026 hay o no tiro entre AMLO y Claudio X Gonz\u00e1lez?"},"content":{"rendered":"\n<p class=\"wp-block-paragraph\">&nbsp;Roberto Vizca\u00edno<\/p>\n\n\n\n<p class=\"wp-block-paragraph\">SemM\u00e9xico, Ciudad de M\u00e9xico, 21 de marzo, 2023.-Ambos llenaron el Z\u00f3calo en apenas un par de semanas y los dos van por la presidencia y el control pol\u00edtico total del pa\u00eds en las elecciones del 2024.<\/p>\n\n\n\n<p class=\"wp-block-paragraph\">Los que saben, advierten que como est\u00e1n hoy las cosas en este M\u00e9xico nuestro, cualquiera de los dos puede ganar.<\/p>\n\n\n\n<p class=\"wp-block-paragraph\">Desde Palacio el de Macuspana va adelante en el impulso sin l\u00edmite a sus corcholatas&nbsp;<strong>Sheinbaum, Ebrard y L\u00f3pez<\/strong>, dejando suelto a&nbsp;<strong>Ricardo Monreal<\/strong>&nbsp;para que se entretenga haciendo su luchita por una candidatura que nunca ser\u00e1 suya, porque esa la va a designar el mismo al mejor estilo de&nbsp;<strong>Plutarco El\u00edas Calles<\/strong>: por dedazo.<\/p>\n\n\n\n<p class=\"wp-block-paragraph\"><strong>X Gonz\u00e1lez<\/strong>&nbsp;por su&nbsp;<strong>parte, aliado a Alejandro Moreno del PRI, Marko Cort\u00e9s del PAN y Jes\u00fas<\/strong>&nbsp;Zambrano del PRD va por candidatos ganadores a trav\u00e9s de la poderosa movilizaci\u00f3n de la ciudadan\u00eda que ya se vio que la mueve, y que es la que le puede arrebatar toda esperanza a&nbsp;<strong>AMLO&nbsp;<\/strong>y los suyos. &nbsp;<\/p>\n\n\n\n<p class=\"wp-block-paragraph\"><strong>El pleito est\u00e1 cantado<\/strong>. Para m\u00ed que&nbsp;<strong><em>s\u00ed hay tiro<\/em><\/strong>. Y como en toda contienda callejera, en su confrontaci\u00f3n no hay ni \u00e9tica ni regla que los contenga. Adem\u00e1s, c\u00f3mo andan las cosas con el Plan B y las marruller\u00edas de&nbsp;<strong>Andr\u00e9s Manuel L\u00f3pez Obrador, Morena<\/strong>&nbsp;y aliados, quien est\u00e1 visto va a aplicar recortes presupuestales por aqu\u00ed y por all\u00e1 al INE y partidos, quiz\u00e1 ni \u00e1rbitros electorales haya.<\/p>\n\n\n\n<p class=\"wp-block-paragraph\">El cale de lo que debemos esperar en 2024 lo tendremos el domingo 4 de junio pr\u00f3ximo en las elecciones del Estado de M\u00e9xico y Coahuila.<\/p>\n\n\n\n<p class=\"wp-block-paragraph\">Por lo pronto est\u00e1 visto que&nbsp;<strong>AMLO<\/strong>&nbsp;y su claque van por el piquete de ojo, la mordida en partes blandas, uso del narco como arma de contenci\u00f3n y orientaci\u00f3n del voto, reparto masivo de torta, chesco, despensa y dinero en efectivo como ejes de la promoci\u00f3n del voto.<\/p>\n\n\n\n<p class=\"wp-block-paragraph\">Para AMLO se trata de ganar a la&nbsp;<strong>Calder\u00f3n<\/strong>,&nbsp;<strong><em>haiga sido como haiga sido<\/em><\/strong>. Y si es a la mala, mejor.<\/p>\n\n\n\n<p class=\"wp-block-paragraph\">\u00bfQu\u00e9&nbsp;<strong>AMLO<\/strong>&nbsp;llen\u00f3 la Plaza de la Constituci\u00f3n con bandera ondeando y acarreo con una lanita de por medio y pase de lista? \u00a1Uy qu\u00e9 fijados!<\/p>\n\n\n\n<p class=\"wp-block-paragraph\">\u00bfQu\u00e9 muchos se fueron a la mitad del discurso del tabasque\u00f1o? \u00a1Bah! Lo importante es lo que ah\u00ed se dijo y que es el mensaje hacia adentro y hacia afuera de la 4T. Que quien lo herede -sea&nbsp;<strong>Claudia, Marcelo o Ad\u00e1n Augusto<\/strong>-deber\u00e1 seguir la l\u00ednea de la \u201ctransformaci\u00f3n inconclusa\u201d.<\/p>\n\n\n\n<p class=\"wp-block-paragraph\">Ahora falta ver si&nbsp;<strong>Claudio X Gonz\u00e1lez<\/strong>&nbsp;y socios de la Alianza Va por M\u00e9xico (PRI, PAN y PRD) apoyan o no el autodestape del exdirigente de Coparmex Gustavo<strong> A. De Hoyos Walther<\/strong>, o si van por primarias para sacar adelante un candidato de unidad con verdadero sustento y aval ciudadano.<\/p>\n\n\n\n<p class=\"wp-block-paragraph\">Lo que sea que vaya a ocurrir entre&nbsp;<strong>X Gonz\u00e1lez y L\u00f3pez Obrador<\/strong>&nbsp;en 2024, ser\u00e1 sancionado por miles de observadores electorales internacionales de decenas de instituciones y organismos internacionales como la Copppal, ONU, OEA, Uni\u00f3n Europea, Parlamento Europeo, etc. etc., y centros de investigaci\u00f3n de universidades como Harvard, Washington, California, etc. y seguido de cerca por los medios informativos m\u00e1s sobresalientes en el mundo.<\/p>\n\n\n\n<p class=\"wp-block-paragraph\">Pero de que hay tiro, sin duda, hay tiro.<\/p>\n\n\n\n<p class=\"wp-block-paragraph\"><strong>VA A BUSCAR COLARSE<\/strong><\/p>\n\n\n\n<p class=\"wp-block-paragraph\">Quien sabe el tama\u00f1o del reto que tiene enfrente y no le saca la vuelta es&nbsp;<strong>Ricardo Monreal<\/strong>.<\/p>\n\n\n\n<p class=\"wp-block-paragraph\">A pesar de que ya es reconocido por Morena y por&nbsp;<strong>AMLO&nbsp;<\/strong>como contendiente formal por la candidatura presidencial del partido en el poder, contin\u00faan excluy\u00e9ndolo de las tribunas principales que encabeza el presidente&nbsp;<strong>Andr\u00e9s Manuel L\u00f3pez Obrador<\/strong>.<\/p>\n\n\n\n<p class=\"wp-block-paragraph\">En la concentraci\u00f3n del s\u00e1bado en el Z\u00f3calo quienes estuvieron a un lado del mandatario fueron \u00fanicamente&nbsp;<strong>Claudia Sheinbaum<\/strong>&nbsp;-a quien adem\u00e1s abraz\u00f3-,&nbsp;<strong>Marcelo Ebrard y Ad\u00e1n Augusto L\u00f3pez<\/strong>.<\/p>\n\n\n\n<p class=\"wp-block-paragraph\">El zacatecano estuvo por ah\u00ed en medio de rechiflas y mentadas que le recordaron que, pese a que se simula que lo aceptan, la neta es que no lo soportan.<\/p>\n\n\n\n<p class=\"wp-block-paragraph\"><strong>Monreal<\/strong>&nbsp;que no es para nada ingenuo, sabe perfectamente bien que va a tener que romper y no s\u00f3lo alejarse de&nbsp;<strong>AMLO<\/strong>&nbsp;sino criticarlo y presentar un proyecto de Naci\u00f3n muy distinto del de la 4T si es que en verdad quiere competir por l Presidencia de M\u00e9xico.<\/p>\n\n\n\n<p class=\"wp-block-paragraph\">Y que adem\u00e1s quiz\u00e1 lo debe hacer pronto, porque muchos que simpatizan con sus aspiraciones ya comienzan a alejarse de \u00e9l.<\/p>\n\n\n\n<p class=\"wp-block-paragraph\">En este contexto el zacatecano no tiene muchas opciones, apenas un par para seguir adelante. Y esas pasan inevitablemente por la ruptura con&nbsp;<strong>AMLO<\/strong>.<\/p>\n\n\n\n<p class=\"wp-block-paragraph\"><strong>URGE REVISAR Y REORIENTAR LA ESTRATEGIA DE SEGURIDAD<\/strong><\/p>\n\n\n\n<p class=\"wp-block-paragraph\">As\u00ed, mientras se decide a dar el paso,&nbsp;<strong>Monreal&nbsp;<\/strong>dice que las cosas est\u00e1n tan mal en cuanto a la violencia y la inseguridad en M\u00e9xico, que el Senado habr\u00e1 de revisar y profundizar en la estrategia de seguridad p\u00fablica del r\u00e9gimen.<\/p>\n\n\n\n<p class=\"wp-block-paragraph\">En su posici\u00f3n de presidente de la Junta de Coordinaci\u00f3n Pol\u00edtica del Senado dijo que la delincuencia organizada no debe continuar arrebatando vidas ni ganando regiones de M\u00e9xico.<\/p>\n\n\n\n<p class=\"wp-block-paragraph\">Como ejemplo de lo que es ya intolerable para la sociedad mexicana, record\u00f3 a las j\u00f3venes que fueron asesinadas hace unos d\u00edas en Guanajuato:&nbsp;<strong>Rosa Mar\u00eda, Sandra Daniela, Paulina Berenice, Mariana, Gabriela y Yoselin Daniela<\/strong>.<\/p>\n\n\n\n<p class=\"wp-block-paragraph\">Y a nombre del Senado envi\u00f3 su m\u00e1s sentido p\u00e9same a las familias&nbsp;de&nbsp;todas ellas.<\/p>\n\n\n\n<p class=\"wp-block-paragraph\">&#8230;<a href=\"mailto:rvizcainoa@gmail.com\" target=\"_blank\" rel=\"noreferrer noopener\">rvizcainoa@gmail.com<\/a>&nbsp;\/ Twitter: @_Vizcaino \/ Facebook<\/p>\n\n\n\n<p class=\"wp-block-paragraph\">\/&nbsp;<a href=\"https:\/\/www.facebook.com\/rvizcainoa\" target=\"_blank\" rel=\"noreferrer noopener\">https:\/\/www.facebook.com\/rvizcainoa<\/a>&nbsp;&nbsp;<\/p>\n","protected":false},"excerpt":{"rendered":"<p>Ambos llenaron el Z\u00f3calo en apenas un par de semanas y los dos van por la presidencia y el control pol\u00edtico total del pa\u00eds en las elecciones del 2024.<\/p>\n","protected":false},"author":3,"featured_media":39589,"comment_status":"open","ping_status":"open","sticky":false,"template":"","format":"standard","meta":{"_monsterinsights_skip_tracking":false,"footnotes":""},"categories":[35,623,622],"tags":[],"class_list":["post-64713","post","type-post","status-publish","format-standard","has-post-thumbnail","category-opinion","category-roberto-vizcaino","category-tras-la-puerta-del-poder"],"_links":{"self":[{"href":"https:\/\/redsemlac.com\/semmexico\/wp-json\/wp\/v2\/posts\/64713","targetHints":{"allow":["GET"]}}],"collection":[{"href":"https:\/\/redsemlac.com\/semmexico\/wp-json\/wp\/v2\/posts"}],"about":[{"href":"https:\/\/redsemlac.com\/semmexico\/wp-json\/wp\/v2\/types\/post"}],"author":[{"embeddable":true,"href":"https:\/\/redsemlac.com\/semmexico\/wp-json\/wp\/v2\/users\/3"}],"replies":[{"embeddable":true,"href":"https:\/\/redsemlac.com\/semmexico\/wp-json\/wp\/v2\/comments?post=64713"}],"version-history":[{"count":0,"href":"https:\/\/redsemlac.com\/semmexico\/wp-json\/wp\/v2\/posts\/64713\/revisions"}],"wp:featuredmedia":[{"embeddable":true,"href":"https:\/\/redsemlac.com\/semmexico\/wp-json\/wp\/v2\/media\/39589"}],"wp:attachment":[{"href":"https:\/\/redsemlac.com\/semmexico\/wp-json\/wp\/v2\/media?parent=64713"}],"wp:term":[{"taxonomy":"category","embeddable":true,"href":"https:\/\/redsemlac.com\/semmexico\/wp-json\/wp\/v2\/categories?post=64713"},{"taxonomy":"post_tag","embeddable":true,"href":"https:\/\/redsemlac.com\/semmexico\/wp-json\/wp\/v2\/tags?post=64713"}],"curies":[{"name":"wp","href":"https:\/\/api.w.org\/{rel}","templated":true}]}}