{"id":64659,"date":"2023-03-20T16:29:26","date_gmt":"2023-03-20T22:29:26","guid":{"rendered":"https:\/\/redsemlac.com\/semmexico\/?p=64659"},"modified":"2023-03-20T16:29:29","modified_gmt":"2023-03-20T22:29:29","slug":"casi-seis-mil-incidentes-o-casos-de-violencia-en-planteles-educativos-del-edomex","status":"publish","type":"post","link":"https:\/\/redsemlac.com\/semmexico\/casi-seis-mil-incidentes-o-casos-de-violencia-en-planteles-educativos-del-edomex\/","title":{"rendered":"Casi seis mil incidentes o casos de violencia en planteles educativos del Edomex"},"content":{"rendered":"\n<ul class=\"wp-block-list\">\n<li><strong>\u201cNi\u00f1as y ni\u00f1os agresores en las escuelas, tambi\u00e9n son v\u00edctimas de violencia en su entorno; es decir, s\u00f3lo son un reflejo de una sociedad violenta\u201d, Juan Mart\u00edn P\u00e9rez.<\/strong><\/li>\n\n\n\n<li><strong>\u201cEl acoso escolar se reduce y previene cuando las autoridades educativas cumplen con sus responsabilidades legales\u201d, a\u00f1ade.<\/strong><\/li>\n<\/ul>\n\n\n\n<p class=\"wp-block-paragraph\"><strong>Mercedes Mart\u00ednez<\/strong><\/p>\n\n\n\n<p class=\"wp-block-paragraph\">SemM\u00e9xico, Ciudad de M\u00e9xico, 20 de marzo del 2023.- La Secretar\u00eda de Educaci\u00f3n del Estado de M\u00e9xico tiene un registro de cinco mil 699 incidentes o casos de violencia en los planteles de educaci\u00f3n b\u00e1sica: preescolar o k\u00ednder, primaria, secundaria y preparatoria. Los casos abarcan desde acoso, agresiones, abuso sexual, intentos de suicidio y tr\u00e1fico de sustancias, aunque la mayor\u00eda de casos se registraron como omisiones de parte de maestros, maestras y directivos.<\/p>\n\n\n\n<p class=\"wp-block-paragraph\">De acuerdo a cifras obtenidas v\u00eda transparencia, en los \u00faltimos seis a\u00f1os la Secretar\u00eda de Educaci\u00f3n ha registrado un promedio de casi mil casos por a\u00f1o, Sin embargo, en la informaci\u00f3n no se detalla la cifra correspondiente a cada a\u00f1o, por ello, dado los dos a\u00f1os que se realizaron clases a distancia debido a la contingencia por la emergencia de Covid-19, no se especifica si por lo tanto, la cifra acumulada por a\u00f1o es mayor en los periodos en los que s\u00ed se dieron las clases presenciales.<\/p>\n\n\n\n<h2 class=\"wp-block-heading\"><strong>Las cifras corresponden al periodo de enero de 2016 hasta finales del 2022<\/strong><\/h2>\n\n\n\n<p class=\"wp-block-paragraph\">En recientes d\u00edas se dio a conocer el caso de Norma Lizbeth, una estudiante de la escuela Secundaria Oficial 518 Anexa a la Normal de Teotihuac\u00e1n \u201cLos Jaguares\u201d en el Estado de M\u00e9xico. La adolescente perdi\u00f3 la vida luego de haber recibido una golpiza de parte de una de sus compa\u00f1eras de clases. El video de la agresi\u00f3n se difundi\u00f3 en redes sociales y la noticia se viraliz\u00f3 cuando se inform\u00f3 sobre el fallecimiento de Norma.<\/p>\n\n\n\n<p class=\"wp-block-paragraph\">\u201cDiversos estudios internacionales muestran qu\u00e9 ni\u00f1as y ni\u00f1os agresores en las escuelas, tambi\u00e9n son v\u00edctimas de violencia en su entorno; es decir, s\u00f3lo son un reflejo de una sociedad violenta. Pretender reducir el acoso escolar a conflictos entre ni\u00f1as y ni\u00f1os, s\u00f3lo evade la responsabilidad adulta y las obligaciones de las instituciones educativas\u201d, as\u00ed lo dio a conocer Juan Mart\u00edn P\u00e9rez, coordinador de Tejiendo Redes Infancia en Am\u00e9rica Latina y el Caribe.<\/p>\n\n\n\n<h2 class=\"wp-block-heading\"><strong>Vinculan a proceso a agresora de estudiante<\/strong><\/h2>\n\n\n\n<p class=\"wp-block-paragraph\">La Fiscal\u00eda General de Justicia del Estado de M\u00e9xico (FGJEM) inform\u00f3 el s\u00e1bado que la agresora de Norma, de 14 a\u00f1os de edad y quien era su compa\u00f1era de clases, fue vinculada a proceso tras acreditar su probable participaci\u00f3n en el delito de homicidio calificado.<\/p>\n\n\n\n<p class=\"wp-block-paragraph\">Las indagatorias de la FGJEM establecieron que el 21 de febrero pasado, la v\u00edctima habr\u00eda sido agredida f\u00edsicamente por la detenida, en la escuela Secundaria. El 13 de marzo, la v\u00edctima al encontrarse en su domicilio perdi\u00f3 el conocimiento, por lo que fue trasladada por sus familiares al Centro Especializado de Atenci\u00f3n Primaria a la Salud de Teotihuac\u00e1n, a donde lleg\u00f3 ya sin vida.<\/p>\n\n\n\n<p class=\"wp-block-paragraph\">Las investigaciones establecieron que presuntamente la agresi\u00f3n que sufri\u00f3 la menor, trajo como consecuencia un traumatismo craneoencef\u00e1lico cuya evoluci\u00f3n ocasion\u00f3 su fallecimiento.<\/p>\n\n\n\n<p class=\"wp-block-paragraph\">La menor de edad fue ingresada al Centro de Internamiento Quinta del Bosque en Zinacantepec donde la Autoridad Judicial determin\u00f3 vincularla a proceso con plazo de 30 d\u00edas para el cierre de investigaci\u00f3n complementaria y medida cautelar consistente en internamiento preventivo, sin embargo, debe ser considerada inocente hasta que sea dictada una sentencia condenatoria en su contra.<\/p>\n\n\n\n<h2 class=\"wp-block-heading\"><strong>Cadena de responsabilidades<\/strong><\/h2>\n\n\n\n<p class=\"wp-block-paragraph\">Juan Mart\u00edn P\u00e9rez expres\u00f3 preocupaci\u00f3n al observar que \u201cla Fiscal\u00eda deja abierta la posibilidad a la impunidad adulta; es importante hacer notar que existe una cadena de responsabilidades entre la escuela, servicios de salud y protecci\u00f3n infantil estatal quienes fueron omisas, negligentes o c\u00f3mplices desde la fecha de la agresi\u00f3n hasta la muerte de la ni\u00f1a\u201d.<\/p>\n\n\n\n<p class=\"wp-block-paragraph\">\u201cEl acoso escolar se reduce y previene cuando las autoridades educativas cumplen con sus responsabilidades legales, se promueve la cultura de paz, la soluci\u00f3n no violenta de conflictos y se abren espacios de participaci\u00f3n y libertad de expresi\u00f3n a las y los estudiantes\u201d, a\u00f1adi\u00f3.<\/p>\n\n\n\n<p class=\"wp-block-paragraph\">Y explic\u00f3 que \u201cen el contexto de violencia generalizada en M\u00e9xico crecen los discursos del populismo punitivo, que criminaliza a la ni\u00f1ez y juventud para justificar actos ilegales como mochila segura, videovigilancia o actos de violencia contra la familia de la adolescente agresora\u201d.<\/p>\n\n\n\n<p class=\"wp-block-paragraph\">Por lo pronto, \u201cla ni\u00f1a agresora tendr\u00e1 derecho a recibir tratamiento de acuerdo a su edad, como lo establece la Ley nacional del sistema integral de justicia para adolescentes (2016), y las v\u00edctimas derecho a la justicia y reparaci\u00f3n del da\u00f1o\u201d.<\/p>\n\n\n\n<p class=\"wp-block-paragraph\">SEM\/MG<\/p>\n","protected":false},"excerpt":{"rendered":"<p>\u201cNi\u00f1as y ni\u00f1os agresores en las escuelas, tambi\u00e9n son v\u00edctimas de violencia en su entorno; es decir, s\u00f3lo son un reflejo de una sociedad violenta\u201d, Juan Mart\u00edn P\u00e9rez.<\/p>\n","protected":false},"author":3,"featured_media":64660,"comment_status":"open","ping_status":"open","sticky":false,"template":"","format":"standard","meta":{"_monsterinsights_skip_tracking":false,"footnotes":""},"categories":[47,48],"tags":[],"class_list":["post-64659","post","type-post","status-publish","format-standard","has-post-thumbnail","category-no-mas-impunidad","category-no-mas-impunidad-no-mas-impunidad"],"_links":{"self":[{"href":"https:\/\/redsemlac.com\/semmexico\/wp-json\/wp\/v2\/posts\/64659","targetHints":{"allow":["GET"]}}],"collection":[{"href":"https:\/\/redsemlac.com\/semmexico\/wp-json\/wp\/v2\/posts"}],"about":[{"href":"https:\/\/redsemlac.com\/semmexico\/wp-json\/wp\/v2\/types\/post"}],"author":[{"embeddable":true,"href":"https:\/\/redsemlac.com\/semmexico\/wp-json\/wp\/v2\/users\/3"}],"replies":[{"embeddable":true,"href":"https:\/\/redsemlac.com\/semmexico\/wp-json\/wp\/v2\/comments?post=64659"}],"version-history":[{"count":0,"href":"https:\/\/redsemlac.com\/semmexico\/wp-json\/wp\/v2\/posts\/64659\/revisions"}],"wp:featuredmedia":[{"embeddable":true,"href":"https:\/\/redsemlac.com\/semmexico\/wp-json\/wp\/v2\/media\/64660"}],"wp:attachment":[{"href":"https:\/\/redsemlac.com\/semmexico\/wp-json\/wp\/v2\/media?parent=64659"}],"wp:term":[{"taxonomy":"category","embeddable":true,"href":"https:\/\/redsemlac.com\/semmexico\/wp-json\/wp\/v2\/categories?post=64659"},{"taxonomy":"post_tag","embeddable":true,"href":"https:\/\/redsemlac.com\/semmexico\/wp-json\/wp\/v2\/tags?post=64659"}],"curies":[{"name":"wp","href":"https:\/\/api.w.org\/{rel}","templated":true}]}}