{"id":64655,"date":"2023-03-20T16:17:27","date_gmt":"2023-03-20T22:17:27","guid":{"rendered":"https:\/\/redsemlac.com\/semmexico\/?p=64655"},"modified":"2023-03-20T16:17:30","modified_gmt":"2023-03-20T22:17:30","slug":"exigen-al-presidente-una-disculpa-publica-a-la-presidenta-de-la-suprema-corte-de-justicia-de-la-nacion-violentada-sistematicamente","status":"publish","type":"post","link":"https:\/\/redsemlac.com\/semmexico\/exigen-al-presidente-una-disculpa-publica-a-la-presidenta-de-la-suprema-corte-de-justicia-de-la-nacion-violentada-sistematicamente\/","title":{"rendered":"Exigen al Presidente una disculpa p\u00fablica a la presidenta de la Suprema Corte de Justicia de la Naci\u00f3n, violentada sistem\u00e1ticamente"},"content":{"rendered":"\n<ul class=\"wp-block-list\">\n<li><strong>Piden mujeres de 21 entidades del pa\u00eds y 50 mil firmas, alto a la violencia vs Norma Luc\u00eda Pi\u00f1a Hern\u00e1ndez.<\/strong><\/li>\n\n\n\n<li><strong>El Ejecutivo viola la Constituci\u00f3n y varios preceptos de leyes secundarias: Red Nacional de Mujeres Defensoras de la Paridad en Todo de la Rep\u00fablica Mexicana.<\/strong><\/li>\n<\/ul>\n\n\n\n<p class=\"wp-block-paragraph\"><strong>Sara Lovera<\/strong><\/p>\n\n\n\n<p class=\"wp-block-paragraph\">SemM\u00e9xico, Ciudad de M\u00e9xico, 20 de marzo del 2023.- Que el presidente Andr\u00e9s Manuel L\u00f3pez Obrador ofrezca inmediatamente una disculpa p\u00fablica desde Palacio Nacional a la ministra presidenta de la Suprema Corte de Justicia, Norma Luc\u00eda Pi\u00f1a Hern\u00e1ndez, y a todas las mujeres mexicanas, ante la agresi\u00f3n sistem\u00e1tica y por el delito de violencia pol\u00edtica en raz\u00f3n de g\u00e9nero.<\/p>\n\n\n\n<p class=\"wp-block-paragraph\">As\u00ed lo se\u00f1ala la Red Nacional de Mujeres Defensoras de la Paridad en Todo de la Rep\u00fablica Mexicana, sus 21 cap\u00edtulos de Aguascalientes a Zacatecas, en una petici\u00f3n p\u00fablica de change.org, que hasta la&nbsp; noche de este domingo hab\u00eda reunido m\u00e1s de 50 mil firmas.<\/p>\n\n\n\n<p class=\"wp-block-paragraph\">Esta petici\u00f3n forma parte de un clamor nacional para que cesen las hostilidades contra la representante de uno de los tres poderes de la Rep\u00fablica, calificada como una andanada propia de reg\u00edmenes dictatoriales, nunca sucedido en M\u00e9xico. Una mirada r\u00e1pida en los Tweets esta ma\u00f1ana arroj\u00f3 alrededor de 200, de apoyo y consternaci\u00f3n de estas agresiones, entre esos firmados por intelectuales, hombres, periodistas y feministas.<\/p>\n\n\n\n<p class=\"wp-block-paragraph\">La petici\u00f3n fue lanzada hace 5 d\u00edas por la caricaturista feminista Martha Barrag\u00e1n, en nombre de la Red, donde se expresa un \u201capoyo total y respaldo\u201d a la ministra presidenta de la SCJN, para que la ejecuci\u00f3n de sus funciones sea libre de violencia.<\/p>\n\n\n\n<p class=\"wp-block-paragraph\">Esta denuncia p\u00fablica y una centena m\u00e1s, surgieron este domingo -luego de los acontecimientos del z\u00f3calo capitalino el 18 de marzo- una de las firmantes estableci\u00f3 que la violencia pol\u00edtica ejercida contra la ministra presidenta de la SCJN en raz\u00f3n de g\u00e9nero, ha sido extendida por el presidente Andr\u00e9s Manuel L\u00f3pez Obrador, en poco tiempo y de manera reiterada, en cadena nacional desde las ma\u00f1aneras y repetida en muchas plataformas digitales.<\/p>\n\n\n\n<p class=\"wp-block-paragraph\">A la denuncia p\u00fablica de referencia, se han unido muchas otras voces, aun antes del ofensivo acto de quema de la imagen de la ministra sucedido el domingo pasado. Unas 90 mujeres pol\u00edticas, dirigentes, intelectuales y promotoras de los derechos de las mujeres, exigieron al Ejecutivo que se comporte de acuerdo a su investidura.<\/p>\n\n\n\n<p class=\"wp-block-paragraph\">En este desplegado firman integrantes de Mujeres en Plural, feministas y muchas de izquierda, entre ellas ex diputadas, militantes de partido y acad\u00e9micas destacadas como Amalia Garc\u00eda Medina; la morenista Lorena Villavicencio Ayala; las abogadas Patricia Olamendi Torres y B\u00e1rbara Garc\u00eda Camacho; la directora del Claustro de Sor Juana Carmen Beatriz L\u00f3pez Portillo y la excandidata a la presidencia Cecilia Soto Gonz\u00e1lez.<\/p>\n\n\n\n<h2 class=\"wp-block-heading\"><strong>Change.org<\/strong><\/h2>\n\n\n\n<p class=\"wp-block-paragraph\">La petici\u00f3n para todo el pa\u00eds, se\u00f1ala que la informaci\u00f3n para manifestar ideas, difundir opiniones, encuentra l\u00edmites en la necesidad de asegurar el respeto a los derechos, a la reputaci\u00f3n de los dem\u00e1s, a la protecci\u00f3n de la seguridad nacional, cuando se provoque alg\u00fan delito o se perturbe el orden p\u00fablico.<\/p>\n\n\n\n<p class=\"wp-block-paragraph\">Las peticionarias hacen 4 exigencias inmediatas al jefe del Ejecutivo: que se detengan desde la ma\u00f1anera las agresiones contra las mujeres; que se retire la propaganda denostativa de las plataformas digitales y redes sociales que atenten contra el desempe\u00f1o de las funciones de la ministra, as\u00ed como que atenten al libre desempe\u00f1o del cargo que ostenta; que respete la envestidura presidencial honrando el pleno respeto de los derechos humanos, pol\u00edticos y electorales de las mujeres por una vida libre de violencia contenidos en nuestra carta magna y diversos tratados internacionales de los cuales nuestro pa\u00eds es parte y que respete las pol\u00edticas de la instituci\u00f3n m\u00e1s alta de este pa\u00eds que exige el pleno respeto y trato digno, de igualdad para hombres y mujeres, que nos permita salir a la vida p\u00fablica sin temor a represalias u hostigamiento.<\/p>\n\n\n\n<p class=\"wp-block-paragraph\">Agregan la quinta: exigimos una disculpa p\u00fablica desde Palacio Nacional a ella y todas las mujeres, porque cuando tocan a una respondemos todas, dice la petici\u00f3n.<\/p>\n\n\n\n<p class=\"wp-block-paragraph\">Explica que como esos l\u00edmites al respeto de los derechos humanos no se acatan, se\u00f1alan que desde Palacio Nacional se incurre en varios tipos y modalidades de violencia contra las mujeres en raz\u00f3n de g\u00e9nero, constitutivos de violaci\u00f3n a nuestra Constituci\u00f3n y otras leyes:<\/p>\n\n\n\n<p class=\"has-medium-font-size wp-block-paragraph\"><strong>Violencia pol\u00edtica en raz\u00f3n de g\u00e9nero contra las mujeres:<\/strong><\/p>\n\n\n\n<p class=\"wp-block-paragraph\">Comprende todas aquellas acciones u omisiones de personas, servidoras o servidores p\u00fablicos que se dirigen a una mujer por ser mujer, tienen un impacto diferenciado en ellas o les pertenecen desproporcionadamente, con el objeto o resultado de menoscabar o anular sus derechos pol\u00edtico-electorales, incluyendo el ejercicio del cargo.<\/p>\n\n\n\n<p class=\"wp-block-paragraph\">Al poner en duda p\u00fablicamente las habilidades y competencias de su presidencia por ser mujer y acusarla de corrupta sin fundamento, con el objetivo pol\u00edtico de debilitar su labor como la primera mujer titular del Poder Judicial Federal.<\/p>\n\n\n\n<p class=\"has-medium-font-size wp-block-paragraph\"><strong>Acoso laboral bajo la perspectiva de g\u00e9nero:<\/strong><\/p>\n\n\n\n<p class=\"wp-block-paragraph\">Acoso laboral se constituye cuando se vulneren los derechos de las mujeres por su condici\u00f3n de g\u00e9nero, es decir, que las razones o intenciones para desacreditarla y\/o destituirla de su lugar de trabajo, sean en raz\u00f3n de su condici\u00f3n de mujer, que tienen como fin hostigar o amedrentar a la persona trabajadora para eliminarla de la organizaci\u00f3n laboral.<\/p>\n\n\n\n<p class=\"wp-block-paragraph\">Al emitir comentarios que ponen en duda su capacidad para el cargo y honorabilidad en duda.<\/p>\n\n\n\n<p class=\"has-medium-font-size wp-block-paragraph\"><strong>Violencia comunitaria o a Terceros:<\/strong><\/p>\n\n\n\n<p class=\"wp-block-paragraph\">Misma que puede traducirse en una afectaci\u00f3n a los derechos de terceros, pues se genera condiciones de ingobernabilidad que merman el que el \u00f3rgano pueda trabajar arm\u00f3nicamente a fin de prestar los servicios b\u00e1sicos que por ley est\u00e1 obligado a ofrecer a la ciudadan\u00eda.<\/p>\n\n\n\n<p class=\"wp-block-paragraph\">Al acusarla p\u00fablicamente de \u201cflorero\u201d y asegurar que ella libera delincuentes.<\/p>\n\n\n\n<p class=\"has-medium-font-size wp-block-paragraph\"><strong>Violencia Digital:<\/strong><\/p>\n\n\n\n<p class=\"wp-block-paragraph\">Los comentarios publicados por el mandatario ocasionan que la labor de la ministra sea tendencia en plataformas digitales como Twitter, por la cantidad de mensajes de violencia que se ha desatado en su contra y la coloca en un espacio de alta vulnerabilidad f\u00edsica, psicol\u00f3gica y en duda sus funciones ante la opini\u00f3n p\u00fablica.<\/p>\n\n\n\n<p class=\"has-medium-font-size wp-block-paragraph\"><strong>Violencia Institucional:<\/strong><\/p>\n\n\n\n<p class=\"wp-block-paragraph\">Los actos u omisiones de las y los servidores p\u00fablicos de cualquier orden de gobierno que discriminan o tendr\u00e1n como fin dilatar, obstaculizar o impedir el goce y ejercicio de los derechos humanos de las mujeres.<\/p>\n\n\n\n<p class=\"wp-block-paragraph\">Al usar un espacio institucional como es la Presidencia de la Rep\u00fablica para violentar a las mujeres en funciones ya las colectivas, dej\u00e1ndolas en condiciones de vulnerabilidad e indefensi\u00f3n.<\/p>\n\n\n\n<p class=\"wp-block-paragraph\">Rematan con una consigna: por una Vida Libre de Violencia Pol\u00edtica en Raz\u00f3n de G\u00e9nero y por el pleno respeto de los Derechos Humanos, pol\u00edticos y electorales de las mujeres y hasta que la Dignidad se haga costumbre.<\/p>\n\n\n\n<p class=\"wp-block-paragraph\">La petici\u00f3n la suscriben los cap\u00edtulos de la Red: Aguascalientes, Baja California, Baja California Sur, Coahuila, Chihuahua, Estado de M\u00e9xico, CDMX, Guanajuato, Guerrero, Hidalgo, Michoac\u00e1n, Morelos, Quer\u00e9taro, Oaxaca, Puebla, Tlaxcala, San Luis Potos\u00ed, Tabasco, Tamaulipas, Veracruz, Zacatecas.<\/p>\n\n\n\n<p class=\"wp-block-paragraph\">SEM\/MG<\/p>\n\n\n\n<figure class=\"wp-block-image size-large\"><a href=\"https:\/\/redsemlac.com\/semmexico\/wp-content\/uploads\/2023\/03\/nota-norma-2.jpg\"><img decoding=\"async\" src=\"https:\/\/redsemlac.com\/semmexico\/wp-content\/uploads\/2023\/03\/nota-norma-2-801x1024.jpg\" alt=\"\" class=\"wp-image-64656\"\/><\/a><\/figure>\n","protected":false},"excerpt":{"rendered":"<p>Piden mujeres de 21 entidades del pa\u00eds y 50 mil firmas, alto a la violencia vs Norma Luc\u00eda Pi\u00f1a Hern\u00e1ndez.<\/p>\n","protected":false},"author":3,"featured_media":64657,"comment_status":"open","ping_status":"open","sticky":false,"template":"","format":"standard","meta":{"_monsterinsights_skip_tracking":false,"footnotes":""},"categories":[54],"tags":[],"class_list":["post-64655","post","type-post","status-publish","format-standard","has-post-thumbnail","category-mujeres"],"_links":{"self":[{"href":"https:\/\/redsemlac.com\/semmexico\/wp-json\/wp\/v2\/posts\/64655","targetHints":{"allow":["GET"]}}],"collection":[{"href":"https:\/\/redsemlac.com\/semmexico\/wp-json\/wp\/v2\/posts"}],"about":[{"href":"https:\/\/redsemlac.com\/semmexico\/wp-json\/wp\/v2\/types\/post"}],"author":[{"embeddable":true,"href":"https:\/\/redsemlac.com\/semmexico\/wp-json\/wp\/v2\/users\/3"}],"replies":[{"embeddable":true,"href":"https:\/\/redsemlac.com\/semmexico\/wp-json\/wp\/v2\/comments?post=64655"}],"version-history":[{"count":0,"href":"https:\/\/redsemlac.com\/semmexico\/wp-json\/wp\/v2\/posts\/64655\/revisions"}],"wp:featuredmedia":[{"embeddable":true,"href":"https:\/\/redsemlac.com\/semmexico\/wp-json\/wp\/v2\/media\/64657"}],"wp:attachment":[{"href":"https:\/\/redsemlac.com\/semmexico\/wp-json\/wp\/v2\/media?parent=64655"}],"wp:term":[{"taxonomy":"category","embeddable":true,"href":"https:\/\/redsemlac.com\/semmexico\/wp-json\/wp\/v2\/categories?post=64655"},{"taxonomy":"post_tag","embeddable":true,"href":"https:\/\/redsemlac.com\/semmexico\/wp-json\/wp\/v2\/tags?post=64655"}],"curies":[{"name":"wp","href":"https:\/\/api.w.org\/{rel}","templated":true}]}}