{"id":64651,"date":"2023-03-20T15:38:44","date_gmt":"2023-03-20T21:38:44","guid":{"rendered":"https:\/\/redsemlac.com\/semmexico\/?p=64651"},"modified":"2023-03-20T15:38:47","modified_gmt":"2023-03-20T21:38:47","slug":"2023-puede-ser-de-los-anos-mas-violentos-en-mexico","status":"publish","type":"post","link":"https:\/\/redsemlac.com\/semmexico\/2023-puede-ser-de-los-anos-mas-violentos-en-mexico\/","title":{"rendered":"2023 puede ser de los a\u00f1os m\u00e1s violentos en M\u00e9xico"},"content":{"rendered":"\n<ul class=\"wp-block-list\">\n<li><strong>El jefe pol\u00edtico del Senado pide revisar urgentemente la estrategia de seguridad, por asesinatos y feminicidios.<\/strong><\/li>\n\n\n\n<li><strong>Se cimbra el pa\u00eds por los feminicidios de <\/strong><strong>Rosa Mar\u00eda, Sandra Daniela, Paulina Berenice, Mariana, Gabriela y Yoselin Daniela en Guanajuato.<\/strong><strong><\/strong><\/li>\n<\/ul>\n\n\n\n<p class=\"wp-block-paragraph\"><strong>Redacci\u00f3n<\/strong><\/p>\n\n\n\n<p class=\"wp-block-paragraph\">SemM\u00e9xico, Ciudad de M\u00e9xico, 20 de marzo del 2023.- Este a\u00f1o puede ser uno de los m\u00e1s violentos, donde han ocurrido m\u00e1s de mil homicidios s\u00f3lo en las primeras dos semanas de enero de 2023; con 666 asesinatos s\u00f3lo en 8 d\u00edas, y los reportes del primer trimestre indican que en promedio 81 personas son asesinadas al d\u00eda, de ellas 21 son mujeres.<\/p>\n\n\n\n<p class=\"wp-block-paragraph\">Eso hizo que la semana que termin\u00f3 el jefe pol\u00edtico del Senado de la Rep\u00fablica, Ricardo Monreal \u00c1vila se pronunci\u00f3 por revisar la estrategia de seguridad p\u00fablica del pa\u00eds, pues consider\u00f3 que no es posible que pueda seguir habiendo v\u00edctimas del crimen organizado en contra de mujeres y hombres.<\/p>\n\n\n\n<p class=\"wp-block-paragraph\">En un mensaje publicado en redes sociales, difundido este domingo, urgi\u00f3 el morenista a revisar la estrategia de seguridad: porque la violencia no debe seguir arrebatando vidas. Y agreg\u00f3 que \u201cdebemos revisar y profundizar la estrategia de seguridad p\u00fablica\u201d.<\/p>\n\n\n\n<figure class=\"wp-block-image size-large\"><a href=\"https:\/\/redsemlac.com\/semmexico\/wp-content\/uploads\/2023\/03\/nota-1-2.jpg\"><img decoding=\"async\" src=\"https:\/\/redsemlac.com\/semmexico\/wp-content\/uploads\/2023\/03\/nota-1-2-990x1024.jpg\" alt=\"\" class=\"wp-image-64652\"\/><\/a><\/figure>\n\n\n\n<p class=\"wp-block-paragraph\">Tras condenar la violencia, dijo que la delincuencia organizada no debe continuar arrebatando vidas, como las de Rosa Mar\u00eda, Sandra Daniela, Paulina Berenice, Mariana, Gabriela y Yoselin Daniela en Guanajuato.<\/p>\n\n\n\n<p class=\"wp-block-paragraph\">Seg\u00fan un examen de las estad\u00edsticas oficiales Guanajuato es el estado m\u00e1s peligroso con 101 asesinatos en ese per\u00edodo.<\/p>\n\n\n\n<p class=\"wp-block-paragraph\">Otros estados con alta incidencia delictiva el Estado de M\u00e9xico, Chihuahua y Michoac\u00e1n. En total, durante los cuatro a\u00f1os de la presidencia de AMLO (2018-2022), se registraron 140,532 homicidios dolosos.<\/p>\n\n\n\n<p class=\"wp-block-paragraph\">Si se suman los cuadros de enero de 2023, la cifra aumenta a 143,186 asesinatos.<\/p>\n\n\n\n<p class=\"wp-block-paragraph\">En cuanto a los municipios m\u00e1s violentos, siete de los diez estados m\u00e1s violentos est\u00e1n gobernados por Morena.<\/p>\n\n\n\n<p class=\"wp-block-paragraph\">Colima ha sido la entidad federativa m\u00e1s violenta del pa\u00eds por varios a\u00f1os consecutivos. En cuanto a los tipos de delitos cometidos en M\u00e9xico, adem\u00e1s de homicidios dolorosos y feminicidios, tambi\u00e9n hay secuestros y extorsiones.<\/p>\n\n\n\n<p class=\"wp-block-paragraph\">SEM\/MG<\/p>\n","protected":false},"excerpt":{"rendered":"<p>El jefe pol\u00edtico del Senado pide revisar urgentemente la estrategia de seguridad, por asesinatos y feminicidios.<\/p>\n","protected":false},"author":3,"featured_media":64653,"comment_status":"open","ping_status":"open","sticky":false,"template":"","format":"standard","meta":{"_monsterinsights_skip_tracking":false,"footnotes":""},"categories":[50],"tags":[],"class_list":["post-64651","post","type-post","status-publish","format-standard","has-post-thumbnail","category-congreso"],"_links":{"self":[{"href":"https:\/\/redsemlac.com\/semmexico\/wp-json\/wp\/v2\/posts\/64651","targetHints":{"allow":["GET"]}}],"collection":[{"href":"https:\/\/redsemlac.com\/semmexico\/wp-json\/wp\/v2\/posts"}],"about":[{"href":"https:\/\/redsemlac.com\/semmexico\/wp-json\/wp\/v2\/types\/post"}],"author":[{"embeddable":true,"href":"https:\/\/redsemlac.com\/semmexico\/wp-json\/wp\/v2\/users\/3"}],"replies":[{"embeddable":true,"href":"https:\/\/redsemlac.com\/semmexico\/wp-json\/wp\/v2\/comments?post=64651"}],"version-history":[{"count":0,"href":"https:\/\/redsemlac.com\/semmexico\/wp-json\/wp\/v2\/posts\/64651\/revisions"}],"wp:featuredmedia":[{"embeddable":true,"href":"https:\/\/redsemlac.com\/semmexico\/wp-json\/wp\/v2\/media\/64653"}],"wp:attachment":[{"href":"https:\/\/redsemlac.com\/semmexico\/wp-json\/wp\/v2\/media?parent=64651"}],"wp:term":[{"taxonomy":"category","embeddable":true,"href":"https:\/\/redsemlac.com\/semmexico\/wp-json\/wp\/v2\/categories?post=64651"},{"taxonomy":"post_tag","embeddable":true,"href":"https:\/\/redsemlac.com\/semmexico\/wp-json\/wp\/v2\/tags?post=64651"}],"curies":[{"name":"wp","href":"https:\/\/api.w.org\/{rel}","templated":true}]}}