{"id":64648,"date":"2023-03-20T15:23:10","date_gmt":"2023-03-20T21:23:10","guid":{"rendered":"https:\/\/redsemlac.com\/semmexico\/?p=64648"},"modified":"2023-03-20T15:23:13","modified_gmt":"2023-03-20T21:23:13","slug":"opinion-solidaridad-con-norma-pina","status":"publish","type":"post","link":"https:\/\/redsemlac.com\/semmexico\/opinion-solidaridad-con-norma-pina\/","title":{"rendered":"Opini\u00f3n| Solidaridad con Norma Pi\u00f1a"},"content":{"rendered":"\n<p class=\"wp-block-paragraph\"><strong>Javier Mac\u00edas Garc\u00eda<\/strong><\/p>\n\n\n\n<p class=\"wp-block-paragraph\">SemM\u00e9xico\/Maya Comunicaci\u00f3n, Ciudad de M\u00e9xico, 20 de marzo del 2023.- La Suprema Corte de Justicia de la Naci\u00f3n, bajo la presidencia de la ministra Norma Pi\u00f1a, hasta el momento, no se ha pronunciado ni a favor ni en contra de las reformas constitucionales que le interesan al presidente Andr\u00e9s Manuel L\u00f3pez Obrador. Por lo tanto, la campa\u00f1a de odio y violencia en su contra, surge a partir de las expresiones del mandatario durante sus conferencias ma\u00f1aneras.<\/p>\n\n\n\n<p class=\"wp-block-paragraph\">Una de las acciones violentas en contra de la ministra se registr\u00f3 este s\u00e1bado, durante la concentraci\u00f3n convocada por L\u00f3pez Obrador, para conmemorar el 85 aniversario de la Expropiaci\u00f3n Petrolera. La decisi\u00f3n de un grupo de personas de quemar una imagen de la titular de la SCJN, dej\u00f3 en segundo plano el evento en s\u00ed. Pol\u00edticas y pol\u00edticos de diversos partidos condenaron esa acci\u00f3n y manifestaron su apoyo a la ministra.<\/p>\n\n\n\n<p class=\"wp-block-paragraph\">La misma Beatriz Guti\u00e9rrez M\u00fcller, esposa de L\u00f3pez Obrador, difundi\u00f3 un mensaje en sus redes sociales, en el que, sin mencionar a la ministra, le manifest\u00f3 su apoyo, ante la vejaci\u00f3n a su persona e imagen. Manifest\u00f3 su rechazo a la violencia y pidi\u00f3 no convertir la libertad en libertinaje.<\/p>\n\n\n\n<p class=\"wp-block-paragraph\">Guti\u00e9rrez M\u00fcller escribi\u00f3: \u201cNo convertir la libertad en libertinaje es clave para vivir y convivir en un pa\u00eds plural y democr\u00e1tico como el nuestro. Mi apoyo a todas las mujeres de la pol\u00edtica (o circunstancialmente cerca de esta) ante la vejaci\u00f3n a sus personas o imagen, o la de sus hijos. Lo he padecido tanto, \u00bfc\u00f3mo no solidarizarme? Subamos el nivel. No violencia. M\u00e1s amor urgentemente\u201d.<\/p>\n\n\n\n<p class=\"wp-block-paragraph\">Sin embargo, no hubo manifestaciones de apoyo a la ministra ni de condena a esta clara incitaci\u00f3n a la violencia en contra de Norma Pi\u00f1a, por parte de otras y otros funcionarios y militantes de Morena.<\/p>\n\n\n\n<p class=\"wp-block-paragraph\">Es lamentable la normalizaci\u00f3n de la violencia, que se vive en el pa\u00eds. Quemar la imagen de la ministra, es s\u00f3lo una de las muchas manifestaciones en su contra. Hace unos d\u00edas, una mujer, con una metralleta de juguete, se manifest\u00f3 frente a la puerta principal de la SCJN. Hace unas semanas, a trav\u00e9s de redes sociales, alguien poste\u00f3 la foto de la juzgadora, con la frase \u201cel problema\u201d y, al lado, otra imagen de una bala, con la inscripci\u00f3n: \u201cla soluci\u00f3n\u201d.<\/p>\n\n\n\n<p class=\"wp-block-paragraph\">La violencia es un asunto que compete a todas y todos. Principalmente, a aquellas y aquellos, como el presidente L\u00f3pez Obrador, que tiene un espacio de comunicaci\u00f3n, como sus conferencias ma\u00f1aneras, en el que si bien no hace llamados a la violencia, si estigmatiza a periodistas, ministros\/ministras, jueces\/juezas, intelectuales, pol\u00edticos\/pol\u00edticas de oposici\u00f3n y todas y todos aquellos que no est\u00e1n de acuerdo con su proyecto de naci\u00f3n.<\/p>\n\n\n\n<p class=\"wp-block-paragraph\">Es urgente que, desde Presidencia de la Rep\u00fablica, se implementen acciones concretas en contra de cualquier tipo de violencia, en particular en contra de las ni\u00f1as y mujeres.<\/p>\n\n\n\n<h2 class=\"wp-block-heading\"><strong>Intimidar a la SCJN<\/strong><\/h2>\n\n\n\n<p class=\"wp-block-paragraph\">En el fondo, el discurso presidencial, en contra de la Suprema Corte, busca intimidar a las y los ministros para que rechacen las controversias constitucionales, promovidas por diversos partidos pol\u00edticos, como las referentes al Plan B electoral, que tanto le interesa a L\u00f3pez Obrador, a fin de incidir en los pr\u00f3ximos procesos electorales, para que Morena contin\u00fae en el poder.<\/p>\n\n\n\n<p class=\"wp-block-paragraph\">El mandatario puede moderar su discurso. Pero no puede controlar a militantes y simpatizantes que lo han tomado como un llamado a realizar acciones intimidatorias, como la quema de la imagen de la ministra o la difusi\u00f3n de fotograf\u00edas de Norma Pi\u00f1a y una bala, con la inscripci\u00f3n \u201cel problema y la soluci\u00f3n\u201d.<\/p>\n\n\n\n<p class=\"wp-block-paragraph\">El discurso del presidente y las acciones de militantes y simpatizantes continuar\u00e1, hasta que la SCJN analice las controversias constitucionales que le interesan a L\u00f3pez Obrador. Se prev\u00e9 que ambos se intensifiquen, en caso de que el M\u00e1ximo Tribunal eche para abajo el Plan B electoral.<\/p>\n\n\n\n<p class=\"wp-block-paragraph\">En contra sentido, quienes promueven las controversias constitucionales, han manifestado su confianza en las instituciones. Y, a diferencia de militantes y simpatizantes de Morena, han dejado flores frente a las puertas de la SCJN. Conf\u00edan en que se reinstauren el orden constitucional y democr\u00e1tico y, por ende, la paz p\u00fablica.<\/p>\n\n\n\n<p class=\"wp-block-paragraph\">Las pr\u00f3ximas semanas ser\u00e1n decisivas para la vida democr\u00e1tica del pa\u00eds. Pero, por lo pronto, con las concentraciones en el Z\u00f3calo, por parte de quienes apoyan al presidente L\u00f3pez Obrador y de quienes promueven la defensa del INE, se puede prever que las pr\u00f3ximas elecciones en Coahuila y Estado de M\u00e9xico y las del 2024, ser\u00e1n escenarios de mucha participaci\u00f3n ciudadana y, ojal\u00e1, en un clima de paz y civilidad democr\u00e1tica.<\/p>\n\n\n\n<p class=\"wp-block-paragraph\">SEM\/MG<\/p>\n","protected":false},"excerpt":{"rendered":"<p>La Suprema Corte de Justicia de la Naci\u00f3n, bajo la presidencia de la ministra Norma Pi\u00f1a, hasta el momento, no se ha pronunciado ni a favor ni en contra de las reformas constitucionales que le interesan al presidente Andr\u00e9s Manuel L\u00f3pez Obrador.<\/p>\n","protected":false},"author":3,"featured_media":64649,"comment_status":"open","ping_status":"open","sticky":false,"template":"","format":"standard","meta":{"_monsterinsights_skip_tracking":false,"footnotes":""},"categories":[82,110],"tags":[],"class_list":["post-64648","post","type-post","status-publish","format-standard","has-post-thumbnail","category-la-opinion","category-la-opinion-columnas"],"_links":{"self":[{"href":"https:\/\/redsemlac.com\/semmexico\/wp-json\/wp\/v2\/posts\/64648","targetHints":{"allow":["GET"]}}],"collection":[{"href":"https:\/\/redsemlac.com\/semmexico\/wp-json\/wp\/v2\/posts"}],"about":[{"href":"https:\/\/redsemlac.com\/semmexico\/wp-json\/wp\/v2\/types\/post"}],"author":[{"embeddable":true,"href":"https:\/\/redsemlac.com\/semmexico\/wp-json\/wp\/v2\/users\/3"}],"replies":[{"embeddable":true,"href":"https:\/\/redsemlac.com\/semmexico\/wp-json\/wp\/v2\/comments?post=64648"}],"version-history":[{"count":0,"href":"https:\/\/redsemlac.com\/semmexico\/wp-json\/wp\/v2\/posts\/64648\/revisions"}],"wp:featuredmedia":[{"embeddable":true,"href":"https:\/\/redsemlac.com\/semmexico\/wp-json\/wp\/v2\/media\/64649"}],"wp:attachment":[{"href":"https:\/\/redsemlac.com\/semmexico\/wp-json\/wp\/v2\/media?parent=64648"}],"wp:term":[{"taxonomy":"category","embeddable":true,"href":"https:\/\/redsemlac.com\/semmexico\/wp-json\/wp\/v2\/categories?post=64648"},{"taxonomy":"post_tag","embeddable":true,"href":"https:\/\/redsemlac.com\/semmexico\/wp-json\/wp\/v2\/tags?post=64648"}],"curies":[{"name":"wp","href":"https:\/\/api.w.org\/{rel}","templated":true}]}}