{"id":64635,"date":"2023-03-20T14:31:10","date_gmt":"2023-03-20T20:31:10","guid":{"rendered":"https:\/\/redsemlac.com\/semmexico\/?p=64635"},"modified":"2023-03-20T14:31:13","modified_gmt":"2023-03-20T20:31:13","slug":"en-mexico-3-de-cada-10-mujeres-que-dieron-a-luz-sufrieron-violencia-obstetrica","status":"publish","type":"post","link":"https:\/\/redsemlac.com\/semmexico\/en-mexico-3-de-cada-10-mujeres-que-dieron-a-luz-sufrieron-violencia-obstetrica\/","title":{"rendered":"En M\u00e9xico, 3 de cada 10 mujeres que dieron a luz sufrieron violencia obst\u00e9trica"},"content":{"rendered":"\n<ul class=\"wp-block-list\">\n<li><strong>Iniciativas en el Senado buscan prevenir ces\u00e1reas injustificadas y abusos por el personal m\u00e9dico.<\/strong><\/li>\n<\/ul>\n\n\n\n<p class=\"wp-block-paragraph\"><strong>Elda Montiel<\/strong><\/p>\n\n\n\n<p class=\"wp-block-paragraph\">SemM\u00e9xico, Ciudad de M\u00e9xico, 20 de marzo del 2023.- En el Senado se discuten iniciativas para prevenir la violencia obst\u00e9trica, ya que tres de cada 10 mujeres han sido v\u00edctimas de maltrato o alguna forma de violencia en la atenci\u00f3n de todas las etapas del proceso gestacional que adem\u00e1s de da\u00f1o f\u00edsico provoca da\u00f1o psicol\u00f3gico.&nbsp;<\/p>\n\n\n\n<p class=\"wp-block-paragraph\">El 33 por ciento de mujeres que dieron a luz, afirmaron haber sufrido alg\u00fan maltrato por el personal de salud; 43 por ciento que pari\u00f3, afirm\u00f3 haberlo hecho a trav\u00e9s de ces\u00e1rea, de las cuales el 10 por ciento reporta que no se le inform\u00f3 el motivo de la realizaci\u00f3n de dicha intervenci\u00f3n y otro 10 por ciento, dijo que no le pidieron autorizaci\u00f3n para realizarla.<\/p>\n\n\n\n<p class=\"wp-block-paragraph\">\u201cDichos datos hablan de la urgencia de generar un espacio de seguridad jur\u00eddica para la madre, persona gestante, padre y reci\u00e9n nacido y nacida\u201d, se\u00f1ala el senador Ricardo Monreal \u00c1vila, presidente de la Junta de Coordinaci\u00f3n Pol\u00edtica, en la iniciativa para prevenir la violencia obst\u00e9trica.<\/p>\n\n\n\n<p class=\"wp-block-paragraph\">La propuesta del senador reforma la Ley General de Acceso a las Mujeres a una Vida Libre de Violencia, a efecto de definir la violencia obst\u00e9trica como toda acci\u00f3n u omisi\u00f3n ejercida dentro de la esfera de atenci\u00f3n m\u00e9dica por el personal de salud consistente en la manipulaci\u00f3n, desinformaci\u00f3n intencionada, abuso de medicaci\u00f3n, patologizaci\u00f3n de procesos naturales, imposici\u00f3n de tratamientos m\u00e9dicos y la utilizaci\u00f3n de estos cuando es innecesario.<\/p>\n\n\n\n<p class=\"wp-block-paragraph\">Adem\u00e1s, plantea especificar las conductas que constituyen violencia obst\u00e9trica, tales como el maltrato f\u00edsico y psicol\u00f3gico, la falta de atenci\u00f3n oportuna de las emergencias obst\u00e9tricas, los actos de humillaci\u00f3n, abuso verbal e insultos.<\/p>\n\n\n\n<p class=\"wp-block-paragraph\">Tambi\u00e9n la ejecuci\u00f3n de ces\u00e1reas injustificadas y sin el consentimiento expreso e informado de la mujer, as\u00ed como la realizaci\u00f3n de procedimientos autoritarios para imponer un m\u00e9todo anticonceptivo u obstaculizar el apego inmediato de la ni\u00f1a o ni\u00f1o con la madre, sin causa m\u00e9dica justificada, entre otras.<\/p>\n\n\n\n<p class=\"wp-block-paragraph\">Finalmente propone incorporar a la Ley General de Salud que toda mujer embarazada tendr\u00e1 derecho a un trato digno y con perspectiva intercultural en los servicios de salud y atenci\u00f3n m\u00e9dica, as\u00ed como libre de violencia obst\u00e9trica.<\/p>\n\n\n\n<p class=\"wp-block-paragraph\">Monreal \u00c1vila explic\u00f3 que la violencia obst\u00e9trica se manifiesta durante la atenci\u00f3n del embarazo, parto y postparto, y consiste en cualquier acci\u00f3n u omisi\u00f3n por parte del personal de salud que cause un da\u00f1o f\u00edsico o psicol\u00f3gico en la mujer en esas etapas.<\/p>\n\n\n\n<p class=\"wp-block-paragraph\">Esta conducta, detall\u00f3, se caracteriza por la falta de acceso a servicios de salud reproductiva, un trato cruel, inhumano y humillante y el abuso de medicaciones o tratamientos innecesarios, lo que menoscaba el derecho de las mujeres a decidir de manera libre e informada respecto de sus procesos reproductivos.<\/p>\n\n\n\n<h2 class=\"wp-block-heading\"><strong>Iniciativa para prevenir violencia obst\u00e9trica contra mujeres privadas de la libertad<\/strong><\/h2>\n\n\n\n<p class=\"wp-block-paragraph\">Tambi\u00e9n en el Senado de la Rep\u00fablica, la senadora Nancy de la Sierra Ar\u00e1mburo, integrante del Grupo Plural de la LXV Legislatura, presento un proyecto de decreto por el que se reforman y adicionan diversas disposiciones de la Ley Nacional de Ejecuci\u00f3n Penal y la Ley General de Acceso de las Mujeres a una Vida Libre de Violencia, en materia de violencia obst\u00e9trica contra las mujeres privadas de la libertad.<\/p>\n\n\n\n<p class=\"wp-block-paragraph\">En los argumentos se se\u00f1ala que en los\u00faltimos 20 a\u00f1os, el porcentaje de mujeres encarceladas aument\u00f3 m\u00e1s del 50 por ciento, lo que no guarda relaci\u00f3n con el aumento de la poblaci\u00f3n en general, sino con la pol\u00edtica criminal que carece de una perspectiva de g\u00e9nero.<\/p>\n\n\n\n<p class=\"wp-block-paragraph\">En el caso de M\u00e9xico, m\u00e1s de 12,400 mujeres se encuentran privadas de la libertad y m\u00e1s de la mitad de ellas siguen a la espera de su juicio, ya que fueron privadas de su libertad como una medida cautelar.<\/p>\n\n\n\n<p class=\"wp-block-paragraph\">Define como violencia obst\u00e9trica toda acci\u00f3n u omisi\u00f3n por parte del personal del Sistema Nacional de Salud que cause un da\u00f1o f\u00edsico o psicol\u00f3gico a la mujer durante el embarazo, parto y puerperio; que se exprese en la falta de acceso a servicios de salud reproductiva, un trato inhumano o degradante, o un abuso de medicaci\u00f3n, menoscabando su capacidad de decidir libre e informadamente sobre dichos procesos reproductivos.<\/p>\n\n\n\n<p class=\"wp-block-paragraph\">Cualesquiera otras formas an\u00e1logas que lesionen o sean susceptibles de da\u00f1ar la dignidad, integridad o libertad de las mujeres.<\/p>\n\n\n\n<p class=\"wp-block-paragraph\">La iniciativa demanda que las mujeres privadas de la libertad deber\u00e1n recibir la atenci\u00f3n m\u00e9dica especializada durante la gestaci\u00f3n, el parto y el periodo de posparto y lactancia. As\u00ed como el derecho de recibir informaci\u00f3n sobre su condici\u00f3n m\u00e9dica de manera precisa y oportuna basada en evidencia cient\u00edfica, sin sesgos, libre de estereotipos y discriminaci\u00f3n. Incluir un plan de parto ante la instituci\u00f3n de salud que asistir\u00e1 el nacimiento y el derecho al contacto materno filial.<\/p>\n\n\n\n<p class=\"wp-block-paragraph\">Atenci\u00f3n y apoyo psicol\u00f3gico especializado. No ser sometidas a cualquier examen o procedimiento m\u00e9dico, incluyendo aquellos vinculados con la salud sexual y reproductiva, sin su consentimiento previo libre, informado y voluntario.<\/p>\n\n\n\n<p class=\"wp-block-paragraph\">Guardar la privacidad, de modo tal que no se brinde informaci\u00f3n a los hospitales o centros de salud sobre los motivos de detenci\u00f3n y la situaci\u00f3n procesal de las mujeres. Asimismo, se debe velar por la confidencialidad durante todo el proceso.<\/p>\n\n\n\n<p class=\"wp-block-paragraph\">Promueve la capacitaci\u00f3n del personal penitenciario sobre la tem\u00e1tica del parto respetado, sobre el modo de actuar frente al preparto, y sobre la importancia de hacerlo de modo eficiente y sensible a la situaci\u00f3n particular de las mujeres detenidas en esta situaci\u00f3n, a fin de que puedan atender con urgencia las quejas y preocupaciones relacionadas con el embarazo.<\/p>\n\n\n\n<p class=\"wp-block-paragraph\">Las mujeres embarazadas deber\u00e1n ser trasladadas a la mayor brevedad posible a hospitales civiles para el trabajo de parto. Si ello no fuere posible, el parto debe ser atendido por un especialista m\u00e9dico, en instalaciones aptas para el nacimiento de un o una beb\u00e9.<\/p>\n\n\n\n<p class=\"wp-block-paragraph\">SEM\/MG<\/p>\n","protected":false},"excerpt":{"rendered":"<p>Iniciativas en el Senado buscan prevenir ces\u00e1reas injustificadas y abusos por el personal m\u00e9dico.<\/p>\n","protected":false},"author":3,"featured_media":64636,"comment_status":"open","ping_status":"open","sticky":false,"template":"","format":"standard","meta":{"_monsterinsights_skip_tracking":false,"footnotes":""},"categories":[50],"tags":[],"class_list":["post-64635","post","type-post","status-publish","format-standard","has-post-thumbnail","category-congreso"],"_links":{"self":[{"href":"https:\/\/redsemlac.com\/semmexico\/wp-json\/wp\/v2\/posts\/64635","targetHints":{"allow":["GET"]}}],"collection":[{"href":"https:\/\/redsemlac.com\/semmexico\/wp-json\/wp\/v2\/posts"}],"about":[{"href":"https:\/\/redsemlac.com\/semmexico\/wp-json\/wp\/v2\/types\/post"}],"author":[{"embeddable":true,"href":"https:\/\/redsemlac.com\/semmexico\/wp-json\/wp\/v2\/users\/3"}],"replies":[{"embeddable":true,"href":"https:\/\/redsemlac.com\/semmexico\/wp-json\/wp\/v2\/comments?post=64635"}],"version-history":[{"count":0,"href":"https:\/\/redsemlac.com\/semmexico\/wp-json\/wp\/v2\/posts\/64635\/revisions"}],"wp:featuredmedia":[{"embeddable":true,"href":"https:\/\/redsemlac.com\/semmexico\/wp-json\/wp\/v2\/media\/64636"}],"wp:attachment":[{"href":"https:\/\/redsemlac.com\/semmexico\/wp-json\/wp\/v2\/media?parent=64635"}],"wp:term":[{"taxonomy":"category","embeddable":true,"href":"https:\/\/redsemlac.com\/semmexico\/wp-json\/wp\/v2\/categories?post=64635"},{"taxonomy":"post_tag","embeddable":true,"href":"https:\/\/redsemlac.com\/semmexico\/wp-json\/wp\/v2\/tags?post=64635"}],"curies":[{"name":"wp","href":"https:\/\/api.w.org\/{rel}","templated":true}]}}