{"id":64632,"date":"2023-03-20T13:27:41","date_gmt":"2023-03-20T19:27:41","guid":{"rendered":"https:\/\/redsemlac.com\/semmexico\/?p=64632"},"modified":"2023-03-20T13:27:43","modified_gmt":"2023-03-20T19:27:43","slug":"por-violencia-contra-mujeres-han-sido-aprehendidos-11-presuntos-agresores-fgjcdmx","status":"publish","type":"post","link":"https:\/\/redsemlac.com\/semmexico\/por-violencia-contra-mujeres-han-sido-aprehendidos-11-presuntos-agresores-fgjcdmx\/","title":{"rendered":"Por violencia contra mujeres han sido aprehendidos 11 presuntos agresores: FGJCDMX"},"content":{"rendered":"\n<ul class=\"wp-block-list\">\n<li><strong>De acuerdo con las investigaciones de cada caso, las v\u00edctimas son mujeres, y las agresiones son desde verbales hasta con el uso de armas punzocortantes.<\/strong><strong><\/strong><\/li>\n<\/ul>\n\n\n\n<p class=\"wp-block-paragraph\"><strong>Micaela M\u00e1rquez <\/strong><strong><\/strong><\/p>\n\n\n\n<p class=\"wp-block-paragraph\">SemM\u00e9xico, Ciudad de M\u00e9xico, 20 de marzo del 2023.- Por agresiones que van desde verbales hasta lesiones con cuchillo fueron detenidos once hombres por hechos registrados entre 2019 y 2023 en las alcald\u00edas Iztacalco, Iztapalapa, Tl\u00e1huac y Venustiano Carranza por parte del personal de la Fiscal\u00eda General de Justicia de la Ciudad de M\u00e9xico (FGJCDMX).<\/p>\n\n\n\n<p class=\"wp-block-paragraph\">El cumplimiento de las 11 \u00f3rdenes de aprehensi\u00f3n por el delito de violencia familiar se dan como resultado de los&nbsp; trabajos de campo y gabinete realizados por el personal de la Direcci\u00f3n General de Atenci\u00f3n y Cumplimiento de Ordenamientos Judiciales, que permitieron ubicar a las once personas y ponerlas a disposici\u00f3n de los respectivos jueces de control que los requieren, para que respondan por los hechos que se les acusa.&nbsp;<\/p>\n\n\n\n<p class=\"wp-block-paragraph\">De acuerdo con las investigaciones de cada caso, las v\u00edctimas son mujeres, y las agresiones son desde verbales hasta con el uso de armas punzocortantes.<\/p>\n\n\n\n<p class=\"wp-block-paragraph\">Tal es el caso registrado en mayo de 2022, en la colonia Santa \u00darsula Coapa, alcald\u00eda Coyoac\u00e1n, donde el individuo posiblemente lesion\u00f3 a la v\u00edctima con un cuchillo, por lo que se inici\u00f3 carpeta de investigaci\u00f3n por los delitos de violencia familiar y lesiones calificadas.<\/p>\n\n\n\n<p class=\"wp-block-paragraph\">El pasado 6 de marzo del presente a\u00f1o, la representaci\u00f3n social tom\u00f3 conocimiento de hechos registrados en la colonia Las Pe\u00f1as, alcald\u00eda Iztapalapa, donde el hombre posiblemente habr\u00eda agredido a la v\u00edctima con un cuchillo, por lo que se inici\u00f3 una carpeta de investigaci\u00f3n por los delitos de violencia familiar y feminicidio en grado de tentativa.<\/p>\n\n\n\n<p class=\"wp-block-paragraph\">A las personas mencionadas en este comunicado se les presume inocentes y ser\u00e1n tratadas como tales en todas las etapas del procedimiento, mientras no se declare su responsabilidad mediante sentencia emitida por el \u00f3rgano jurisdiccional, en los t\u00e9rminos se\u00f1alados en el C\u00f3digo Nacional de Procedimientos Penales.<\/p>\n\n\n\n<h2 class=\"wp-block-heading\"><strong>En un mes fiscal\u00eda capitalina ha procesado a 65 personas por diversos delitos contra ni\u00f1as, mujeres y adultas mayores<\/strong><strong><\/strong><\/h2>\n\n\n\n<p class=\"wp-block-paragraph\">Cabe recordar que la procuradora capitalina inform\u00f3 el pasado 16 de marzo que se hab\u00edan procesado a 65 personas acusadas de diversos delitos en contra de ni\u00f1as, adolescentes, mujeres y adulta mayores. Se dio cumplimiento a 24 \u00f3rdenes de aprehensi\u00f3n, as\u00ed como a 41 detenciones en flagrancia; 36 personas fueron imputadas por violencia familiar; 21 por abuso sexual; dos por violaci\u00f3n e igual n\u00famero por tentativa de feminicidio; dos m\u00e1s por el delito contra la intimidad sexual, una por feminicidio, y otra persona por acoso sexual.<\/p>\n\n\n\n<p class=\"wp-block-paragraph\">Como parte del informe del 23 de febrero al 9 de marzo de la Declaratoria de Violencia de Genero emitida por el gobierno de la Ciudad de M\u00e9xico.<\/p>\n\n\n\n<p class=\"wp-block-paragraph\">SEM\/MG<\/p>\n","protected":false},"excerpt":{"rendered":"<p>De acuerdo con las investigaciones de cada caso, las v\u00edctimas son mujeres, y las agresiones son desde verbales hasta con el uso de armas punzocortantes.<\/p>\n","protected":false},"author":3,"featured_media":64633,"comment_status":"open","ping_status":"open","sticky":false,"template":"","format":"standard","meta":{"_monsterinsights_skip_tracking":false,"footnotes":""},"categories":[51],"tags":[],"class_list":["post-64632","post","type-post","status-publish","format-standard","has-post-thumbnail","category-ejecutivo"],"_links":{"self":[{"href":"https:\/\/redsemlac.com\/semmexico\/wp-json\/wp\/v2\/posts\/64632","targetHints":{"allow":["GET"]}}],"collection":[{"href":"https:\/\/redsemlac.com\/semmexico\/wp-json\/wp\/v2\/posts"}],"about":[{"href":"https:\/\/redsemlac.com\/semmexico\/wp-json\/wp\/v2\/types\/post"}],"author":[{"embeddable":true,"href":"https:\/\/redsemlac.com\/semmexico\/wp-json\/wp\/v2\/users\/3"}],"replies":[{"embeddable":true,"href":"https:\/\/redsemlac.com\/semmexico\/wp-json\/wp\/v2\/comments?post=64632"}],"version-history":[{"count":0,"href":"https:\/\/redsemlac.com\/semmexico\/wp-json\/wp\/v2\/posts\/64632\/revisions"}],"wp:featuredmedia":[{"embeddable":true,"href":"https:\/\/redsemlac.com\/semmexico\/wp-json\/wp\/v2\/media\/64633"}],"wp:attachment":[{"href":"https:\/\/redsemlac.com\/semmexico\/wp-json\/wp\/v2\/media?parent=64632"}],"wp:term":[{"taxonomy":"category","embeddable":true,"href":"https:\/\/redsemlac.com\/semmexico\/wp-json\/wp\/v2\/categories?post=64632"},{"taxonomy":"post_tag","embeddable":true,"href":"https:\/\/redsemlac.com\/semmexico\/wp-json\/wp\/v2\/tags?post=64632"}],"curies":[{"name":"wp","href":"https:\/\/api.w.org\/{rel}","templated":true}]}}