{"id":6463,"date":"2018-09-24T02:21:35","date_gmt":"2018-09-24T02:21:35","guid":{"rendered":"https:\/\/redsemlac.com\/semmexico\/?p=6463"},"modified":"2023-07-21T14:33:13","modified_gmt":"2023-07-21T19:33:13","slug":"miles-de-funcionarios-juran-la-constitucion","status":"publish","type":"post","link":"https:\/\/redsemlac.com\/semmexico\/miles-de-funcionarios-juran-la-constitucion\/","title":{"rendered":"Miles de funcionarios juran la Constituci\u00f3n"},"content":{"rendered":"\n<p class=\"wp-block-paragraph\">Protestan solemnemente guardar y hacer guardar la Constituci\u00f3n<\/p>\n\n\n\n<h5 class=\"wp-block-heading\"> Ser\u00eda que al menos a los polic\u00edas y no solo a los jefes y a los comisarios se les tomara ese juramento de sus funciones.<\/h5>\n\n\n\n<p class=\"wp-block-paragraph\"><a href=\"https:\/\/semmexico.com\/gallery-post.php?id=5931#\">Natalia Vidales<\/a><\/p>\n\n\n\n<p class=\"wp-block-paragraph\">SemM\u00e9xico. Sonora. 24 de septiembre de 2018.- En la elecci\u00f3n m\u00e1s grande de nuestra historia participaron casi 18 mil candidatos y candidatas , a todo lo largo y ancho de la Rep\u00fablica,&nbsp; quienes protestaron solemnemente, durante el presente mes de septiembre, guardar y hacer guardar la Constituci\u00f3n.<\/p>\n\n\n\n<p class=\"wp-block-paragraph\">Han venido protestando cumplir la ley otros miles de nuevos funcionarios &nbsp;y funcionarias nombradas por las nuevas autoridades: titulares de secretar\u00edas estatales y municipales, subsecretar\u00edas, direcciones, &nbsp;y dem\u00e1s, habi\u00e9ndose convertido el presente mes en el de las juramentaciones. Y falta diciembre en que AMLO lo har\u00e1 apote\u00f3ticamente&nbsp; ante el&nbsp;<em>Congreso de<\/em>&nbsp;<em>la Uni\u00f3n,&nbsp;<\/em>y luego lo propio con quienes integran el gabinete, los cuales a su vez lo har\u00e1n con sus subalternos.<\/p>\n\n\n\n<p class=\"wp-block-paragraph\">En su art\u00edculo 157 de la Constituci\u00f3n de Sonora (en un texto similar al de la Carta Magna federal) se\u00f1ala&nbsp; las palabras textuales con las que&nbsp; antes de tomar el cargo habr\u00e1 de protestarse, y por ello vemos que quien toma la protesta lee&nbsp; la oraci\u00f3n,&nbsp; a menos que se la sepa de memoria, para no equivocarse (de manera similar a como los sacerdotes leen las palabras exactas de la eucarist\u00eda).<\/p>\n\n\n\n<p class=\"wp-block-paragraph\">As\u00ed, la autoridad que deba recibir la protesta dir\u00e1: \u201c\u00bfProtest\u00e1is guardar y hacer guardar la Constituci\u00f3n de los Estados Unidos Mexicanos, la Constituci\u00f3n del Estado, las leyes que de ella emanen, y cumplir leal y patri\u00f3ticamente el cargo de\u2026que el pueblo (o la autoridad que lo confiere) os ha conferido, mirando en todo por el bien&nbsp; y prosperidad de la Naci\u00f3n y del Estado?\u201d. La o el interpelado contestar\u00e1 \u201cS\u00ed protesto\u201d. Acto continuo dir\u00e1 la persona ante quien se otorga la protesta: \u201cSi no lo hiciereis as\u00ed, &nbsp;la Naci\u00f3n y el Estado os lo demanden\u201d.<\/p>\n\n\n\n<p class=\"wp-block-paragraph\">Tanto la Constituci\u00f3n Federal como la nuestra establecen que esa protesta deber\u00e1n hacerla no solo las y los funcionarios, sino tambi\u00e9n las y los empleados p\u00fablicos sin distinguir el rango, pero\u2026 \u00bfse imagina Usted toda esa solemnidad al contratar por ejemplo a los recolectores de basura, a los afanadores de las oficinas, a los choferes y dem\u00e1s trabajadores?<\/p>\n\n\n\n<p class=\"wp-block-paragraph\">Ese exceso se gener\u00f3 enseguida de la expedici\u00f3n de la Constituci\u00f3n de 1857, mediante el decreto del 17 de marzo de ese a\u00f1o, &nbsp;con la finalidad de que todos los bur\u00f3cratas se sujetaran a sus dictados (so pena de cesarlos) &nbsp;en&nbsp; que se separaba el poder civil del eclesi\u00e1stico y se establec\u00eda la libertad de cultos, para&nbsp; el disgusto de los conservadores y, desde luego, de la&nbsp; Iglesia de la \u00e9poca. &nbsp;Y, por lo visto, se ha mantenido hasta nuestros d\u00edas inercialmente.<\/p>\n\n\n\n<p class=\"wp-block-paragraph\">Tambi\u00e9n a partir de esa fecha se cambi\u00f3 la expresi\u00f3n&nbsp; de jurar la Constituci\u00f3n por el de protestarla, con la finalidad de marcar la diferencia que en ese entonces significaba jurar (poner como testigo de algo a Dios) con la novedad&nbsp; laica y que, tambi\u00e9n,&nbsp; ha trascendido in\u00fatilmente. Porque jurar &nbsp;significa ofrecer el cumplimiento cabal de un cometido, seg\u00fan la lengua espa\u00f1ola, sin que necesariamente se involucre a Dios (la mayor\u00eda de los gobiernos del mundo son laicos, y algunos con historias similares a la nuestra, pero utilizan sin prejuicios el t\u00e9rmino juramentar&nbsp; sin mayores atavismos). Por cierto: jurar la Bandera sigue en boga.&nbsp;<\/p>\n\n\n\n<p class=\"wp-block-paragraph\">Como sea, bueno ser\u00eda que al menos a los polic\u00edas y no solo a los jefes y a los comisarios se les tomara ese juramento de sus funciones. Precisamente porque son quienes est\u00e1n m\u00e1s cerca de la ciudadan\u00eda en materia del respeto a sus garant\u00edas constitucionales. Habr\u00eda que verlos. &nbsp;&nbsp;&nbsp;&nbsp;<\/p>\n","protected":false},"excerpt":{"rendered":"<p>Protestan solemnemente guardar y hacer guardar la Constituci\u00f3n Ser\u00eda que al menos a los polic\u00edas y no solo a los jefes y a los comisarios se les tomara ese juramento de sus funciones. Natalia Vidales SemM\u00e9xico. Sonora. 24 de septiembre de 2018.- En la elecci\u00f3n m\u00e1s grande de nuestra historia participaron casi 18 mil candidatos [&hellip;]<\/p>\n","protected":false},"author":3,"featured_media":6464,"comment_status":"open","ping_status":"open","sticky":false,"template":"","format":"standard","meta":{"_monsterinsights_skip_tracking":false,"footnotes":""},"categories":[689,72,1],"tags":[],"class_list":["post-6463","post","type-post","status-publish","format-standard","has-post-thumbnail","category-689","category-natalia-vidales","category-uncategorized"],"_links":{"self":[{"href":"https:\/\/redsemlac.com\/semmexico\/wp-json\/wp\/v2\/posts\/6463","targetHints":{"allow":["GET"]}}],"collection":[{"href":"https:\/\/redsemlac.com\/semmexico\/wp-json\/wp\/v2\/posts"}],"about":[{"href":"https:\/\/redsemlac.com\/semmexico\/wp-json\/wp\/v2\/types\/post"}],"author":[{"embeddable":true,"href":"https:\/\/redsemlac.com\/semmexico\/wp-json\/wp\/v2\/users\/3"}],"replies":[{"embeddable":true,"href":"https:\/\/redsemlac.com\/semmexico\/wp-json\/wp\/v2\/comments?post=6463"}],"version-history":[{"count":0,"href":"https:\/\/redsemlac.com\/semmexico\/wp-json\/wp\/v2\/posts\/6463\/revisions"}],"wp:featuredmedia":[{"embeddable":true,"href":"https:\/\/redsemlac.com\/semmexico\/wp-json\/wp\/v2\/media\/6464"}],"wp:attachment":[{"href":"https:\/\/redsemlac.com\/semmexico\/wp-json\/wp\/v2\/media?parent=6463"}],"wp:term":[{"taxonomy":"category","embeddable":true,"href":"https:\/\/redsemlac.com\/semmexico\/wp-json\/wp\/v2\/categories?post=6463"},{"taxonomy":"post_tag","embeddable":true,"href":"https:\/\/redsemlac.com\/semmexico\/wp-json\/wp\/v2\/tags?post=6463"}],"curies":[{"name":"wp","href":"https:\/\/api.w.org\/{rel}","templated":true}]}}