{"id":6435,"date":"2018-10-24T02:07:44","date_gmt":"2018-10-24T02:07:44","guid":{"rendered":"https:\/\/redsemlac.com\/semmexico\/?p=6435"},"modified":"2023-07-21T14:33:46","modified_gmt":"2023-07-21T19:33:46","slug":"ensenanza-de-valores-y-derechos-humanos-en-las-escuelas","status":"publish","type":"post","link":"https:\/\/redsemlac.com\/semmexico\/ensenanza-de-valores-y-derechos-humanos-en-las-escuelas\/","title":{"rendered":"Ense\u00f1anza de valores y derechos humanos en las escuelas"},"content":{"rendered":"\n<p class=\"wp-block-paragraph\">Los valores \u00e9ticos no pasan hoy por sus mejores \u00e9pocas.<\/p>\n\n\n\n<h5 class=\"wp-block-heading\"> Guevara intenta introducir en el sistema escolarizado \u201cuna mejor formaci\u00f3n en materia de derechos humanos\u201d.<\/h5>\n\n\n\n<p class=\"wp-block-paragraph\"><a href=\"https:\/\/semmexico.com\/gallery-post.php?id=6206#\">Natalia Vidales<\/a><\/p>\n\n\n\n<p class=\"wp-block-paragraph\">SemM\u00e9xico. Sonora. 24 de octubre de 2018.- La legisladora&nbsp; federal del Distrito 2 de aqu\u00ed de Sonora, con cabecera en Nogales, Ana Gabriela Guevara insiste, ahora desde la C\u00e1mara de Diputados, &nbsp;en su iniciativa de una adici\u00f3n al art\u00edculo tercero constitucional, para que se establezca en el sistema educativo el respeto y la formaci\u00f3n en materia de&nbsp; derechos humanos.<\/p>\n\n\n\n<p class=\"wp-block-paragraph\">Se trata de precisar que la educaci\u00f3n p\u00fablica tender\u00e1 a desarrollar arm\u00f3nicamente todas las facultades del ser humano y fomentar\u00e1 en \u00e9l, a la vez, el amor a la patria, el respeto y la formaci\u00f3n en los derechos humanos desde la ense\u00f1anza filos\u00f3fica de la \u00e9tica y la conciencia de la solidaridad internacional, en la independencia y en la justicia.<\/p>\n\n\n\n<p class=\"wp-block-paragraph\">Esa iniciativa fue presentada&nbsp; por Ana Gabriela a su paso por el Senado en la anterior legislatura (pero invern\u00f3 en la&nbsp;<em>Comisi\u00f3n de Puntos Constitucionales, de Educaci\u00f3n y Estudios Legislativos<\/em>&nbsp;, a la que fue remitida), y&nbsp; sobre la que vuelve ahora como diputada al postear ayer &nbsp;en su cuenta de&nbsp;<em>twitter<\/em>&nbsp; la necesidad de &nbsp;sacarla de la congeladora, para que la filosof\u00eda y la \u00e9tica tenga un lugar expl\u00edcito en la Constituci\u00f3n General de la Rep\u00fablica.<\/p>\n\n\n\n<p class=\"wp-block-paragraph\">La medallista ol\u00edmpica que, tras retirarse de las competencias incursion\u00f3 exitosamente tambi\u00e9n en la pol\u00edtica, &nbsp;&nbsp;&nbsp;intenta&nbsp; introducir en el sistema escolarizado \u201cuna mejor formaci\u00f3n en materia de derechos humanos\u201d; se trata de una mejor&nbsp; experiencia docente con base en &nbsp;recursos filos\u00f3ficos, a trav\u00e9s de t\u00e9cnicas y recursos pedag\u00f3gicos contempor\u00e1neos.<\/p>\n\n\n\n<p class=\"wp-block-paragraph\">Lo anterior significa, m\u00e1s llanamente,&nbsp; en educar a nuestros ni\u00f1os y ni\u00f1as, desde la escuela, en materia de&nbsp; derechos humanos (a la vida, a la libertad, a la salud, &nbsp;a la no-discriminaci\u00f3n, al respeto a los semejantes) escalando en esos valores individuales y sociales para la mejor convivencia colectiva.<\/p>\n\n\n\n<p class=\"wp-block-paragraph\">Los valores \u00e9ticos no pasan hoy por sus mejores \u00e9pocas y es hora de rescatarlos introduci\u00e9ndolos en las asignaturas escolares para la mejor formaci\u00f3n de nuestros &nbsp;ni\u00f1os y j\u00f3venes, &nbsp;y esperar as\u00ed un verdadero cambio del interior al exterior de las personas y en la mejor\u00eda&nbsp; en sus comportamientos p\u00fablicos responsables en la edad adulta.<\/p>\n\n\n\n<p class=\"wp-block-paragraph\">La legisladora del PT pedir\u00e1 licencia en San L\u00e1zaro para ocupar el cargo de Directora de la&nbsp;<em>Comisi\u00f3n Nacional del &nbsp;Deporte<\/em>&nbsp;en el nuevo sexenio federal, pero sin dudas que su suplente, la tambi\u00e9n sonorense Ana Laura Bernal y la propia Ana Gabriela desde su nueva responsabilidad y que tanto tiene que ver con la ni\u00f1ez y la juventud seguir\u00e1n impulsando esta valiosa reforma (esa s\u00ed) educativa. &nbsp;<\/p>\n\n\n\n<p class=\"wp-block-paragraph\">Y ya en tema deportivo sin duda que Sonora contar\u00e1 con su apoyo, luego de que la ex velocista se pronunciara a favor de la actual gobernadora Claudia Pavlovich desde su campa\u00f1a el 2015 (con todo y el disgusto que ello provoc\u00f3 en AMLO, su padrino pol\u00edtico). Pero, sobre todo porque Ana es so-no-ren-se y fiel a su terru\u00f1o, Nogales.<\/p>\n\n\n\n<p class=\"wp-block-paragraph\">Los pol\u00edticos deben de ser incluyentes y que bien que Ana Gabriela lo sea.&nbsp;&nbsp; Esperamos que sus compa\u00f1eros de curul de todos los partidos sean prestos para el apoyo a esta iniciativa que sin duda repercutir\u00e1 en la formaci\u00f3n de hombres y mujeres m\u00e1s \u00edntegros. De esos que tanta falta hacen en nuestra sociedad\u2026 en todos los gremios.<\/p>\n","protected":false},"excerpt":{"rendered":"<p>Los valores \u00e9ticos no pasan hoy por sus mejores \u00e9pocas. Guevara intenta introducir en el sistema escolarizado \u201cuna mejor formaci\u00f3n en materia de derechos humanos\u201d. Natalia Vidales SemM\u00e9xico. Sonora. 24 de octubre de 2018.- La legisladora&nbsp; federal del Distrito 2 de aqu\u00ed de Sonora, con cabecera en Nogales, Ana Gabriela Guevara insiste, ahora desde la [&hellip;]<\/p>\n","protected":false},"author":3,"featured_media":6436,"comment_status":"open","ping_status":"open","sticky":false,"template":"","format":"standard","meta":{"_monsterinsights_skip_tracking":false,"footnotes":""},"categories":[689,100,72],"tags":[],"class_list":["post-6435","post","type-post","status-publish","format-standard","has-post-thumbnail","category-689","category-mujer-y-poder","category-natalia-vidales"],"_links":{"self":[{"href":"https:\/\/redsemlac.com\/semmexico\/wp-json\/wp\/v2\/posts\/6435","targetHints":{"allow":["GET"]}}],"collection":[{"href":"https:\/\/redsemlac.com\/semmexico\/wp-json\/wp\/v2\/posts"}],"about":[{"href":"https:\/\/redsemlac.com\/semmexico\/wp-json\/wp\/v2\/types\/post"}],"author":[{"embeddable":true,"href":"https:\/\/redsemlac.com\/semmexico\/wp-json\/wp\/v2\/users\/3"}],"replies":[{"embeddable":true,"href":"https:\/\/redsemlac.com\/semmexico\/wp-json\/wp\/v2\/comments?post=6435"}],"version-history":[{"count":0,"href":"https:\/\/redsemlac.com\/semmexico\/wp-json\/wp\/v2\/posts\/6435\/revisions"}],"wp:featuredmedia":[{"embeddable":true,"href":"https:\/\/redsemlac.com\/semmexico\/wp-json\/wp\/v2\/media\/6436"}],"wp:attachment":[{"href":"https:\/\/redsemlac.com\/semmexico\/wp-json\/wp\/v2\/media?parent=6435"}],"wp:term":[{"taxonomy":"category","embeddable":true,"href":"https:\/\/redsemlac.com\/semmexico\/wp-json\/wp\/v2\/categories?post=6435"},{"taxonomy":"post_tag","embeddable":true,"href":"https:\/\/redsemlac.com\/semmexico\/wp-json\/wp\/v2\/tags?post=6435"}],"curies":[{"name":"wp","href":"https:\/\/api.w.org\/{rel}","templated":true}]}}