{"id":64225,"date":"2023-03-13T11:56:34","date_gmt":"2023-03-13T17:56:34","guid":{"rendered":"https:\/\/redsemlac.com\/semmexico\/?p=64225"},"modified":"2023-03-13T11:56:37","modified_gmt":"2023-03-13T17:56:37","slug":"miradas-de-reportero-deciden-recrear-el-partido-comunista-mexicano-en-2023","status":"publish","type":"post","link":"https:\/\/redsemlac.com\/semmexico\/miradas-de-reportero-deciden-recrear-el-partido-comunista-mexicano-en-2023\/","title":{"rendered":"Miradas de Reportero| Deciden recrear el Partido Comunista Mexicano en 2023"},"content":{"rendered":"\n<p class=\"wp-block-paragraph\"><strong>Rogelio Hern\u00e1ndez L\u00f3pez<\/strong><\/p>\n\n\n\n<p class=\"wp-block-paragraph\">SemM\u00e9xico, Ciudad de M\u00e9xico, 13 de marzo del 2023.- Expresa demasiado -y dar\u00e1 mucho m\u00e1s para analizar- esa fotograf\u00eda tomada a las 18:50 del s\u00e1bado 11 de marzo en el Sal\u00f3n Francisco Zarco del Club de Periodistas de M\u00e9xico, pigmentado de rojo y con una liturgia poco vista en otros agrupamientos pol\u00edticos\u2026<\/p>\n\n\n\n<p class=\"wp-block-paragraph\">Son seis de las mujeres y otros tantos hombres de cinco entidades que aceptaron ser responsables principales de reunir a toda persona de M\u00e9xico que coincida con su \u00e9tica, con su m\u00edstica humanitaria y recrear el partido de las y los comunistas mexicanos antes de que termine 2023.<\/p>\n\n\n\n<p class=\"wp-block-paragraph\">Ricardo Aureliano Buzoiano (Ciudad de M\u00e9xico); Daniel Carlos Garc\u00eda (Puebla) Salvador Salado, (Zacatecas); Juan Pablo Jard\u00f3n (Puebla) Johana Placencia (Jalisco) Salom\u00e9 Mendoza (CDMX); Araceli Gonz\u00e1lez (Puebla) Lourdes Mendoza, Eduardo Hern\u00e1ndez y Aurelia Ju\u00e1rez (CDMX) Elena Ortega (Zacatecas) Benito Collantes (CDMX).<\/p>\n\n\n\n<p class=\"wp-block-paragraph\">Por primera vez en el Club de Periodistas se realiz\u00f3 la Quinta Asamblea Nacional del Movimiento Comunista Mexicano (MCM), fundado en 2011.<\/p>\n\n\n\n<figure class=\"wp-block-image size-large\"><a href=\"https:\/\/redsemlac.com\/semmexico\/wp-content\/uploads\/2023\/03\/Imagen4-5.jpg\"><img decoding=\"async\" src=\"https:\/\/redsemlac.com\/semmexico\/wp-content\/uploads\/2023\/03\/Imagen4-5-1024x402.jpg\" alt=\"\" class=\"wp-image-64226\"\/><\/a><\/figure>\n\n\n\n<p class=\"wp-block-paragraph\">Registraron la presencia f\u00edsica de 63 personas y 22 en l\u00ednea. De los 85 fueron 26 mujeres, diez fueron invitados, ocho de otros organismos socialistas y los periodistas Teresa Gil y este reportero. La mayor\u00eda se conoce bien entre s\u00ed porque son veteranos y activistas en grupos campesinos, obreros, sindicales, feministas, de artistas, periodistas, grupos socialistas peque\u00f1os y hasta en Morena.<\/p>\n\n\n\n<p class=\"wp-block-paragraph\">Pocas personas se retiraron durante las 8 horas de la asamblea, desde las 10 de la ma\u00f1ana hasta que oscureci\u00f3. Como antes discutieron todo, hasta nimiedades, pero sin gritos ni ofensas: desde quien presidir\u00eda la asamblea, la secuencia de la orden del d\u00eda, el informe pol\u00edtico, la renovaci\u00f3n de los documentos b\u00e1sicos del MCM que ser\u00e1n temporales, la resoluci\u00f3n para crear partido, para elegir a 15 en la nueva direcci\u00f3n pol\u00edtica y otras cosas.<\/p>\n\n\n\n<p class=\"wp-block-paragraph\">Y aunque no hac\u00eda falta convencerse entre s\u00ed, buena parte de los discursos insist\u00edan en terquear muy emotivamente en c\u00f3mo recuperar la memoria y presencia social de los comunistas, \u201cen estos momentos en que la derecha trata de reimponer sus ventajas neoliberales\u201d.<\/p>\n\n\n\n<p class=\"wp-block-paragraph\">A las 18 horas aprobaron por mayor\u00eda, \u201cdar el salto\u201d de movimiento, de grupo de opini\u00f3n, para convertirse en partido antes de que termine 2023. A las 18:15 aceptaron por consenso cambiar su lema al de \u201cProletarias y proletarios de todos los pa\u00eds, un\u00edos\u201d.<\/p>\n\n\n\n<h2 class=\"wp-block-heading\"><strong>El proceso<\/strong><\/h2>\n\n\n\n<p class=\"wp-block-paragraph\">A la nueva Direcci\u00f3n Pol\u00edtica paritaria de quince integrantes les asignaron tareas precisas para iniciar el proceso de creaci\u00f3n del partido: el 21 de marzo deber\u00e1 entregar a los miembros del MCM el borrador de una convocatoria para el nuevo partido, dirigirla a todas las personas hoy dispersas en una infinidad de organizaciones.<\/p>\n\n\n\n<p class=\"wp-block-paragraph\">Con esa convocatoria, las y los nuevos responsables de la transici\u00f3n a partido pol\u00edtico tendr\u00e1n que promover \u201cencuentros, foros, entrevistas y otras acciones necesarias para reunir a todas las personas interesadas, partidos y organizaciones de la izquierda marxista mexicana y de movimientos sociales, a aportar a la construcci\u00f3n del nuevo Partido y pol\u00edticas que coincidan\u201d.<\/p>\n\n\n\n<p class=\"wp-block-paragraph\">Eso s\u00ed, acotaron, \u201cen ese documento fundacional tiene que ser muy definido y claro el perfil revolucionario del nuevo partido y de sus militantes.\u201d<\/p>\n\n\n\n<h2 class=\"wp-block-heading\"><strong>El reto<\/strong><\/h2>\n\n\n\n<p class=\"wp-block-paragraph\">En general, este reportero puede documentar que quienes concurrieron a la quinta asamblea nacional del MCM son apenas una parte de las personas m\u00e1s tenaces, tozudas -tercas, m\u00e1s bien dicho-, que militaron en el Partido Comunista Mexicano (PCM) y que quieren recuperar esa corriente de pensamiento nacional.<\/p>\n\n\n\n<p class=\"wp-block-paragraph\">El PCM fue disuelto en 1981 para propiciar con ello un proceso de modernizaci\u00f3n doctrinal y para ceder su registro legal y de unidad de la mayor\u00eda de las izquierdas pol\u00edticas y sociales de entonces. \u201cSomos las y los herederos\u201d, se repiti\u00f3 durante las ocho horas dentro y fuera del sal\u00f3n.<\/p>\n\n\n<div class=\"wp-block-image\">\n<figure class=\"alignright size-medium is-resized\"><a href=\"https:\/\/redsemlac.com\/semmexico\/wp-content\/uploads\/2023\/03\/Imagen3-4.jpg\"><img loading=\"lazy\" decoding=\"async\" src=\"https:\/\/redsemlac.com\/semmexico\/wp-content\/uploads\/2023\/03\/Imagen3-4-225x300.jpg\" alt=\"\" class=\"wp-image-64227\" width=\"306\" height=\"408\"\/><\/a><\/figure>\n<\/div>\n\n\n<p class=\"wp-block-paragraph\">El desaparecido PCM fue la estructura pol\u00edtica de izquierda socialista m\u00e1s s\u00f3lida, extendida en el pa\u00eds y de mayor influencia social que sirvi\u00f3 de columna vertebral para una primera fusi\u00f3n de partidos peque\u00f1os que originaron al Partido Socialista Unificado de M\u00e9xico (PSUM), despu\u00e9s \u00e9ste unific\u00f3 a otros m\u00e1s en el Partido Mexicano Socialista (PMS), mismo que fue base para otra integraci\u00f3n de organismos, incluida la Corriente Democr\u00e1tica del PRI hasta llegar al Partido de la Revoluci\u00f3n Democr\u00e1tica (PRD), hoy en pleno ocaso.<\/p>\n\n\n\n<p class=\"wp-block-paragraph\">Con el paso de los a\u00f1os, muchos de los militantes comunistas y de otros partidos m\u00e1s peque\u00f1os (cuadros les llamaban internamente) se fueron desalentando de los partidos electorales que sucedieron al PCM. En 2023 se posible probar que existen m\u00e1s de 30 organismos pol\u00edticos y sociales de las izquierdas marxistas y socialistas.<\/p>\n\n\n\n<p class=\"wp-block-paragraph\">El MCM es resultado de un esfuerzo colectivo por acabar con la gran dispersi\u00f3n en que ca\u00edmos quienes nos reivindicamos como comunistas, se afirma en varios de sus documentos.<\/p>\n\n\n\n<h2 class=\"wp-block-heading\"><strong>\u201cPor un cambio de fondo\u201d<\/strong><\/h2>\n\n\n\n<p class=\"wp-block-paragraph\">En el Programa de Acci\u00f3n aprobado en la Quinta Asamblea del MCM, adem\u00e1s de refrendar su aspiraci\u00f3n de un cambio verdadero de r\u00e9gimen para avanzar en la construcci\u00f3n de una sociedad socialista, resaltan que su postura ante el gobierno de Andr\u00e9s Manuel L\u00f3pez Obrador seguir\u00e1 como \u201cde acompa\u00f1amiento cr\u00edtico\u201d.<\/p>\n\n\n\n<p class=\"wp-block-paragraph\">Esto \u201cimplica insistir en la profundizaci\u00f3n de un cambio de fondo que no s\u00f3lo resulte darle un rostro humano al capitalismo, sino que genere una transformaci\u00f3n real. Es ir abriendo brecha, un camino distinto al actual.\u201d<\/p>\n\n\n\n<p class=\"wp-block-paragraph\">Con esa orientaci\u00f3n s\u00ed contrastan los puntos principales de su propuesta de Programa de Acci\u00f3n que reflejan esa visi\u00f3n cr\u00edtica. Son once objetivos generales o \u00e1reas tem\u00e1ticas:<\/p>\n\n\n\n<p class=\"wp-block-paragraph\">Fortalecimiento de la democracia \/ Cambio de r\u00e9gimen \/ Econom\u00eda para la igualdad y la equidad \/ Sustentabilidad y medio ambiente \/ Pol\u00edtica social \/ Pol\u00edtica laboral y sindicalismo \/ Transversalidad de g\u00e9nero \/ Ni\u00f1as, ni\u00f1os, j\u00f3venes, diversidad sexual y adultos\/as mayores \/ Cultura y medios de comunicaci\u00f3n \/ Pueblos originarios y etnias \/ Pol\u00edtica exterior y relaciones internacionales.<\/p>\n\n\n\n<p class=\"wp-block-paragraph\">En el tema de fortalecimiento de la democracia, por ejemplo sostienen: \u201cEn t\u00e9rminos actuales, no se puede concebir la llamada Cuarta Transformaci\u00f3n sin una nueva Carta Magna\u201d.<\/p>\n\n\n\n<p class=\"wp-block-paragraph\">En su propuesta de cambio de r\u00e9gimen dicen: \u201cNo estamos por humanizar el rostro del capitalismo, sino cambiar radicalmente el r\u00e9gimen pol\u00edtico y econ\u00f3mico\u2026 Hasta ahora, en M\u00e9xico, la oligarqu\u00eda financiera se encuentra a\u00fan intocada, no se ha afectado, de tal manera que la presunta separaci\u00f3n del poder econ\u00f3mico del pol\u00edtico es mera frase discursiva.\u201d<\/p>\n\n\n\n<p class=\"wp-block-paragraph\">En su aspiraci\u00f3n de econom\u00eda para la igualdad, cr\u00edtica que el gobierno tiene \u201cmanifestaciones progresistas, con una pol\u00edtica social volcada a los que menos tienen, pero que no se han distanciado del modelo econ\u00f3mico capitalista, m\u00e1s all\u00e1 de sus rasgos keynesianos\u201d.<\/p>\n\n\n\n<h2 class=\"wp-block-heading\"><strong>La dispersi\u00f3n<\/strong><\/h2>\n\n\n\n<p class=\"wp-block-paragraph\">La decisi\u00f3n que tom\u00f3 la asamblea del MCM de convertirse en partido pol\u00edtico nacional podr\u00eda acelerar otro proceso de unificaci\u00f3n de las organizaciones izquierdas pol\u00edticas y sociales mexicanas, la mayor\u00eda peque\u00f1as, que no han podido disminuir la dispersi\u00f3n.<\/p>\n\n\n\n<p class=\"wp-block-paragraph\">En febrero de 2023 se registraban al menos 30 organismos participantes en intentos de unidad de acci\u00f3n en cuatro frentes o coordinadoras que se aglutinaban en una especie de frente de frentes que denominan Coordinaci\u00f3n Nacional del Movimiento de Articulaci\u00f3n Socialista y Poder Popular.<\/p>\n\n\n\n<p class=\"wp-block-paragraph\">El 11 de febrero se reunieron en esta gran coordinadora los representantes de dos organizaciones locales (Dem\u00f3cratas y Socialistas de Nayarit y Unidad para Avanzar del Valle de M\u00e9xico) y los de tres frentes o coordinaciones: Unidad Patri\u00f3tica, Junta Patri\u00f3tica Revolucionaria y Movimiento de Unidad Socialista (MUS). En este \u00faltimo participa notablemente el Movimiento Comunista Mexicano.<\/p>\n\n\n\n<p class=\"wp-block-paragraph\">De estas tres coordinaciones, al parecer la mayor es el Movimiento de Unidad Socialista (MUS), que seg\u00fan sus datos para junio de 2022, ya participaban en \u00e9l 19 organismos:<\/p>\n\n\n\n<p class=\"wp-block-paragraph\">Alternativa Martiana cap\u00edtulo M\u00e9xico. (Sin datos p\u00fablicos).<\/p>\n\n\n\n<p class=\"wp-block-paragraph\">Central Unitaria de Trabajadores, CUT. (Con luchas campesinas e ind\u00edgenas en Veracruz y en Guerrero, y otros movimientos en Baja California Norte, Nayarit, Jalisco, Colima, Sinaloa, Campeche y Coahuila).<\/p>\n\n\n\n<p class=\"wp-block-paragraph\">Coalici\u00f3n Obrera Campesina Estudiantil del Istmo, en lucha, COCEI-ML. (Desprendimiento de la COCEI original de Oaxaca).<\/p>\n\n\n\n<p class=\"wp-block-paragraph\">Coordinadora Socialista Revolucionaria (CSR), (Frente de cuatro organizaciones trotskistas como la Liga Socialista Revolucionaria (LSR), el Comit\u00e9 de militantes de la IV Internacional en la CDMX y el Colectivo Colima Anticapitalista; todas se asumen como de la Cuarta Internacional (Secretariado Unificado) con presencia en la Ciudad de M\u00e9xico, Chihuahua, Colima, Estado de M\u00e9xico, San Luis Potos\u00ed, Guerrero y Sinaloa).<\/p>\n\n\n\n<p class=\"wp-block-paragraph\">Frente Amplio Socialista, FAS (Sin sitio Web, ni muro en Facebook ni noticias que lo muestren al parecer intencionalmente).<\/p>\n\n\n\n<p class=\"wp-block-paragraph\">Frente de Organizaciones Sociales de Veracruz (FOSVER).<\/p>\n\n\n\n<p class=\"wp-block-paragraph\">Frente Estatal de Trabajadores de la Educaci\u00f3n y Ciudadanos de Chiapas (FETECH).<\/p>\n\n\n\n<p class=\"wp-block-paragraph\">Frente Popular Francisco Villa, FPFV. (Con presencia en la CDMX y Estado de M\u00e9xico).<\/p>\n\n\n\n<p class=\"wp-block-paragraph\">Movimiento Comunista Mexicano, MCM. (N\u00facleo veterano desde la disoluci\u00f3n del PCM y que mantiene pl\u00e1ticas para acciones unitarias con otros grupos pol\u00edticos comunistas como Rumbo Proletario).<\/p>\n\n\n\n<p class=\"wp-block-paragraph\">Movimiento para la Liberaci\u00f3n Nacional y el Socialismo, MLNS. (Agrupamiento de car\u00e1cter lombardista y con presencia en Veracruz).<\/p>\n\n\n\n<p class=\"wp-block-paragraph\">Organizaci\u00f3n Nacional del Poder Popular, ONPP, (de car\u00e1cter social con presencia en Chiapas y Oaxaca).<\/p>\n\n\n\n<p class=\"wp-block-paragraph\">Partido de los Comunistas Mexicanos, PCM. (Crisol de exmiembros del Partido Popular Socialista de Jorge Cruickshank, Partido de la Revoluci\u00f3n Socialista de Alejandro Gasc\u00f3n Mercado y otros).<\/p>\n\n\n\n<p class=\"wp-block-paragraph\">Partido del Trabajo, PT. (\u00danico con registro electoral, de origen mao\u00edsta y aliado de Morena en los congresos federal y locales).<\/p>\n\n\n\n<p class=\"wp-block-paragraph\">Poder de los Movimientos Sociales, PODEMOS. (Lo forman dos c\u00edrculos activos en la CDMX y Chiapas y se reivindica como filial del partido-movimiento espa\u00f1ol).<\/p>\n\n\n\n<p class=\"wp-block-paragraph\">Catedra \u201cAntonio Gramsci\u201d;<\/p>\n\n\n\n<p class=\"wp-block-paragraph\">Frente de Escuelas Democr\u00e1ticas Febrero 25 (FEDEF25);<\/p>\n\n\n\n<p class=\"wp-block-paragraph\">Movimiento Ciudadano del Sur (MCS);<\/p>\n\n\n\n<p class=\"wp-block-paragraph\">Organizaci\u00f3n Campesina Popular Independiente de la Huasteca Veracruzana (OCPIHV);<\/p>\n\n\n\n<p class=\"wp-block-paragraph\">Uni\u00f3n de Juristas de M\u00e9xico (UJM).<\/p>\n\n\n\n<p class=\"wp-block-paragraph\">Probablemente en las semanas siguientes siguieron cre\u00e1ndose otros organismos socialistas peque\u00f1os.<\/p>\n\n\n\n<p class=\"wp-block-paragraph\">La nueva Direcci\u00f3n Pol\u00edtica del MCM tendr\u00e1 que mirar e invitar a discutir a la mayor\u00eda que coincidan con sus aspiraciones de recrear en M\u00e9xico otro Partido Comunista. Ya iniciaron el proceso. Seguiremos atentos.<\/p>\n","protected":false},"excerpt":{"rendered":"<p>Expresa demasiado -y dar\u00e1 mucho m\u00e1s para analizar- esa fotograf\u00eda tomada a las 18:50 del s\u00e1bado 11 de marzo en el Sal\u00f3n Francisco Zarco del Club de Periodistas de M\u00e9xico, pigmentado de rojo y con una liturgia poco vista en otros agrupamientos pol\u00edticos\u2026<\/p>\n","protected":false},"author":3,"featured_media":38348,"comment_status":"open","ping_status":"open","sticky":false,"template":"","format":"standard","meta":{"_monsterinsights_skip_tracking":false,"footnotes":""},"categories":[106,35,85],"tags":[],"class_list":["post-64225","post","type-post","status-publish","format-standard","has-post-thumbnail","category-mirada-de-reportero","category-opinion","category-rogelio-hernandez-lopez"],"_links":{"self":[{"href":"https:\/\/redsemlac.com\/semmexico\/wp-json\/wp\/v2\/posts\/64225","targetHints":{"allow":["GET"]}}],"collection":[{"href":"https:\/\/redsemlac.com\/semmexico\/wp-json\/wp\/v2\/posts"}],"about":[{"href":"https:\/\/redsemlac.com\/semmexico\/wp-json\/wp\/v2\/types\/post"}],"author":[{"embeddable":true,"href":"https:\/\/redsemlac.com\/semmexico\/wp-json\/wp\/v2\/users\/3"}],"replies":[{"embeddable":true,"href":"https:\/\/redsemlac.com\/semmexico\/wp-json\/wp\/v2\/comments?post=64225"}],"version-history":[{"count":0,"href":"https:\/\/redsemlac.com\/semmexico\/wp-json\/wp\/v2\/posts\/64225\/revisions"}],"wp:featuredmedia":[{"embeddable":true,"href":"https:\/\/redsemlac.com\/semmexico\/wp-json\/wp\/v2\/media\/38348"}],"wp:attachment":[{"href":"https:\/\/redsemlac.com\/semmexico\/wp-json\/wp\/v2\/media?parent=64225"}],"wp:term":[{"taxonomy":"category","embeddable":true,"href":"https:\/\/redsemlac.com\/semmexico\/wp-json\/wp\/v2\/categories?post=64225"},{"taxonomy":"post_tag","embeddable":true,"href":"https:\/\/redsemlac.com\/semmexico\/wp-json\/wp\/v2\/tags?post=64225"}],"curies":[{"name":"wp","href":"https:\/\/api.w.org\/{rel}","templated":true}]}}