{"id":6415,"date":"2018-11-09T01:57:48","date_gmt":"2018-11-09T01:57:48","guid":{"rendered":"https:\/\/redsemlac.com\/semmexico\/?p=6415"},"modified":"2023-07-21T14:34:15","modified_gmt":"2023-07-21T19:34:15","slug":"ya-empezo-la-debacle-de-las-libertades-con-amlo","status":"publish","type":"post","link":"https:\/\/redsemlac.com\/semmexico\/ya-empezo-la-debacle-de-las-libertades-con-amlo\/","title":{"rendered":"Ya empez\u00f3 la debacle de las libertades con AMLO"},"content":{"rendered":"\n<p class=\"wp-block-paragraph\">Los mercados no obedecen las \u00f3rdenes de los pol\u00edticos.<\/p>\n\n\n\n<h5 class=\"wp-block-heading\"> Las acciones de todos los bancos en M\u00e9xico bajaron arrastrando a la bolsa al deterioro se\u00f1alado.<\/h5>\n\n\n\n<p class=\"wp-block-paragraph\"><a href=\"https:\/\/semmexico.com\/gallery-post.php?id=6334#\">Natalia Vidales<\/a><\/p>\n\n\n\n<p class=\"wp-block-paragraph\">SemM\u00e9xico. Sonora. 9 de noviembre de 2018.- Este jueves, mientras un grupo de directores de medios y comunicadores&nbsp; de Hermosillo charl\u00e1bamos y degust\u00e1bamos carne asada, en un sal\u00f3n del Restaurante<em>El &nbsp;Palomino<\/em>, &nbsp;con el periodista, conferencista, conductor&nbsp; de radio y TV, Sergio Sarmiento, invitados exprofeso por el PAN-Sonora, se recib\u00eda la noticia en tiempo real de la mayor ca\u00edda (el 5.81%) de inversiones en la&nbsp;<em>Bolsa Mexicana de Valores<\/em>&nbsp;(BMV) &nbsp;desde el 2011.<\/p>\n\n\n\n<p class=\"wp-block-paragraph\">La pl\u00e1tica estaba tratando precisamente acerca de los riesgos de ataques a &nbsp;las libertades (personales, de expresi\u00f3n, de los mercados y dem\u00e1s) con el nuevo gobierno que se avecina en nuestro pa\u00eds y que podr\u00edan desembocar en colapsos econ\u00f3micos y sociales como los ocurridos en los sexenios de Echeverr\u00eda y de L\u00f3pez Portillo, cuando la noticia del d\u00eda llev\u00f3 a Sarmiento &#8211;con la experiencia y profesionalismo que lo caracteriza&#8211; a tomar esa nueva veta de informaci\u00f3n (con su Iphone abierto y recibiendo instant\u00e1neamente lo que suced\u00eda en el sector financiero) y dar y escuchar de los presentes, sus opiniones y comentarios.<\/p>\n\n\n\n<p class=\"wp-block-paragraph\">Como ya es sabido, &nbsp;la ca\u00edda se dio apenas unas horas despu\u00e9s de que los diputados de MORENA presentaran una iniciativa de Ley para que los bancos mexicanos dejaran de cobrar comisiones a sus clientes por un sinf\u00edn de servicios (por retiros de efectivo en&nbsp; cajeros, por cuotas anuales, por consulta de saldos, etc\u00e9tera). De inmediato las acciones de todos los bancos en M\u00e9xico bajaron arrastrando a la bolsa al deterioro se\u00f1alado.<\/p>\n\n\n\n<p class=\"wp-block-paragraph\">Sarmiento compar\u00f3 esa especie como si el gobierno le dijera a cualquier negocio a cu\u00e1nto deber\u00eda de vender sus productos, &nbsp;en vez de que sea &nbsp;la competencia y &nbsp;las leyes de la oferta y la demanda los que ajustaran los precios. Los mercados&nbsp; &#8211;se\u00f1al\u00f3&nbsp; con la vena liberal que lo caracteriza&#8211;&nbsp; no obedecen las \u00f3rdenes de los pol\u00edticos; augurando, adem\u00e1s, &nbsp;que la falta de contrapesos en el&nbsp;<em>Congreso de la Uni\u00f3n<\/em>&nbsp;es perniciosa para la verdadera Democracia, como lo fue en nuestro pa\u00eds el siglo pasado.<\/p>\n\n\n\n<p class=\"wp-block-paragraph\">Apenas hace unos d\u00edas, a prop\u00f3sito&nbsp; del nuevo aeropuerto&nbsp; &#8211;con cuya cancelaci\u00f3n empez\u00f3 a generarse la crisis de los mercados financieros&nbsp; y que desembocaron en \u00e9ste jueves negro para la BMV&#8211;&nbsp;&nbsp; L\u00f3pez Obrador se\u00f1alaba que no pod\u00edamos estar supeditados a las decisiones de las c\u00fapulas empresariales;&nbsp; que en M\u00e9xico se gobernaba para todos y con todos; y que \u00e9l ten\u00eda el mando para que as\u00ed fuese.<\/p>\n\n\n\n<p class=\"wp-block-paragraph\">Pero ante lo sucedido ayer, de inmediato AMLO &nbsp;se reuni\u00f3 con el futuro titular de Hacienda, Carlos Urz\u00faa y con el l\u00edder de la bancada legislativa de MORENA,&nbsp; Ricardo Monreal, impulsor de la iniciativa mencionada, para frenarla mientras se revisa el impacto macroecon\u00f3mico de la misma (que acababa de manifestarse en contra).<\/p>\n\n\n\n<p class=\"wp-block-paragraph\">La experiencia, conclu\u00eda Sarmiento ante los comunicadores de Hermosillo, nos dice que siempre que el gobierno mete las manos para intentar manejar artificialmente los &nbsp;mercados en aras de llevarles beneficios &nbsp;a los ciudadanos, &nbsp;ha resultado a mediano plazo contraproducente (en \u00e9ste caso menor n\u00famero de cajeros autom\u00e1ticos, o aumento de los intereses bancarios, por ejemplo): cualquier diminuci\u00f3n forzada en una direcci\u00f3n va acompa\u00f1ada por un aumento en otra. Lo cual no ocurre si se deja a que el mercado ponga a cada quien en su lugar.&nbsp;<\/p>\n\n\n\n<p class=\"wp-block-paragraph\">El presidente del PAN- Sonora, y anfitri\u00f3n del evento,&nbsp; David Galv\u00e1n C\u00e1zares, aprovech\u00f3 la ocasi\u00f3n para despedirse de los comunicadores, ya que el pr\u00f3ximo domingo se elegir\u00e1 al nuevo l\u00edder de su partido, &nbsp;obsequi\u00e1ndoles a cada uno de los presentes un libro (sobre pol\u00edtica, claro) y entreg\u00e1ndoles una carta personalizada agradeci\u00e9ndoles por el apoyo recibido durante&nbsp; su gesti\u00f3n.<\/p>\n","protected":false},"excerpt":{"rendered":"<p>Los mercados no obedecen las \u00f3rdenes de los pol\u00edticos. Las acciones de todos los bancos en M\u00e9xico bajaron arrastrando a la bolsa al deterioro se\u00f1alado. Natalia Vidales SemM\u00e9xico. Sonora. 9 de noviembre de 2018.- Este jueves, mientras un grupo de directores de medios y comunicadores&nbsp; de Hermosillo charl\u00e1bamos y degust\u00e1bamos carne asada, en un sal\u00f3n [&hellip;]<\/p>\n","protected":false},"author":3,"featured_media":6416,"comment_status":"open","ping_status":"open","sticky":false,"template":"","format":"standard","meta":{"_monsterinsights_skip_tracking":false,"footnotes":""},"categories":[689,72,1],"tags":[],"class_list":["post-6415","post","type-post","status-publish","format-standard","has-post-thumbnail","category-689","category-natalia-vidales","category-uncategorized"],"_links":{"self":[{"href":"https:\/\/redsemlac.com\/semmexico\/wp-json\/wp\/v2\/posts\/6415","targetHints":{"allow":["GET"]}}],"collection":[{"href":"https:\/\/redsemlac.com\/semmexico\/wp-json\/wp\/v2\/posts"}],"about":[{"href":"https:\/\/redsemlac.com\/semmexico\/wp-json\/wp\/v2\/types\/post"}],"author":[{"embeddable":true,"href":"https:\/\/redsemlac.com\/semmexico\/wp-json\/wp\/v2\/users\/3"}],"replies":[{"embeddable":true,"href":"https:\/\/redsemlac.com\/semmexico\/wp-json\/wp\/v2\/comments?post=6415"}],"version-history":[{"count":0,"href":"https:\/\/redsemlac.com\/semmexico\/wp-json\/wp\/v2\/posts\/6415\/revisions"}],"wp:featuredmedia":[{"embeddable":true,"href":"https:\/\/redsemlac.com\/semmexico\/wp-json\/wp\/v2\/media\/6416"}],"wp:attachment":[{"href":"https:\/\/redsemlac.com\/semmexico\/wp-json\/wp\/v2\/media?parent=6415"}],"wp:term":[{"taxonomy":"category","embeddable":true,"href":"https:\/\/redsemlac.com\/semmexico\/wp-json\/wp\/v2\/categories?post=6415"},{"taxonomy":"post_tag","embeddable":true,"href":"https:\/\/redsemlac.com\/semmexico\/wp-json\/wp\/v2\/tags?post=6415"}],"curies":[{"name":"wp","href":"https:\/\/api.w.org\/{rel}","templated":true}]}}