{"id":64030,"date":"2023-03-09T17:40:29","date_gmt":"2023-03-09T23:40:29","guid":{"rendered":"https:\/\/redsemlac.com\/semmexico\/?p=64030"},"modified":"2023-03-09T17:40:31","modified_gmt":"2023-03-09T23:40:31","slug":"fuimos-todas-marchan-miles-de-mujeres-contra-feminicidios-en-hidalgo","status":"publish","type":"post","link":"https:\/\/redsemlac.com\/semmexico\/fuimos-todas-marchan-miles-de-mujeres-contra-feminicidios-en-hidalgo\/","title":{"rendered":"\u201cFuimos todas\u201d, marchan miles de mujeres contra feminicidios en Hidalgo"},"content":{"rendered":"\n<p class=\"wp-block-paragraph\">Fueron tres marchas paralelas, en todas coincidi\u00f3 un solo reclamo: seguridad para las mujeres<\/p>\n\n\n\n<p class=\"wp-block-paragraph\">Breves pinceladas de enfrentamiento, sin consecuencias<\/p>\n\n\n\n<p class=\"wp-block-paragraph\">&nbsp;Ignacio Garc\u00eda<\/p>\n\n\n\n<p class=\"wp-block-paragraph\">SemM\u00e9xico, Pachuca, Hidalgo, 9 de marzo, 2023.- \u201cFuimos todas\u201d, \u201cVivas se las llevaron, vivas las queremos\u201d, \u201cJusticia\u201d, gritaron miles de mujeres que marcharon por las principales calles de la ciudad de Pachuca para protestar por los feminicidios, desapariciones y violaciones que padecen las mujeres en el estado de Hidalgo con motivo del D\u00eda Internacional de la Mujer.<\/p>\n\n\n\n<p class=\"wp-block-paragraph\">Desde antes de las 14:00 horas, de este mi\u00e9rcoles, cientos de mujeres vestidas con prendas de color violeta se comenzaron a congregar en la explanada de Plaza Ju\u00e1rez, donde colocaron bocinas para escuchar m\u00fasica de protesta, mientras que otras preparaban sus mantas, cartulinas y pancartas que mostraron durante la movilizaci\u00f3n.<\/p>\n\n\n\n<p class=\"wp-block-paragraph\">Las colectivas y organizaciones feministas convocaron una semana antes en redes sociales a las mujeres a participar en la marcha para conmemorar el 8 de marzo, movilizaci\u00f3n que cada a\u00f1o registra una mayor participaci\u00f3n de mujeres de todas las edades que esta vez se unieron para exigir una respuesta al Estado por la violencia que sufren.<\/p>\n\n\n\n<p class=\"wp-block-paragraph\">Despu\u00e9s de las 17:00 horas, hora convenida para el inicio de la marcha, comenz\u00f3 la movilizaci\u00f3n, que, a diferencia de a\u00f1os pasados, cambi\u00f3 su ruta, pues se dirigieron hacia el monumento de Ni\u00f1os H\u00e9roes, donde gritaron consignas en contra de los feminicidios, desapariciones y delitos sexuales que se han reportado en la entidad y que, en la mayor\u00eda de los casos, se mantienen en la impunidad.<\/p>\n\n\n\n<p class=\"wp-block-paragraph\">Ah\u00ed un grupo de encapuchadas pintaron la fachada de la estaci\u00f3n del Tuzob\u00fas \u201cNi\u00f1os H\u00e9roes\u201d y posteriormente se dirigieron a la Plaza Independencia, donde volvieron a pintar el reloj monumental, que a\u00fan ten\u00eda pintura de la marcha del a\u00f1o pasado.<\/p>\n\n\n\n<p class=\"wp-block-paragraph\">La ola de mujeres que se reuni\u00f3 en el coraz\u00f3n de la ciudad se dirigi\u00f3 hacia el Viaducto del R\u00edo de las Avenidas hasta llegar a la calle Hidalgo y continuar hacia el Parque Hidalgo, donde pintaron la fachada del Instituto Hidalguense de las Mujeres.<\/p>\n\n\n\n<p class=\"wp-block-paragraph\">El contingente se dividi\u00f3 en tres, pero cada uno demand\u00f3 la inseguridad que viven diariamente las mujeres en todos los \u00e1mbitos y que ha generado un hartazgo general por la impunidad que provoca la falta de actuaci\u00f3n de las autoridades.<\/p>\n\n\n\n<p class=\"wp-block-paragraph\">La marcha continu\u00f3 hacia la Avenida Madero, donde aprovecharon para pintar la fachada de la sede estatal del Partido Acci\u00f3n Nacional (PAN), al que acusaron de estar en contra de los derechos de las mujeres para permitir la interrupci\u00f3n legal del embarazo, y finalmente regresaron a la explanada de Plaza Ju\u00e1rez, el punto de partida, donde tambi\u00e9n un grupo de encapuchadas rompieron los vidrios de la puerta principal del Palacio de Gobierno estatal, donde tambi\u00e9n pintaron \u201cEstado machista\u201d en el inmueble.<\/p>\n\n\n\n<p class=\"wp-block-paragraph\">Al oscurecer, la mayor\u00eda de las mujeres comenzaron a retirarse, mientras que otras permanecieron unos minutos m\u00e1s para protestar por los feminicidios con una fogata que encendieron y posteriormente escucharon la canci\u00f3n \u201cVivir sin miedo\u201d de la cantautora Vivir Quintana.<\/p>\n\n\n\n<p class=\"wp-block-paragraph\">Finalmente, la movilizaci\u00f3n que alberg\u00f3 a miles de mujeres concluy\u00f3 con la exigencia de una respuesta inmediata del gobierno estatal y los ayuntamientos para atender la violencia que viven a diario.<\/p>\n","protected":false},"excerpt":{"rendered":"<p>\u201cFuimos todas\u201d, \u201cVivas se las llevaron, vivas las queremos\u201d, \u201cJusticia\u201d, gritaron miles de mujeres que marcharon por las principales calles de la ciudad de Pachuca para protestar por los feminicidios, desapariciones y violaciones que padecen las mujeres en el estado de Hidalgo con motivo del D\u00eda Internacional de la Mujer.<\/p>\n","protected":false},"author":3,"featured_media":64036,"comment_status":"open","ping_status":"open","sticky":false,"template":"","format":"standard","meta":{"_monsterinsights_skip_tracking":false,"footnotes":""},"categories":[205],"tags":[],"class_list":["post-64030","post","type-post","status-publish","format-standard","has-post-thumbnail","category-8-de-marzo"],"_links":{"self":[{"href":"https:\/\/redsemlac.com\/semmexico\/wp-json\/wp\/v2\/posts\/64030","targetHints":{"allow":["GET"]}}],"collection":[{"href":"https:\/\/redsemlac.com\/semmexico\/wp-json\/wp\/v2\/posts"}],"about":[{"href":"https:\/\/redsemlac.com\/semmexico\/wp-json\/wp\/v2\/types\/post"}],"author":[{"embeddable":true,"href":"https:\/\/redsemlac.com\/semmexico\/wp-json\/wp\/v2\/users\/3"}],"replies":[{"embeddable":true,"href":"https:\/\/redsemlac.com\/semmexico\/wp-json\/wp\/v2\/comments?post=64030"}],"version-history":[{"count":0,"href":"https:\/\/redsemlac.com\/semmexico\/wp-json\/wp\/v2\/posts\/64030\/revisions"}],"wp:featuredmedia":[{"embeddable":true,"href":"https:\/\/redsemlac.com\/semmexico\/wp-json\/wp\/v2\/media\/64036"}],"wp:attachment":[{"href":"https:\/\/redsemlac.com\/semmexico\/wp-json\/wp\/v2\/media?parent=64030"}],"wp:term":[{"taxonomy":"category","embeddable":true,"href":"https:\/\/redsemlac.com\/semmexico\/wp-json\/wp\/v2\/categories?post=64030"},{"taxonomy":"post_tag","embeddable":true,"href":"https:\/\/redsemlac.com\/semmexico\/wp-json\/wp\/v2\/tags?post=64030"}],"curies":[{"name":"wp","href":"https:\/\/api.w.org\/{rel}","templated":true}]}}