{"id":6399,"date":"2018-11-21T01:47:04","date_gmt":"2018-11-21T01:47:04","guid":{"rendered":"https:\/\/redsemlac.com\/semmexico\/?p=6399"},"modified":"2023-07-21T14:34:13","modified_gmt":"2023-07-21T19:34:13","slug":"serviran-las-reformas-de-amlo-a-la-constitucion","status":"publish","type":"post","link":"https:\/\/redsemlac.com\/semmexico\/serviran-las-reformas-de-amlo-a-la-constitucion\/","title":{"rendered":"\u00bfServir\u00e1n las Reformas de AMLO a la Constituci\u00f3n?"},"content":{"rendered":"\n<p class=\"wp-block-paragraph\">No esta la del art\u00edculo 102, que garantizar\u00eda una Fiscal\u00eda General aut\u00f3noma.<\/p>\n\n\n\n<h5 class=\"wp-block-heading\"> El plan para pacificar al pa\u00eds y abatir el crimen consta de ocho apartados, uno de los cuales es la creaci\u00f3n de la Guardia Nacional.<\/h5>\n\n\n\n<p class=\"wp-block-paragraph\"><a href=\"https:\/\/semmexico.com\/gallery-post.php?id=6410#\">Natalia Vidales<\/a><\/p>\n\n\n\n<p class=\"wp-block-paragraph\">SemM\u00e9xico. Sonora. 21 de noviembre de 2018.- Si los cambios hechos a la Constituci\u00f3n General de la Rep\u00fablica&nbsp;resolvieran los problemas del pa\u00eds ya no habr\u00eda ninguno.<\/p>\n\n\n\n<p class=\"wp-block-paragraph\">Luego de su promulgaci\u00f3n en 1917, &nbsp;los 136 art\u00edculos con que cuenta nuestra &nbsp;Carta Magna se han&nbsp;modificado 699 veces (hasta ayer),&nbsp;y solo 22 art\u00edculos permanecen&nbsp;intocados, pero varios de ellos se modificar\u00e1n, tambi\u00e9n, pr\u00f3ximamente: ayer &nbsp;en la C\u00e1mara de Diputados el grupo parlamentario de MORENA present\u00f3 una lista de iniciativas de ley para reformar trece textos constitucionales, entre los cuales se encuentran diversas disposiciones relativas a la prohibici\u00f3n de que las fuerzas militares de nuestro pa\u00eds realicen funciones policiacas reservadas a las autoridades civiles,&nbsp;y que datan desde la&nbsp;legislatura constituyente de 1917.<\/p>\n\n\n\n<p class=\"wp-block-paragraph\">Estos nuevos cambios constitucionales se har\u00e1n&nbsp;para que el nuevo gobierno pueda crear legalmente &nbsp;la Guardia Nacional (un cuerpo policiaco formado por polic\u00edas civiles, militares y marinos, bajo el mando de la&nbsp;Secretar\u00eda de la &nbsp;Defensa Nacional), y&nbsp;que sustituir\u00e1 a la actual Polic\u00eda Federal en todo el pa\u00eds.<\/p>\n\n\n\n<p class=\"wp-block-paragraph\">A pedido de la&nbsp;Comisi\u00f3n &nbsp;Nacional de los Derechos Humanos&nbsp;y otras organizaciones defensoras de los derecho civiles, &nbsp;la semana pasada la&nbsp;Suprema Corte de Justicia de la Naci\u00f3n&nbsp;(SCJN)&nbsp;declar\u00f3 inconstitucional &nbsp;la Ley de Seguridad Nacional&nbsp;que&nbsp;promulg\u00f3 el todav\u00eda presidente Pe\u00f1a Nieto&nbsp;en Diciembre pasado,&nbsp;y que regulaba la actuaci\u00f3n &nbsp;en las calles de los militares, &nbsp; precisamente porque la Constituci\u00f3n lo proh\u00edbe. &nbsp;Pero&nbsp;para salvar ese obst\u00e1culo legal&nbsp;el presidente electo L\u00f3pez Obrador declar\u00f3&nbsp;que, entonces &nbsp;se reformar\u00eda la Constituci\u00f3n para permitir la existencia de la Guardia Nacional&nbsp;con militares en las calles&nbsp;(siguiendo la Ley de Murphy,&nbsp;de que cuando las soluciones que plantean los pol\u00edticos no van de acuerdo con los problemas que pretender arreglar, modifican el problema, no la soluci\u00f3n).<\/p>\n\n\n\n<p class=\"wp-block-paragraph\">Lo parad\u00f3jico de la sentencia de la SCJN &nbsp;es que significa &nbsp;que durante los \u00faltimos a\u00f1os, a partir del gobierno de Calder\u00f3n en que le declar\u00f3 la guerra a los narcos el ej\u00e9rcito ha estado en las calles no solo sin una ley que se lo permita, sino en contra de la Constituci\u00f3n; tanto como el hecho in\u00e9dito de que AMLO ya est\u00e1 ordenando su modificaci\u00f3n (por conducto de sus legisladores, por supuesto) antes de tomar posesi\u00f3n, lo que se consideraba una ofensa&nbsp;imperdonable al presidente en funciones, por m\u00e1s que, en este caso ambos coincidan en legalizar las tareas de polic\u00eda &nbsp;a los soldados.<\/p>\n\n\n\n<p class=\"wp-block-paragraph\">Revisando la historia vemos &nbsp;que la mayor\u00eda de&nbsp;las reformas se realizaron por los seis \u00faltimos presidentes; y que los m\u00e1s prol\u00edficos fueron Calder\u00f3n, con 110 y Pe\u00f1a Nieto con 147. Pero al paso con que empieza seguramente AMLO los superar\u00e1.&nbsp;<\/p>\n\n\n\n<p class=\"wp-block-paragraph\">Su plan&nbsp;para pacificar al pa\u00eds y abatir el crimen consta de ocho apartados, uno de los cuales es la &nbsp;creaci\u00f3n de la Guardia Nacional, pero ninguno se refiere a la&nbsp;debida&nbsp;investigaci\u00f3n de los delitos (con cuya sanci\u00f3n se evita&nbsp;la multiplicaci\u00f3n de los mismos). Pero ese ser\u00e1 otro tema.<\/p>\n\n\n\n<p class=\"wp-block-paragraph\">Las modificaciones&nbsp;constitucionales &nbsp;tardar\u00e1n unas semanas&nbsp;en promulgarse (porque tienen que pasar por las legislaturas de los Estados), as\u00ed que el&nbsp;ya pr\u00f3ximo&nbsp;primero de Diciembre AMLO deber\u00eda de agregarle&nbsp;&nbsp;al texto de la protesta &nbsp;tradicional como Presidente &nbsp;de \u201ccumplir y hacer cumplir la Constituci\u00f3n\u201d, anticipando&nbsp;\u201c\u2026con las reformas que le mand\u00e9 hacer a la misma\u201d.&nbsp;<\/p>\n\n\n\n<p class=\"wp-block-paragraph\">L\u00e0stima&nbsp;que entre esas reformas no est\u00e9 la del art\u00edculo 102, que garantizar\u00eda una Fiscal\u00eda General aut\u00f3noma. &nbsp; \u00bfPor qu\u00e9 ser\u00eda?<br><\/p>\n","protected":false},"excerpt":{"rendered":"<p>No esta la del art\u00edculo 102, que garantizar\u00eda una Fiscal\u00eda General aut\u00f3noma. El plan para pacificar al pa\u00eds y abatir el crimen consta de ocho apartados, uno de los cuales es la creaci\u00f3n de la Guardia Nacional. Natalia Vidales SemM\u00e9xico. Sonora. 21 de noviembre de 2018.- Si los cambios hechos a la Constituci\u00f3n General de [&hellip;]<\/p>\n","protected":false},"author":3,"featured_media":6400,"comment_status":"open","ping_status":"open","sticky":false,"template":"","format":"standard","meta":{"_monsterinsights_skip_tracking":false,"footnotes":""},"categories":[689,72,1],"tags":[],"class_list":["post-6399","post","type-post","status-publish","format-standard","has-post-thumbnail","category-689","category-natalia-vidales","category-uncategorized"],"_links":{"self":[{"href":"https:\/\/redsemlac.com\/semmexico\/wp-json\/wp\/v2\/posts\/6399","targetHints":{"allow":["GET"]}}],"collection":[{"href":"https:\/\/redsemlac.com\/semmexico\/wp-json\/wp\/v2\/posts"}],"about":[{"href":"https:\/\/redsemlac.com\/semmexico\/wp-json\/wp\/v2\/types\/post"}],"author":[{"embeddable":true,"href":"https:\/\/redsemlac.com\/semmexico\/wp-json\/wp\/v2\/users\/3"}],"replies":[{"embeddable":true,"href":"https:\/\/redsemlac.com\/semmexico\/wp-json\/wp\/v2\/comments?post=6399"}],"version-history":[{"count":0,"href":"https:\/\/redsemlac.com\/semmexico\/wp-json\/wp\/v2\/posts\/6399\/revisions"}],"wp:featuredmedia":[{"embeddable":true,"href":"https:\/\/redsemlac.com\/semmexico\/wp-json\/wp\/v2\/media\/6400"}],"wp:attachment":[{"href":"https:\/\/redsemlac.com\/semmexico\/wp-json\/wp\/v2\/media?parent=6399"}],"wp:term":[{"taxonomy":"category","embeddable":true,"href":"https:\/\/redsemlac.com\/semmexico\/wp-json\/wp\/v2\/categories?post=6399"},{"taxonomy":"post_tag","embeddable":true,"href":"https:\/\/redsemlac.com\/semmexico\/wp-json\/wp\/v2\/tags?post=6399"}],"curies":[{"name":"wp","href":"https:\/\/api.w.org\/{rel}","templated":true}]}}