{"id":63568,"date":"2023-03-03T17:20:14","date_gmt":"2023-03-03T23:20:14","guid":{"rendered":"https:\/\/redsemlac.com\/semmexico\/?p=63568"},"modified":"2023-03-03T17:20:17","modified_gmt":"2023-03-03T23:20:17","slug":"imponen-prision-preventiva-al-feminicida-de-karina-casillas-gutierrez-en-veracruz","status":"publish","type":"post","link":"https:\/\/redsemlac.com\/semmexico\/imponen-prision-preventiva-al-feminicida-de-karina-casillas-gutierrez-en-veracruz\/","title":{"rendered":"Imponen prisi\u00f3n preventiva al feminicida de Karina Casillas Guti\u00e9rrez en Veracruz"},"content":{"rendered":"\n<ul class=\"wp-block-list\">\n<li><strong>El pasado 17 de febrero la joven estudiante de nutrici\u00f3n fue hallada muerta por su madre en el interior de un departamento ubicado en uno de los condominios del Infonavit M\u00e9dano Buenavista.<\/strong><\/li>\n\n\n\n<li><strong>En lo que va de 2023 suman ya seis feminicidios en la entidad.<\/strong><strong><\/strong><\/li>\n<\/ul>\n\n\n\n<p class=\"wp-block-paragraph\"><strong>Elda Montiel<\/strong><\/p>\n\n\n\n<p class=\"wp-block-paragraph\">SemM\u00e9xico, Ciudad de M\u00e9xico, 3 de marzo del 2023.- La Fiscal\u00eda General del Estado de Veracruz inform\u00f3 que imputo a Jos\u00e9 Luis \u201cN\u201d por el delito de feminicidio en contra de Karina Casillas Guti\u00e9rrez, estudiante de la Facultad de Nutrici\u00f3n de la Universidad Veracruzana, ocurrido el pasado 17 de febrero. El juez impuso medida cautelar de prisi\u00f3n preventiva oficiosa.<\/p>\n\n\n\n<p class=\"wp-block-paragraph\">El anuncio se da despu\u00e9s de una manifestaci\u00f3n el pasado 21 de febrero por parte de familiares, estudiantes y maestros\/maestras que reclamaban justicia y que la Universidad Veracruzana condenara en\u00e9rgicamente estos actos de violencia y pidiera justicia.<\/p>\n\n\n\n<p class=\"wp-block-paragraph\">El pasado 17 de febrero la joven estudiante de nutrici\u00f3n fue hallada muerta por su madre en el interior de un departamento ubicado en uno de los condominios del Infonavit M\u00e9dano Buenavista, mejor conocido como M\u00e9dano del Perro.<\/p>\n\n\n\n<p class=\"wp-block-paragraph\">En el departamento tambi\u00e9n estaba un hombre herido quien fue identificado como el novio, quien era el principal sospechoso.<\/p>\n\n\n\n<p class=\"wp-block-paragraph\">Medios period\u00edsticos locales reportaron declaraciones del gobernador Cuitl\u00e1huac Garc\u00eda qui\u00e9n se\u00f1al\u00f3 que el hombre estaba hospitalizado en calidad de detenido.&nbsp;<\/p>\n\n\n\n<h2 class=\"wp-block-heading\"><strong>Feminicidios en Veracruz<\/strong><\/h2>\n\n\n\n<p class=\"wp-block-paragraph\">Los medios locales resaltaron que en lo que va de 2023 suman ya seis feminicidios en la entidad, entre ellos una mujer de 60 a\u00f1os, Sara Hilda Olarte Cid que desapareci\u00f3 de su domicilio y fue encontrada muerta el 17 de febrero en una s\u00e1bana y cobija bajo el puente camino a Chiltoyac de Xalapa. Por este caso est\u00e1n detenidos el sobrino y dos hombres en Veracruz.<\/p>\n\n\n\n<p class=\"wp-block-paragraph\">De acuerdo a cifras del Secretariado Ejecutivo del Sistema Nacional de Seguridad P\u00fablica indican en Veracruz se iniciaron 68 carpetas de investigaci\u00f3n por el delito de feminicidio durante todo el 2022.<\/p>\n\n\n\n<p class=\"wp-block-paragraph\">SEM\/MG<\/p>\n","protected":false},"excerpt":{"rendered":"<p>Elda Montiel SemM\u00e9xico, Ciudad de M\u00e9xico, 3 de marzo del 2023.- La Fiscal\u00eda General del Estado de Veracruz inform\u00f3 que imputo a Jos\u00e9 Luis \u201cN\u201d por el delito de feminicidio en contra de Karina Casillas Guti\u00e9rrez, estudiante de la Facultad de Nutrici\u00f3n de la Universidad Veracruzana, ocurrido el pasado 17 de febrero. El juez impuso [&hellip;]<\/p>\n","protected":false},"author":3,"featured_media":63567,"comment_status":"open","ping_status":"open","sticky":false,"template":"","format":"standard","meta":{"_monsterinsights_skip_tracking":false,"footnotes":""},"categories":[51,47],"tags":[],"class_list":["post-63568","post","type-post","status-publish","format-standard","has-post-thumbnail","category-ejecutivo","category-no-mas-impunidad"],"_links":{"self":[{"href":"https:\/\/redsemlac.com\/semmexico\/wp-json\/wp\/v2\/posts\/63568","targetHints":{"allow":["GET"]}}],"collection":[{"href":"https:\/\/redsemlac.com\/semmexico\/wp-json\/wp\/v2\/posts"}],"about":[{"href":"https:\/\/redsemlac.com\/semmexico\/wp-json\/wp\/v2\/types\/post"}],"author":[{"embeddable":true,"href":"https:\/\/redsemlac.com\/semmexico\/wp-json\/wp\/v2\/users\/3"}],"replies":[{"embeddable":true,"href":"https:\/\/redsemlac.com\/semmexico\/wp-json\/wp\/v2\/comments?post=63568"}],"version-history":[{"count":0,"href":"https:\/\/redsemlac.com\/semmexico\/wp-json\/wp\/v2\/posts\/63568\/revisions"}],"wp:featuredmedia":[{"embeddable":true,"href":"https:\/\/redsemlac.com\/semmexico\/wp-json\/wp\/v2\/media\/63567"}],"wp:attachment":[{"href":"https:\/\/redsemlac.com\/semmexico\/wp-json\/wp\/v2\/media?parent=63568"}],"wp:term":[{"taxonomy":"category","embeddable":true,"href":"https:\/\/redsemlac.com\/semmexico\/wp-json\/wp\/v2\/categories?post=63568"},{"taxonomy":"post_tag","embeddable":true,"href":"https:\/\/redsemlac.com\/semmexico\/wp-json\/wp\/v2\/tags?post=63568"}],"curies":[{"name":"wp","href":"https:\/\/api.w.org\/{rel}","templated":true}]}}