{"id":63552,"date":"2023-03-03T10:55:22","date_gmt":"2023-03-03T16:55:22","guid":{"rendered":"https:\/\/redsemlac.com\/semmexico\/?p=63552"},"modified":"2023-03-03T10:55:25","modified_gmt":"2023-03-03T16:55:25","slug":"angelina-diaz-mendez-se-reintegra-como-alcaldesa-de-aldama","status":"publish","type":"post","link":"https:\/\/redsemlac.com\/semmexico\/angelina-diaz-mendez-se-reintegra-como-alcaldesa-de-aldama\/","title":{"rendered":"Angelina D\u00edaz M\u00e9ndez se reintegra como alcaldesa de Aldama"},"content":{"rendered":"\n<ul class=\"wp-block-list\">\n<li><strong>Es resultado de un acuerdo de Asamblea entre las autoridades municipales, civiles y el Juzgado de Paz y Conciliaci\u00f3n Ind\u00edgena, efectuado el pasado 1 de marzo de 2023.<\/strong><\/li>\n\n\n\n<li><strong>Se analiz\u00f3 la problem\u00e1tica y, por mayor\u00eda de votos, se acord\u00f3 la reincorporaci\u00f3n.<\/strong><\/li>\n<\/ul>\n\n\n\n<p class=\"wp-block-paragraph\"><strong>Redacci\u00f3n<\/strong><\/p>\n\n\n\n<p class=\"wp-block-paragraph\">SemM\u00e9xico, Tuxtla Guti\u00e9rrez, Chiapas, 3 de marzo del 2023.- Derivado de un acuerdo de Asamblea, efectuado conforme a los usos y costumbres, el d\u00eda 1 de marzo de este a\u00f1o entre las autoridades municipales, rurales y civiles del municipio de Aldama, la presidenta constitucional, Angelina D\u00edaz M\u00e9ndez, ser\u00e1 reintegrada a sus funciones frente al Ayuntamiento Municipal, tras un debate conciliatorio en el que se privilegi\u00f3 la concertaci\u00f3n y se respet\u00f3 la constancia de mayor\u00eda.<\/p>\n\n\n\n<p class=\"wp-block-paragraph\">Luego de que a inicios de este 2023 la alcaldesa fue obligada a renunciar al cargo, el juez de Paz y Conciliaci\u00f3n Ind\u00edgena junto con los integrantes del Comit\u00e9 Municipal del PVEM, del comisariado de Bienes Comunales, los 24 Agentes Rurales y los s\u00edndicos y regidores municipales, analizaron la problem\u00e1tica y, por mayor\u00eda de votos, acordaron la reincorporaci\u00f3n.<\/p>\n\n\n\n<p class=\"wp-block-paragraph\">Lo anterior, debido a que no existe ning\u00fan impedimento legal que se lo proh\u00edba, esto con apego a la Ley de Desarrollo Constitucional en materia de Gobierno y Administraci\u00f3n Municipal, haciendo respetar tambi\u00e9n todos sus derechos y garant\u00edas como autoridades constitucionales.<\/p>\n\n\n\n<p class=\"wp-block-paragraph\">En dicha Asamblea, efectuada frente a la Presidencia Municipal de Aldama, tambi\u00e9n se acord\u00f3 que la fiesta en honor al Se\u00f1or de Tila, s\u00ed se llevar\u00e1 a cabo como se acostumbra cada a\u00f1o, sin violencia y con el entendido de que las y los organizadores de esta fiesta patronal sean las y los responsables que no se pierda esta tradici\u00f3n.<\/p>\n\n\n\n<p class=\"wp-block-paragraph\">Cabe mencionar que la acata de Asamblea fue firmada por las y los integrantes de la Mesa de Debate, del Comit\u00e9 Municipal del Partido Verde Ecologista, del comisariado de Bienes Comunales, del Consejo de Vigilancia de Bienes Comunales, autoridades del Juzgado de Paz y Conciliaci\u00f3n Ind\u00edgena, y Agentes Rurales Municipales.<\/p>\n\n\n\n<p class=\"wp-block-paragraph\">SEM\/MG<\/p>\n","protected":false},"excerpt":{"rendered":"<p>Es resultado de un acuerdo de Asamblea entre las autoridades municipales, civiles y el Juzgado de Paz y Conciliaci\u00f3n Ind\u00edgena, efectuado el pasado 1 de marzo de 2023.<\/p>\n","protected":false},"author":3,"featured_media":63553,"comment_status":"open","ping_status":"open","sticky":false,"template":"","format":"standard","meta":{"_monsterinsights_skip_tracking":false,"footnotes":""},"categories":[51],"tags":[],"class_list":["post-63552","post","type-post","status-publish","format-standard","has-post-thumbnail","category-ejecutivo"],"_links":{"self":[{"href":"https:\/\/redsemlac.com\/semmexico\/wp-json\/wp\/v2\/posts\/63552","targetHints":{"allow":["GET"]}}],"collection":[{"href":"https:\/\/redsemlac.com\/semmexico\/wp-json\/wp\/v2\/posts"}],"about":[{"href":"https:\/\/redsemlac.com\/semmexico\/wp-json\/wp\/v2\/types\/post"}],"author":[{"embeddable":true,"href":"https:\/\/redsemlac.com\/semmexico\/wp-json\/wp\/v2\/users\/3"}],"replies":[{"embeddable":true,"href":"https:\/\/redsemlac.com\/semmexico\/wp-json\/wp\/v2\/comments?post=63552"}],"version-history":[{"count":0,"href":"https:\/\/redsemlac.com\/semmexico\/wp-json\/wp\/v2\/posts\/63552\/revisions"}],"wp:featuredmedia":[{"embeddable":true,"href":"https:\/\/redsemlac.com\/semmexico\/wp-json\/wp\/v2\/media\/63553"}],"wp:attachment":[{"href":"https:\/\/redsemlac.com\/semmexico\/wp-json\/wp\/v2\/media?parent=63552"}],"wp:term":[{"taxonomy":"category","embeddable":true,"href":"https:\/\/redsemlac.com\/semmexico\/wp-json\/wp\/v2\/categories?post=63552"},{"taxonomy":"post_tag","embeddable":true,"href":"https:\/\/redsemlac.com\/semmexico\/wp-json\/wp\/v2\/tags?post=63552"}],"curies":[{"name":"wp","href":"https:\/\/api.w.org\/{rel}","templated":true}]}}