{"id":6351,"date":"2018-12-28T01:15:00","date_gmt":"2018-12-28T01:15:00","guid":{"rendered":"https:\/\/redsemlac.com\/semmexico\/?p=6351"},"modified":"2023-07-21T14:45:26","modified_gmt":"2023-07-21T19:45:26","slug":"las-redes-ahora-en-contra-de-amlo","status":"publish","type":"post","link":"https:\/\/redsemlac.com\/semmexico\/las-redes-ahora-en-contra-de-amlo\/","title":{"rendered":"Las redes ahora en contra de AMLO"},"content":{"rendered":"\n<p class=\"wp-block-paragraph\">El que se lleva, se aguanta, dice el pueblo.<\/p>\n\n\n\n<h5 class=\"wp-block-heading\"> Es tendencia se\u00f1alar al propio AMLO como responsable del accidente a\u00e9reo en que muri\u00f3 la gobernadora de Puebla, Martha Erika Alonso<\/h5>\n\n\n\n<p class=\"wp-block-paragraph\"><a href=\"https:\/\/semmexico.com\/gallery-post.php?id=6728#\">Natalia Vidales<\/a><\/p>\n\n\n\n<p class=\"wp-block-paragraph\">SemM\u00e9xico. Sonora. 28 de diciembre de 2018.- Desde la campa\u00f1a presidencial y ya en el mandato AMLO se ha referido a las \u201cbenditas\u201d redes sociales y explic\u00f3 por qu\u00e9: con ellas, dijo, se puede informar r\u00e1pida y efectivamente, as\u00ed como responder a las mentiras que se publican en los medios ordinarios. Y, de hecho, twiter, face, what\u00b4s app y dem\u00e1s contribuyeron a su triunfo electoral.<\/p>\n\n\n\n<p class=\"wp-block-paragraph\">Pero, como es sabido, en esas redes ha quedado atrapado m\u00e1s de uno, &nbsp;luego de haber confiado en ellas: ahora es tendencia se\u00f1alar al propio AMLO como responsable del accidente a\u00e9reo&nbsp; en que muri\u00f3 la gobernadora de Puebla, Martha Erika Alonso y su esposo el senador y ex gobernador Rafael Moreno Valle, as\u00ed como &nbsp;tres inocentes m\u00e1s: los pilotos y un allegado.<\/p>\n\n\n\n<p class=\"wp-block-paragraph\">El presidente acus\u00f3 &nbsp;de mezquinos y fascistas a quienes han manipulado en las redes &nbsp;esa campa\u00f1a, pero las dudas son entendibles (as\u00ed como los gritos de \u00a1Asesinos!, \u00a1Fuera!&nbsp; y \u00a1Justicia! con los cuales algunos poblanos recibieron a la secretaria de Gobernaci\u00f3n, Olga S\u00e1nchez Cordero, durante las honras f\u00fanebres, m\u00e1s tristes aun en plena Navidad, en Puebla).<\/p>\n\n\n\n<p class=\"wp-block-paragraph\">Primero porque AMLO mismo calific\u00f3 de fraudulenta la victoria de Martha \u00c9rika, y MORENA filtr\u00f3 a los medios un &nbsp;proyecto de anulaci\u00f3n de las elecciones elaborado por un magistrado del&nbsp;<em>Tribunal Federal Electoral<\/em>, pero finalmente se valid\u00f3 su triunfo&nbsp; y AMLO&nbsp; &nbsp;acept\u00f3 a rega\u00f1adientes el fallo (pero el candidato perdedor de MORENA, no); y segundo porque, antes de eso, el hoy presidente dijo que \u201cacabar\u00eda&nbsp; con esa dinast\u00eda en Puebla\u201d. Ciertamente que ambas expresiones &nbsp;no dan para ninguna acusaci\u00f3n formal, pero s\u00ed para las especulaciones, precisamente de lo que se nutren las redes sociales.<\/p>\n\n\n\n<p class=\"wp-block-paragraph\">El que se lleva, se aguanta, dice el pueblo.<\/p>\n\n\n\n<p class=\"wp-block-paragraph\">Adem\u00e1s, el mal manejo de la informaci\u00f3n incrementa las dudas: el Secretario de Seguridad, Alfonso Durazo, con base en una inspecci\u00f3n de la SEMAR, elimin\u00f3 la posibilidad de una bomba en el helic\u00f3ptero; y el sub-secretario de Transportes, dijo que tanto los pilotos como la aeronave no ten\u00edan problema alguno (aunque la nave cay\u00f3 en posici\u00f3n invertida, \u201cde cabeza\u201d dijo el funcionario). Entonces si todo estaba bien \u00bfpor qu\u00e9 se desplom\u00f3 si se excluyen las fallas humanas y mec\u00e1nicas?<\/p>\n\n\n\n<p class=\"wp-block-paragraph\">En esos casos siempre debe dejarse abierta alguna posibilidad que, m\u00e1s tarde, la investigaci\u00f3n concluir\u00e1. Pero cerrar esas puertas abre inevitablemente el sospechosismo (ahora mismo se&nbsp;<em>tuit\u00e9a<\/em>&nbsp;que envenenaron a los pilotos y lo cual nunca podr\u00e1 descartarse por haber quedado incinerados por completo).<\/p>\n\n\n\n<p class=\"wp-block-paragraph\">Nada m\u00e1s lejos de&nbsp;<em>Mujer y Poder<\/em>&nbsp;que abonar a las maledicencias de las redes contra el presidente. Pero las concausas, deben evitarse para la mejor comunicaci\u00f3n social. Esas redes siempre ser\u00e1n un arma de doble filo y tienen, como ya lo est\u00e1 resintiendo el gobierno federal, muy poco de \u201cbenditas\u201d, al grado de que tienen&nbsp; al nuevo r\u00e9gimen ante&nbsp; su primera crisis. &nbsp;&nbsp;&nbsp;&nbsp;&nbsp;<\/p>\n","protected":false},"excerpt":{"rendered":"<p>El que se lleva, se aguanta, dice el pueblo. Es tendencia se\u00f1alar al propio AMLO como responsable del accidente a\u00e9reo en que muri\u00f3 la gobernadora de Puebla, Martha Erika Alonso Natalia Vidales SemM\u00e9xico. Sonora. 28 de diciembre de 2018.- Desde la campa\u00f1a presidencial y ya en el mandato AMLO se ha referido a las \u201cbenditas\u201d [&hellip;]<\/p>\n","protected":false},"author":3,"featured_media":6352,"comment_status":"open","ping_status":"open","sticky":false,"template":"","format":"standard","meta":{"_monsterinsights_skip_tracking":false,"footnotes":""},"categories":[689,72,1],"tags":[],"class_list":["post-6351","post","type-post","status-publish","format-standard","has-post-thumbnail","category-689","category-natalia-vidales","category-uncategorized"],"_links":{"self":[{"href":"https:\/\/redsemlac.com\/semmexico\/wp-json\/wp\/v2\/posts\/6351","targetHints":{"allow":["GET"]}}],"collection":[{"href":"https:\/\/redsemlac.com\/semmexico\/wp-json\/wp\/v2\/posts"}],"about":[{"href":"https:\/\/redsemlac.com\/semmexico\/wp-json\/wp\/v2\/types\/post"}],"author":[{"embeddable":true,"href":"https:\/\/redsemlac.com\/semmexico\/wp-json\/wp\/v2\/users\/3"}],"replies":[{"embeddable":true,"href":"https:\/\/redsemlac.com\/semmexico\/wp-json\/wp\/v2\/comments?post=6351"}],"version-history":[{"count":0,"href":"https:\/\/redsemlac.com\/semmexico\/wp-json\/wp\/v2\/posts\/6351\/revisions"}],"wp:featuredmedia":[{"embeddable":true,"href":"https:\/\/redsemlac.com\/semmexico\/wp-json\/wp\/v2\/media\/6352"}],"wp:attachment":[{"href":"https:\/\/redsemlac.com\/semmexico\/wp-json\/wp\/v2\/media?parent=6351"}],"wp:term":[{"taxonomy":"category","embeddable":true,"href":"https:\/\/redsemlac.com\/semmexico\/wp-json\/wp\/v2\/categories?post=6351"},{"taxonomy":"post_tag","embeddable":true,"href":"https:\/\/redsemlac.com\/semmexico\/wp-json\/wp\/v2\/tags?post=6351"}],"curies":[{"name":"wp","href":"https:\/\/api.w.org\/{rel}","templated":true}]}}