{"id":63282,"date":"2023-02-28T08:20:19","date_gmt":"2023-02-28T14:20:19","guid":{"rendered":"https:\/\/redsemlac.com\/semmexico\/?p=63282"},"modified":"2023-02-28T08:20:21","modified_gmt":"2023-02-28T14:20:21","slug":"tras-la-puerta-del-poder-y-que-crees-andres-ya-le-perdimos-el-miedo-a-protestar-en-las-calles","status":"publish","type":"post","link":"https:\/\/redsemlac.com\/semmexico\/tras-la-puerta-del-poder-y-que-crees-andres-ya-le-perdimos-el-miedo-a-protestar-en-las-calles\/","title":{"rendered":"Tras la Puerta del Poder| \u00bfY qu\u00e9 crees Andr\u00e9s?, \u00a1ya le perdimos el miedo a protestar en las calles!"},"content":{"rendered":"\n<p class=\"wp-block-paragraph\"><strong>Roberto Vizca\u00edno<\/strong><\/p>\n\n\n\n<p class=\"wp-block-paragraph\">SemM\u00e9xico, Ciudad de M\u00e9xico, 28 de febrero del 2023.- La historia nos dice que las mexicanas y mexicanos no vamos f\u00e1cilmente a protestas callejeras. Mucho menos si somos de clase media.<\/p>\n\n\n\n<p class=\"wp-block-paragraph\">Al menos no lo hacemos como las y los franceses, o espa\u00f1olas y espa\u00f1oles o como las y los italianos. Rehuimos involucrarnos en protestas.<\/p>\n\n\n\n<p class=\"wp-block-paragraph\">Quiz\u00e1 tenga algo que ver lo ocurrido en 68.<\/p>\n\n\n\n<p class=\"wp-block-paragraph\">\u00bfPero qu\u00e9 creen? Creo que ya nos gust\u00f3. Y en apenas 3 meses nos hemos ido a marchar masivamente en dos ocasiones. Las dos en medio de fuertes reclamos pero con mucho humor, y sin violencia, ni vidrios quebrados ni paredes pintarrajeadas.<\/p>\n\n\n\n<p class=\"wp-block-paragraph\">La primera gran protesta, sin partidos ni l\u00edderes de por medio, ocurri\u00f3 el domingo 13 de noviembre pasado en defensa del INE&#8230; y contra Andr\u00e9s Manuel L\u00f3pez Obrador. En ese orden.<\/p>\n\n\n\n<p class=\"wp-block-paragraph\">Este domingo pasado los cientos de miles de ciudadanas y ciudadanos que acudimos al Z\u00f3calo de la Ciudad de M\u00e9xico y a las calles y plazas otras cien en todo el pa\u00eds y en el extranjero, fue para advertirle a las magistradas y magistrados pro-lopezobradoristas de la Corte -que los hay-, la plagiaria Jasm\u00edn Esquivel -la primera de ellas- que no se les perdonar\u00e1 si avalan el inconstitucional y sucio Plan B electoral del mandatario.<\/p>\n\n\n\n<p class=\"wp-block-paragraph\">Para las y los cientos de miles que tomamos las calles y plazas el domingo pasado, hay claridad que en su paso por la C\u00e1mara de Diputados y el Senado el Plan B electoral de AMLO, como lo advirti\u00f3 el senador Ricardo Monreal, no s\u00f3lo hubo imposici\u00f3n, sino violaciones grav\u00edsimas al procedimiento legislativo que en otros parlamentos ser\u00edan impensables e inviables, y que adem\u00e1s las reformas a cientos de art\u00edculos -quiz\u00e1 450 de 6 leyes- son claramente inconstitucionales.<\/p>\n\n\n\n<p class=\"wp-block-paragraph\">Ha permeado a la sociedad, que la Corte podr\u00eda tener 3 opciones.<\/p>\n\n\n\n<p class=\"wp-block-paragraph\">1) Dar entrada a los recursos de inconstitucionalidad art\u00edculo por art\u00edculo lo cual plantea un trabajo de revisi\u00f3n extraordinario que llevar\u00eda a las y los 11 ministros a sesiones de trabajo agobiantes para resolver uno por uno.<\/p>\n\n\n\n<p class=\"wp-block-paragraph\">2)&nbsp; Dar entrada al reclamo de graves violaciones al art\u00edculo 72 Constitucional debido a transgresiones y atropellos a los procedimientos y normas legislativas que podr\u00edan llevar a la Corte a anular todo el Plan B electoral.<\/p>\n\n\n\n<p class=\"wp-block-paragraph\">3)&nbsp; O la ministra Norma Pi\u00f1a, presidenta de la Corte, con el aval de la mayor\u00eda de las y los ministros, declarar en suspensi\u00f3n todo el Plan B debido a su complejidad y por no poder cumplir con los tiempos para resolver los recursos interpuestos para dictaminarlos. Si acuden a esta t\u00e1ctica jur\u00eddica, el Plan B electoral de AMLO no podr\u00eda ser aplicado ya en las elecciones de 2024 ni en las presidenciales ni en el resto previsto: es decir, para renovar a las y los 500 diputados federales, los 128 senadores y senadoras, los 8 o 9 gobernadores\/as en juego, ni para las cientos de alcald\u00edas en juego, ni para la Jefatura de Gobierno en la CDMX ni en sus 16 alcald\u00edas capitalinas. Y es que la Corte tiene como plazo para resolver todo lo del Plan B electoral impugnado, hasta el viernes 2 de junio de este a\u00f1o. A partir de ese d\u00eda, comienzan los 90 d\u00edas previos al inicio del siguiente proceso electoral que es el de 2024, 90 d\u00edas marcados por la Constituci\u00f3n en los que ya nada se puede mover o modificar en las normas electorales a fin de no alterar los comicios siguientes.<\/p>\n\n\n\n<p class=\"wp-block-paragraph\">Si la Corte acude a la suspensi\u00f3n, AMLO y las y los suyos no podr\u00edan ya involucrarse como pretend\u00edan hacerlo en las elecciones siguientes con el Plan B, ni recortar presupuestos electorales, ni despedir consejeras\/consejeros o personal del INE, ni desaparecer juntas electorales en los estados ni destazar a la democracia mexicana.<\/p>\n\n\n\n<p class=\"wp-block-paragraph\">Ser\u00eda la vacuna para impedirle a AMLO anular las elecciones presidenciales u otras en el 2024.<\/p>\n\n\n\n<p class=\"wp-block-paragraph\">Qued\u00f3 claro que si L\u00f3pez Obrador pretende hacer otra jugarreta o imponer alg\u00fan cambio que afecte a instituciones o normas establecidas, la ciudadan\u00eda volver\u00e1 a tomar las calles y las plazas, incluido el Z\u00f3calo de la CDMX. Que ya se demostr\u00f3 no es de AMLO sino de todas y todos los mexicanos.<\/p>\n\n\n\n<h2 class=\"wp-block-heading\"><strong>Monreal visita a C\u00e1rdenas<\/strong><\/h2>\n\n\n\n<p class=\"wp-block-paragraph\">M\u00e1s o menos desde las mismas fechas, el presidente Andr\u00e9s Manuel L\u00f3pez Obrador dej\u00f3 de ver, reunirse con los dos.<\/p>\n\n\n\n<p class=\"wp-block-paragraph\">Con el ingeniero Cuauht\u00e9moc C\u00e1rdenas ha coincidido en alg\u00fan acto petrolero, pero nada entre ellos va m\u00e1s all\u00e1 del saludo de lejos.<\/p>\n\n\n\n<p class=\"wp-block-paragraph\">El hijo del General, ha hecho desde antes duras declaraciones y hasta un libro en que critica el curso seguido por M\u00e9xico bajo la presidencia de AMLO. Para no en pocos existe la certeza de que sin el apoyo y promoci\u00f3n de C\u00e1rdenas el tabasque\u00f1o no hubiera llegado a d\u00f3nde est\u00e1. Igual creen que si el ingeniero hubiera tenido alg\u00fan indicio de que AMLO iba a hacer lo que ha hecho, a desempe\u00f1arse como lo ha hecho, no lo hubiera apoyado.<\/p>\n\n\n\n<p class=\"wp-block-paragraph\">Adusto, prudente, callado como es, C\u00e1rdenas ha reconocido su equivocaci\u00f3n a trav\u00e9s de sus declaraciones y su libro contra la 4T y AMLO. No necesita m\u00e1s que eso para decir \u201cme equivoqu\u00e9\u201d.<\/p>\n\n\n\n<p class=\"wp-block-paragraph\">A este l\u00edder, hombre, pol\u00edtico, emblema de nuestro tiempo visit\u00f3 ayer para platicar con Ricardo Monreal, aspirante presidencial de Morena para el 2024.<\/p>\n\n\n\n<p class=\"wp-block-paragraph\">C\u00e1rdenas compiti\u00f3 tres veces por ese cargo. El que lo logr\u00f3 en la tercera fue AMLO. Y para hacer el rid\u00edculo que ha hecho. Vaya frustraci\u00f3n doble, triple para el ingeniero.<\/p>\n\n\n\n<p class=\"wp-block-paragraph\">Monreal puede aprender mucho de \u00e9l.<\/p>\n\n\n\n<p class=\"wp-block-paragraph\">El zacatecano dijo luego de su encuentro: \u201cLa Rep\u00fablica nos necesita. Para hacer frente a los momentos de grandes definiciones pol\u00edticas requerimos la energ\u00eda y la unidad de todas y todos. Hoy me reun\u00ed con el ingeniero Cuauht\u00e9moc C\u00e1rdenas, precursor del movimiento democratizador en M\u00e9xico\u201d.<\/p>\n\n\n\n<p class=\"wp-block-paragraph\">\u00bfCu\u00e1les son las grandes definiciones que ve o quiere tomar Monreal?<\/p>\n\n\n\n<p class=\"wp-block-paragraph\">Como sea, ambos se conocen porque estuvieron juntos en el PRD, que C\u00e1rdenas construy\u00f3 y dirigi\u00f3 y que AMLO ha buscado destruir.<\/p>\n\n\n\n<p class=\"wp-block-paragraph\"><a href=\"mailto:...rvizcainoa@gmail.com\">&#8230;rvizcainoa@gmail.com<\/a> &nbsp;\/ Twitter: @_Vizcaino \/ Facebook \/ <a href=\"https:\/\/www.facebook.com\/rvizcainoa\">https:\/\/www.facebook.com\/rvizcainoa<\/a><\/p>\n","protected":false},"excerpt":{"rendered":"<p>La historia nos dice que las mexicanas y mexicanos no vamos f\u00e1cilmente a protestas callejeras. Mucho menos si somos de clase media.<\/p>\n","protected":false},"author":3,"featured_media":39589,"comment_status":"open","ping_status":"open","sticky":false,"template":"","format":"standard","meta":{"_monsterinsights_skip_tracking":false,"footnotes":""},"categories":[35,623,622],"tags":[],"class_list":["post-63282","post","type-post","status-publish","format-standard","has-post-thumbnail","category-opinion","category-roberto-vizcaino","category-tras-la-puerta-del-poder"],"_links":{"self":[{"href":"https:\/\/redsemlac.com\/semmexico\/wp-json\/wp\/v2\/posts\/63282","targetHints":{"allow":["GET"]}}],"collection":[{"href":"https:\/\/redsemlac.com\/semmexico\/wp-json\/wp\/v2\/posts"}],"about":[{"href":"https:\/\/redsemlac.com\/semmexico\/wp-json\/wp\/v2\/types\/post"}],"author":[{"embeddable":true,"href":"https:\/\/redsemlac.com\/semmexico\/wp-json\/wp\/v2\/users\/3"}],"replies":[{"embeddable":true,"href":"https:\/\/redsemlac.com\/semmexico\/wp-json\/wp\/v2\/comments?post=63282"}],"version-history":[{"count":0,"href":"https:\/\/redsemlac.com\/semmexico\/wp-json\/wp\/v2\/posts\/63282\/revisions"}],"wp:featuredmedia":[{"embeddable":true,"href":"https:\/\/redsemlac.com\/semmexico\/wp-json\/wp\/v2\/media\/39589"}],"wp:attachment":[{"href":"https:\/\/redsemlac.com\/semmexico\/wp-json\/wp\/v2\/media?parent=63282"}],"wp:term":[{"taxonomy":"category","embeddable":true,"href":"https:\/\/redsemlac.com\/semmexico\/wp-json\/wp\/v2\/categories?post=63282"},{"taxonomy":"post_tag","embeddable":true,"href":"https:\/\/redsemlac.com\/semmexico\/wp-json\/wp\/v2\/tags?post=63282"}],"curies":[{"name":"wp","href":"https:\/\/api.w.org\/{rel}","templated":true}]}}