{"id":63269,"date":"2023-02-27T18:16:39","date_gmt":"2023-02-28T00:16:39","guid":{"rendered":"https:\/\/redsemlac.com\/semmexico\/?p=63269"},"modified":"2023-02-27T18:16:41","modified_gmt":"2023-02-28T00:16:41","slug":"presentacion-de-obra-teatral-que-promete-una-reflexion-para-mujeres-y-hombres","status":"publish","type":"post","link":"https:\/\/redsemlac.com\/semmexico\/presentacion-de-obra-teatral-que-promete-una-reflexion-para-mujeres-y-hombres\/","title":{"rendered":"Presentaci\u00f3n de obra teatral que promete una reflexi\u00f3n para mujeres y hombres"},"content":{"rendered":"\n<ul class=\"wp-block-list\">\n<li><strong>\u201cLilith vs Eva\u201d es una obra de teatro en la que se escenifican algunas dificultades que viven las mujeres para desarrollarse plenamente en la familia, escuela, trabajo y otros espacios.<\/strong><\/li>\n\n\n\n<li><strong>De manera peculiar, participan locutoras de radio dando voz a parte del guion y haciendo equipo con un grupo de actrices<\/strong>.&nbsp;&nbsp;<\/li>\n<\/ul>\n\n\n\n<p class=\"wp-block-paragraph\"><strong>Redacci\u00f3n<\/strong><\/p>\n\n\n\n<p class=\"wp-block-paragraph\">SemM\u00e9xico, Xalapa, Veracruz, 27 de febrero del 2023.- \u201cEn cada voz se van a presentar distintas situaciones que puede vivir una mujer, desde ser la mam\u00e1, la hija, la amante de la esposa, la suegra\u2026 dificultades que se presentan en el d\u00eda a d\u00eda y que en esta ocasi\u00f3n tratan de enfocarse en sacar lo mejor de s\u00ed mismas, de c\u00f3mo una mujer sobresale de lo peor, de lo peor de las penumbras y se puede convertir en el ave f\u00e9nix y lograr todo lo que se propone\u201d, se\u00f1al\u00f3 Yashi Arroyo, locutora del Colectivo Contexto.&nbsp;&nbsp;&nbsp;<\/p>\n\n\n\n<p class=\"wp-block-paragraph\">\u201cIniciamos con este proyecto en el 2007, pero no hab\u00eda los escenarios, los espacios para poder presentarnos, pero en el 2015 hicimos temporadas muy breves en espacios chicos y han pasado por esta puesta en escena cantidad de locutoras, de comunicadoras, de actrices, en esta ocasi\u00f3n somos tres locutoras que estamos vigentes al aire y dos actrices reconocidas\u201d, agreg\u00f3&nbsp;Citlali Garc\u00eda, locutora del Colectivo Contexto.&nbsp;&nbsp;&nbsp;<\/p>\n\n\n\n<p class=\"wp-block-paragraph\">Bajo la direcci\u00f3n de Ernesto Guti\u00e9rrez, la obra promete una reflexi\u00f3n para mujeres y hombres, adem\u00e1s de la actuaci\u00f3n y dramatizaci\u00f3n con las voces que d\u00eda a d\u00eda se escuchan en la radio.&nbsp;<\/p>\n\n\n\n<p class=\"wp-block-paragraph\">La cita es los pr\u00f3ximos 8, 9 y 18 de marzo a las 7 de la noche en el Teatro J.J. Herrera, ubicado en el centro de Xalapa.&nbsp;&nbsp;<\/p>\n\n\n\n<p class=\"wp-block-paragraph\">SEM\/MG<\/p>\n","protected":false},"excerpt":{"rendered":"<p>\u201cLilith vs Eva\u201d es una obra de teatro en la que se escenifican algunas dificultades que viven las mujeres para desarrollarse plenamente en la familia, escuela, trabajo y otros espacios.<\/p>\n","protected":false},"author":3,"featured_media":63270,"comment_status":"open","ping_status":"open","sticky":false,"template":"","format":"standard","meta":{"_monsterinsights_skip_tracking":false,"footnotes":""},"categories":[55],"tags":[],"class_list":["post-63269","post","type-post","status-publish","format-standard","has-post-thumbnail","category-periodistas"],"_links":{"self":[{"href":"https:\/\/redsemlac.com\/semmexico\/wp-json\/wp\/v2\/posts\/63269","targetHints":{"allow":["GET"]}}],"collection":[{"href":"https:\/\/redsemlac.com\/semmexico\/wp-json\/wp\/v2\/posts"}],"about":[{"href":"https:\/\/redsemlac.com\/semmexico\/wp-json\/wp\/v2\/types\/post"}],"author":[{"embeddable":true,"href":"https:\/\/redsemlac.com\/semmexico\/wp-json\/wp\/v2\/users\/3"}],"replies":[{"embeddable":true,"href":"https:\/\/redsemlac.com\/semmexico\/wp-json\/wp\/v2\/comments?post=63269"}],"version-history":[{"count":0,"href":"https:\/\/redsemlac.com\/semmexico\/wp-json\/wp\/v2\/posts\/63269\/revisions"}],"wp:featuredmedia":[{"embeddable":true,"href":"https:\/\/redsemlac.com\/semmexico\/wp-json\/wp\/v2\/media\/63270"}],"wp:attachment":[{"href":"https:\/\/redsemlac.com\/semmexico\/wp-json\/wp\/v2\/media?parent=63269"}],"wp:term":[{"taxonomy":"category","embeddable":true,"href":"https:\/\/redsemlac.com\/semmexico\/wp-json\/wp\/v2\/categories?post=63269"},{"taxonomy":"post_tag","embeddable":true,"href":"https:\/\/redsemlac.com\/semmexico\/wp-json\/wp\/v2\/tags?post=63269"}],"curies":[{"name":"wp","href":"https:\/\/api.w.org\/{rel}","templated":true}]}}