{"id":63266,"date":"2023-02-27T18:12:52","date_gmt":"2023-02-28T00:12:52","guid":{"rendered":"https:\/\/redsemlac.com\/semmexico\/?p=63266"},"modified":"2023-02-27T18:12:55","modified_gmt":"2023-02-28T00:12:55","slug":"las-mujeres-toman-la-feria-del-libro-de-mineria-ellas-en-45-por-ciento-de-las-actividades","status":"publish","type":"post","link":"https:\/\/redsemlac.com\/semmexico\/las-mujeres-toman-la-feria-del-libro-de-mineria-ellas-en-45-por-ciento-de-las-actividades\/","title":{"rendered":"Las mujeres toman la Feria del Libro de Miner\u00eda: ellas en 45 por ciento de las actividades"},"content":{"rendered":"\n<ul class=\"wp-block-list\">\n<li><strong>La Feria abri\u00f3 sus puertas y desarrollara dos mil presentaciones y actividades.<\/strong><\/li>\n<\/ul>\n\n\n\n<p class=\"wp-block-paragraph\"><strong>Redacci\u00f3n<\/strong><\/p>\n\n\n\n<p class=\"wp-block-paragraph\">SemM\u00e9xico, Ciudad de M\u00e9xico, 27 de febrero del 2023.- Este fin de semana inici\u00f3 la 44\u00b0 edici\u00f3n de la Feria Internacional del Libro del Palacio de Miner\u00eda, que se desarrollar\u00e1 hasta el 6 de marzo,&nbsp; feria cien por ciento presencial, donde habr\u00e1 mil 200 actividades, con ciclos cient\u00edficos, juveniles y de diversidad, pero el dato m\u00e1s sobresaliente es que, en toda su historia, est\u00e1 ser\u00e1 la edici\u00f3n con el porcentaje m\u00e1s alto de participaci\u00f3n femenina.<\/p>\n\n\n\n<p class=\"wp-block-paragraph\">En entrevista Fernando Macotela, director&nbsp; de la Feria,&nbsp; inform\u00f3 que entre 2000 presentaciones y&nbsp; actividades, el&nbsp; 45 por ciento&nbsp; ser\u00e1n mujeres entre especialistas, investigadoras y autoras femeninas.<\/p>\n\n\n\n<p class=\"wp-block-paragraph\">Dijo que&nbsp; \u201cNo s\u00e9 si ese n\u00famero refleje en temas de mayor inter\u00e9s para las mujeres o de equidad de g\u00e9nero, pero en mi impresi\u00f3n esa participaci\u00f3n sin duda, se ha incrementado y evidencia no s\u00f3lo \u201cla oportunidad\u201d, sino el reconocimiento a la producci\u00f3n intelectual de las mujeres.<\/p>\n\n\n\n<p class=\"wp-block-paragraph\">Explic\u00f3 que este&nbsp; encuentro librero-literario es el&nbsp; m\u00e1s antiguo del pa\u00eds, con sede&nbsp; en el majestuoso Palacio de Miner\u00eda, del Centro Hist\u00f3rico de la Ciudad de M\u00e9xico.<\/p>\n\n\n\n<p class=\"wp-block-paragraph\">Inici\u00f3 sus actividades con programa del 23 de febrero al 6 de marzo, un presupuesto de 10 millones de pesos, y un programa cultural que contempla un total de 889 presentaciones editoriales de libros, revistas y publicaciones electr\u00f3nicas; 154 charlas y conferencias; 37 lecturas, narraciones en voz alta y recitales; 27 mesas redondas, 39 talleres, dos entregas de premios y 46 actividades diversas.&nbsp; Como videos, formato de intercambio con im\u00e1genes gif, etc\u00e9tera.<\/p>\n\n\n\n<p class=\"wp-block-paragraph\">Entre las actividades de mujeres, en las presentaciones de libros destaca \u201cCuando la vida era risue\u00f1a\u201d de Katherine Mansfield, compilaci\u00f3n de cuentos de Beatriz Espejo, en co-traducci\u00f3n con A\u00edda Espinoza, y portada de Rafael L\u00f3pez Castro. El volumen se presentar\u00e1 &nbsp;el 4 de marzo a las 16 horas en la Galer\u00eda de Rectores, forma parte de la colecci\u00f3n Nuestros Cl\u00e1sicos de la Coordinaci\u00f3n de Humanidades de la UNAM.<\/p>\n\n\n\n<p class=\"wp-block-paragraph\">Cuando la vida era risue\u00f1a, de Katherine Mansfield, es a decir de Espejo es una selecci\u00f3n de sus cuentos favoritos. Dice muy afable v\u00eda telef\u00f3nica: \u201cMansfield ha sido para m\u00ed una escritora tutelar as\u00ed como para muchas de mi generaci\u00f3n y m\u00e1s atr\u00e1s, In\u00e9s Arredondo, Rosario Castellanos, Lupe Due\u00f1as, al menos que me conste. Yo la admiro porque muri\u00f3 a los 33 a\u00f1os, pero supo llevar el cuento moderno a altas cumbres. \u201cVienen varios cuentos: \u2018Las hijas del coronel\u2019, \u2018Casa de Mu\u00f1ecas\u2019, \u2018Fiesta en el jard\u00edn\u2019\u2026 Hab\u00eda que traducirla.<\/p>\n\n\n\n<p class=\"wp-block-paragraph\">Hice una primera traducci\u00f3n que me tom\u00f3 seis meses, procur\u00e9 no usar modismos mexicanos, y luego junto a A\u00edda nos sentamos a trabajar, nos tom\u00f3 un a\u00f1o, desayun\u00e1bamos juntas algunos d\u00edas, y luego a los textos. La autora del poema narrativo y novela epistolar Los eternos dioses, que vio la luz en Editorial Lectorum y cuya labor le tom\u00f3 poco m\u00e1s de medio siglo para desarrollarlo, bord\u00f3 sobre el t\u00edtulo en el que encapsul\u00f3 los cuentos de Mansfield: \u201cEs que ella fue una ni\u00f1a muy mona, gordita, simp\u00e1tica, su padre era banquero, descubre su vocaci\u00f3n de escritora muy joven, era neozelandesa, y consigui\u00f3 que su pap\u00e1 la mandara a Inglaterra para seguir estudiando\u2026\u201d as\u00ed se puso en contacto con Bertrand Russel y el mismo marido que tuvo, el editor John Middleton Murry, quien la lanz\u00f3.<\/p>\n\n\n\n<p class=\"wp-block-paragraph\">El t\u00edtulo viene cuando ella misma habla de esa primera parte de su vida muy c\u00f3moda, en contraste con lo que vivi\u00f3 despu\u00e9s como adulta con una vida un tanto m\u00e1s complicada, fue una mujer sexualmente muy libre, criticada. Y en relaci\u00f3n a las historias y el \u00e9xito de Mansfield: \u201cLos autores somos ma\u00f1osos, utilizamos un poco de lo real y lo aderezamos con fantas\u00eda, que creo es lo que hace Katherida, am\u00e9n de otros cursos relacionados con esos mismos servicios\u201d.<\/p>\n\n\n\n<p class=\"wp-block-paragraph\">SEM\/MG<\/p>\n","protected":false},"excerpt":{"rendered":"<p>La Feria abri\u00f3 sus puertas y desarrollara dos mil presentaciones y actividades.<\/p>\n","protected":false},"author":3,"featured_media":63267,"comment_status":"open","ping_status":"open","sticky":false,"template":"","format":"standard","meta":{"_monsterinsights_skip_tracking":false,"footnotes":""},"categories":[45,46],"tags":[],"class_list":["post-63266","post","type-post","status-publish","format-standard","has-post-thumbnail","category-cultura","category-cultura-cultura"],"_links":{"self":[{"href":"https:\/\/redsemlac.com\/semmexico\/wp-json\/wp\/v2\/posts\/63266","targetHints":{"allow":["GET"]}}],"collection":[{"href":"https:\/\/redsemlac.com\/semmexico\/wp-json\/wp\/v2\/posts"}],"about":[{"href":"https:\/\/redsemlac.com\/semmexico\/wp-json\/wp\/v2\/types\/post"}],"author":[{"embeddable":true,"href":"https:\/\/redsemlac.com\/semmexico\/wp-json\/wp\/v2\/users\/3"}],"replies":[{"embeddable":true,"href":"https:\/\/redsemlac.com\/semmexico\/wp-json\/wp\/v2\/comments?post=63266"}],"version-history":[{"count":0,"href":"https:\/\/redsemlac.com\/semmexico\/wp-json\/wp\/v2\/posts\/63266\/revisions"}],"wp:featuredmedia":[{"embeddable":true,"href":"https:\/\/redsemlac.com\/semmexico\/wp-json\/wp\/v2\/media\/63267"}],"wp:attachment":[{"href":"https:\/\/redsemlac.com\/semmexico\/wp-json\/wp\/v2\/media?parent=63266"}],"wp:term":[{"taxonomy":"category","embeddable":true,"href":"https:\/\/redsemlac.com\/semmexico\/wp-json\/wp\/v2\/categories?post=63266"},{"taxonomy":"post_tag","embeddable":true,"href":"https:\/\/redsemlac.com\/semmexico\/wp-json\/wp\/v2\/tags?post=63266"}],"curies":[{"name":"wp","href":"https:\/\/api.w.org\/{rel}","templated":true}]}}