{"id":63263,"date":"2023-02-27T18:02:11","date_gmt":"2023-02-28T00:02:11","guid":{"rendered":"https:\/\/redsemlac.com\/semmexico\/?p=63263"},"modified":"2023-02-27T18:02:13","modified_gmt":"2023-02-28T00:02:13","slug":"mujeres-y-politica-derechos-de-las-mujeres-acciones-inacabadas","status":"publish","type":"post","link":"https:\/\/redsemlac.com\/semmexico\/mujeres-y-politica-derechos-de-las-mujeres-acciones-inacabadas\/","title":{"rendered":"Mujeres y Pol\u00edtica| Derechos de las mujeres, acciones inacabadas"},"content":{"rendered":"\n<p class=\"wp-block-paragraph\"><strong>Soledad Jarqu\u00edn Edgar<\/strong><br>SemM\u00e9xico, Oaxaca, 27 de febrero 2023.- Al iniciar el mes de marzo, comenzar\u00e1n una gran diversidad de actividades feministas que buscan para poner sobre la mesa las reivindicaciones sociales de las mujeres, de nuestros derechos, tan maltrechos en estos tiempos de violencia machista, venga de donde venga.<\/p>\n\n\n\n<p class=\"wp-block-paragraph\">Quiz\u00e1 haya quienes piensen que los \u201ctambores de guerra\u201d de las feministas se preparan. Las feministas no hacen la guerra, est\u00e1n respondiendo a la ausencia de respuestas concretas, a a\u00f1os y a\u00f1os de pedir lo mismo: una sociedad que reconozca de \u201cpe a pa\u201d a las mujeres, desde que nacen hasta su muerte y a veces despu\u00e9s de su muerte.<\/p>\n\n\n\n<p class=\"wp-block-paragraph\">Las demandas feministas durante el primer y segundo Congresos de Yucat\u00e1n en 1916, hace 106 a\u00f1os, son m\u00e1s o menos las mismas que se siguen planteando las mujeres y \u00bfse dan cuenta? en M\u00e9xico todo est\u00e1 a medias. Es un perpetuo sistema de derechos inacabado para las mujeres, aunque a diferencia de entonces hay avances sustanciales que no fueron como se escuchaba decir antes a las feministas \u201cgraciosas concesiones\u201d.<\/p>\n\n\n\n<p class=\"wp-block-paragraph\">Un ejemplo ha sido la larga lucha para despenalizar el aborto en M\u00e9xico. Una demanda que tiene en M\u00e9xico m\u00e1s de cien a\u00f1os y que hoy solo es posible \u2013a medias. \u00danicamente, 11 estados del pa\u00eds, casi la tercera parte tienen ese derecho \u00bfy el resto? \u00bfC\u00f3mo para cu\u00e1ndo? Las proclamas feministas de hace m\u00e1s de 100 a\u00f1os se\u00f1alaban que las mujeres quer\u00edan \u201csacudirse la tutela clerical\u201d, la misma que hoy siguen sosteniendo los gobernadores, gobernadoras y diputaciones de 21 estados del pa\u00eds.<\/p>\n\n\n\n<p class=\"wp-block-paragraph\">Entonces, tenemos 11 estados &#8211; Ciudad de M\u00e9xico, Oaxaca, Hidalgo, Veracruz, Baja California, Coahuila, Colima, Guerrero, Baja California Sur y Quintana Roo y Sinaloa- con el derecho al aborto hasta la 12 semana y 13 semanas en Sinaloa, pero, hay que decirlo, ese derecho est\u00e1 a medias porque, aunque deber\u00eda ser un servicio de salud, todav\u00eda est\u00e1 plagado de obst\u00e1culos \u2013morales y materiales-. Son pocas las cl\u00ednicas u hospitales p\u00fablicos a donde pueden acudir a interrumpir su embarazo de acuerdo a la ley, un ejemplo concreto es Oaxaca.<\/p>\n\n\n\n<p class=\"wp-block-paragraph\">Por otra parte, la tarea del gobierno de prevenir, atender, sancionar y erradicar la violencia contra las mujeres sigue siendo d\u00e9bil y los resultados simplemente son inexistentes, la impunidad es la regla. Los datos oficiales que proporciona la Encuesta Nacional sobre la Din\u00e1mica de las Relaciones en los Hogares lo explica: 7 de cada 10 mexicanas mayores de 15 a\u00f1os de edad, han sufrido alg\u00fan tipo de violencia a lo largo de su vida. \u00a1Siete de cada diez!<\/p>\n\n\n\n<p class=\"wp-block-paragraph\">Imaginemos esto, en un sal\u00f3n de clases de tercer a\u00f1o de secundaria, hay 40 alumnos y alumnas, poco m\u00e1s de la mitad son mujeres. Digamos 23. En t\u00e9rminos generales 16 de esas chicas han vivido discriminaci\u00f3n, gritos, golpes, tocamientos o violaciones, y tambi\u00e9n han sido alcanzadas por la violencia digital \u00bfen d\u00f3nde? en su casa, en la escuela, el transporte p\u00fablico o en la calle, principalmente.<\/p>\n\n\n\n<p class=\"wp-block-paragraph\">Pero tambi\u00e9n en las instituciones cuando por ser mujeres no se les privilegia con una beca o no se les impide viajar a una competencia. Ello explica el hecho de que los hombres tienen un ligero, pero m\u00e1s alto grado promedio de escolaridad (Inegi). Para m\u00e1s exactitud les dir\u00e9 que de acuerdo con datos de la Secretar\u00eda de Educaci\u00f3n P\u00fablica, principales cifras 2021-2022, en este pa\u00eds tres millones 135 mil 831 mujeres de entre 12 y 15 a\u00f1os asisten a la escuela secundaria.<\/p>\n\n\n\n<p class=\"wp-block-paragraph\">Lo mismo sucede con las maestras secundaria, del total del personal docente 220 mil son maestras, de ellas, poco m\u00e1s 156 mil profesoras de secundaria han estado alguna vez sometidas a cualquier tipo de violencia. La misma que pasan las ni\u00f1as y adolescentes, pero aumentada, considerando violencias como la ginecol\u00f3gica o la vicaria, la familiar, la laboral, la comunitaria y la institucional \u00bfen d\u00f3nde? En todos y cada uno de los espacios \u2013privados o p\u00fablicos- que pisen.<\/p>\n\n\n\n<p class=\"wp-block-paragraph\">Estos ejemplos solo sirven para observar el tama\u00f1o de la violencia un fen\u00f3meno que sigue provocando los asesinatos violentos de mujeres a manos de perpetradores conocidos o desconocidos para ellas, porque el espectro se ha movido en los \u00faltimos a\u00f1os, de acuerdo con el comportamiento de la violencia en el pa\u00eds.<\/p>\n\n\n\n<p class=\"wp-block-paragraph\">Esa es una de las demandas m\u00e1s sentidas de las mujeres que desde hace m\u00e1s de 10 a\u00f1os tenemos a la mano una ley para una \u201cvida libre de violencia\u201d y que no vemos concretada en ning\u00fan sentido, lo cual constituye una discriminaci\u00f3n por parte del Estado mexicano y que da como resultado que cada d\u00eda 21 mujeres sean asesinadas.<\/p>\n\n\n\n<p class=\"wp-block-paragraph\">Aun as\u00ed, Claudia Sheinbaum se niega a reconocer el problema y \u00bfc\u00f3mo lo hace? al ignorar la postura de cientos de mujeres del pa\u00eds de destinar la ex glorieta a Colon, como las Glorieta de las Mujeres que Luchan, una figura que encarnan las madres de cientos de miles de mujeres asesinadas y desaparecidas en M\u00e9xico.<\/p>\n\n\n\n<p class=\"wp-block-paragraph\">Como el derecho a interrumpir legalmente un aborto, la prevenci\u00f3n, atenci\u00f3n, sanci\u00f3n y erradicaci\u00f3n de la violencia siguen siendo una tarea no acabada en M\u00e9xico, de ah\u00ed que otra demanda de las mujeres es la erradicaci\u00f3n de la impunidad que solo se explica de dos maneras: la misoginia y la corrupci\u00f3n, que prevalecen en el sistema social-pol\u00edtico mexicano y que ahondan la desigualdad.<\/p>\n","protected":false},"excerpt":{"rendered":"<p>Al iniciar el mes de marzo, comenzar\u00e1n una gran diversidad de actividades feministas que buscan para poner sobre la mesa las reivindicaciones sociales de las mujeres, de nuestros derechos, tan maltrechos en estos tiempos de violencia machista, venga de donde venga.<\/p>\n","protected":false},"author":3,"featured_media":8460,"comment_status":"open","ping_status":"open","sticky":false,"template":"","format":"standard","meta":{"_monsterinsights_skip_tracking":false,"footnotes":""},"categories":[96,35,75],"tags":[],"class_list":["post-63263","post","type-post","status-publish","format-standard","has-post-thumbnail","category-mujeres-y-politica","category-opinion","category-soledad-jarquin-edgar"],"_links":{"self":[{"href":"https:\/\/redsemlac.com\/semmexico\/wp-json\/wp\/v2\/posts\/63263","targetHints":{"allow":["GET"]}}],"collection":[{"href":"https:\/\/redsemlac.com\/semmexico\/wp-json\/wp\/v2\/posts"}],"about":[{"href":"https:\/\/redsemlac.com\/semmexico\/wp-json\/wp\/v2\/types\/post"}],"author":[{"embeddable":true,"href":"https:\/\/redsemlac.com\/semmexico\/wp-json\/wp\/v2\/users\/3"}],"replies":[{"embeddable":true,"href":"https:\/\/redsemlac.com\/semmexico\/wp-json\/wp\/v2\/comments?post=63263"}],"version-history":[{"count":0,"href":"https:\/\/redsemlac.com\/semmexico\/wp-json\/wp\/v2\/posts\/63263\/revisions"}],"wp:featuredmedia":[{"embeddable":true,"href":"https:\/\/redsemlac.com\/semmexico\/wp-json\/wp\/v2\/media\/8460"}],"wp:attachment":[{"href":"https:\/\/redsemlac.com\/semmexico\/wp-json\/wp\/v2\/media?parent=63263"}],"wp:term":[{"taxonomy":"category","embeddable":true,"href":"https:\/\/redsemlac.com\/semmexico\/wp-json\/wp\/v2\/categories?post=63263"},{"taxonomy":"post_tag","embeddable":true,"href":"https:\/\/redsemlac.com\/semmexico\/wp-json\/wp\/v2\/tags?post=63263"}],"curies":[{"name":"wp","href":"https:\/\/api.w.org\/{rel}","templated":true}]}}