{"id":63260,"date":"2023-02-27T17:54:33","date_gmt":"2023-02-27T23:54:33","guid":{"rendered":"https:\/\/redsemlac.com\/semmexico\/?p=63260"},"modified":"2023-02-28T08:05:33","modified_gmt":"2023-02-28T14:05:33","slug":"a-debate-el-tema-de-la-maternidad-y-la-libertad-de-las-mujeres-en-la-exposicion-fotografica-sin-hijxs-20-respuestas","status":"publish","type":"post","link":"https:\/\/redsemlac.com\/semmexico\/a-debate-el-tema-de-la-maternidad-y-la-libertad-de-las-mujeres-en-la-exposicion-fotografica-sin-hijxs-20-respuestas\/","title":{"rendered":"A debate el tema de la maternidad y la libertad de las mujeres, en la exposici\u00f3n fotogr\u00e1fica \u201cSin hijxs. 20 respuestas\u201d"},"content":{"rendered":"\n<ul class=\"wp-block-list\">\n<li><strong>La decisi\u00f3n de no ser madre a\u00fan enfrenta prejuicios y descalificaciones: hablan las fotografiadas en conversatorio.<\/strong><\/li>\n\n\n\n<li><strong>A partir del 2 de marzo podr\u00e1 verse en la Galer\u00eda del Centro Nacional de las Artes CENART.<\/strong><\/li>\n<\/ul>\n\n\n\n<p class=\"wp-block-paragraph\"><strong>Elda Montiel<\/strong><\/p>\n\n\n\n<p class=\"wp-block-paragraph\">SemM\u00e9xico, Ciudad de M\u00e9xico, 27 de febrero del 2023.- La fot\u00f3grafa oaxaque\u00f1a Judith Romero quien tom\u00f3 la decisi\u00f3n de no tener hijos ni hijas, no obstante, los prejuicios que genera, y pocas mujeres lo expresan p\u00fablicamente, presenta la exposici\u00f3n \u201cSin hijxs. 20 respuestas\u201d que se exhibir\u00e1 a partir del 2 de marzo en la Galer\u00eda del Centro Nacional de las Artes (CENART) en colaboraci\u00f3n con el Instituto de Investigaciones Est\u00e9ticas (IIE) y el Centro de Investigaciones y de Estudios de G\u00e9nero (CIEG) de la UNAM.<\/p>\n\n\n\n<p class=\"wp-block-paragraph\">La curadora de la exposici\u00f3n, Rian Lozano, doctora y especialista en el an\u00e1lisis desde la cultura visual y los feminismos, se\u00f1al\u00f3 que el trabajo de Judith Romero surge de un principio feminista fundamental: el de las historias compartidas; aquellas que crean las condiciones necesarias para conformar espacios de visibilidad, de toma de la palabra, de seguridad, de solidaridad y confianza de 20 mujeres, Judith incluida.<\/p>\n\n\n\n<p class=\"wp-block-paragraph\">Explic\u00f3 el proyecto fotogr\u00e1fico que Judith Romero, el que comenz\u00f3 hace 10 a\u00f1os, tuvo el prop\u00f3sito de exponer las vidas y las voces de las mujeres que decidieron no tener hijos ni hijas y ah\u00ed est\u00e1n las que cuestionaron lo que el entorno esperaba de ellas, las que reclaman el derecho y el disfrute de ser visibles.&nbsp;<\/p>\n\n\n\n<p class=\"wp-block-paragraph\">Lozano cit\u00f3 a la escritora y poeta Adrienne Rich quien escrib\u00eda: \u201csabemos mucho m\u00e1s acerca del aire que respiramos o de los mares que atravesamos, que acerca de la naturaleza y el significado de la maternidad\u201d. Desde entonces, dijo, y gracias al trabajo de pensadoras y activistas feministas, la maternidad fue puesta en el centro de los debates y de las luchas por los derechos de las mujeres, demostrando que \u00e9ste deb\u00eda ser, ante todo, un asunto muy p\u00fablico.<\/p>\n\n\n\n<p class=\"wp-block-paragraph\">La muestra saca del terreno de lo privado la elecci\u00f3n de no tener hijas ni hijos: un asunto que no solo est\u00e1 atravesado por las condiciones materiales y socioculturales, sino en el que, adem\u00e1s, muchas mujeres, han puesto sus deseos, su gozo y el ejercicio de su libertad en primer t\u00e9rmino\u201d, se\u00f1ala la curadora&nbsp;R\u00edan Lozano.&nbsp;<\/p>\n\n\n\n<p class=\"wp-block-paragraph\">Judith Romero, por su parte, explic\u00f3 que este proyecto ha sido revelador porque la decisi\u00f3n de no tener hijas e hijos atraviesa toda nuestra existencia, las adversidades desde lo familiar y lo social. Ahonda en c\u00f3mo mantener esa decisi\u00f3n.<\/p>\n\n\n\n<p class=\"wp-block-paragraph\">Agreg\u00f3 que con su trabajo quiso incidir en la reflexi\u00f3n en el profundo asunto de la maternidad, haciendo visible este proceso de desnaturalizaci\u00f3n de estereotipos y de respuesta a prejuicios y reproches. Fotografi\u00f3 a mujeres procedentes de diversos contextos socioecon\u00f3micos, geogr\u00e1ficos y de sexualidades diversas.<\/p>\n\n\n\n<p class=\"wp-block-paragraph\">Mariana, Lisa, Natacha, Claudia, Ronda, Gisela, Renata, Emilia, Fabiana, Deyanira, Azucena, Claudia G., Rufina, Zoila, Norma, Alejandra, Carolina, Guadalupe y \u00c1ngela, y por supuesto Judith hablan de su decisi\u00f3n, son maestras, trabajadoras del hogar, parteras, artistas, secretarias, dise\u00f1adoras, m\u00e9dicas y antrop\u00f3logas, entre otras.<\/p>\n\n\n\n<p class=\"wp-block-paragraph\">La exposici\u00f3n incluye talleres, el ciclo de cine comentado \u201cOtras mujeres: entre la maternidad y la no maternidad\u201d; mesas de debate y charlas con especialistas, as\u00ed como visitas guiadas por la muestra.&nbsp;<\/p>\n\n\n\n<h2 class=\"wp-block-heading\"><strong>M\u00faltiples voces sobre la libertad a no ser madre, conversatorio en el CIEG<\/strong><\/h2>\n\n\n\n<p class=\"wp-block-paragraph\">Estas actividades se iniciaron con el conversatorio \u201cSin hijxs. Respuesta desde los feminismos\u201d en el que Yuruem Lema Mayer, feminista, especialista en Estudios de G\u00e9nero en el Colegio de M\u00e9xico, refiri\u00f3 que naci\u00f3 en una familia que cuestionaba los mandatos sociales, donde siempre se hablaba del aborto, pero supo que la maternidad puede ser hermosa cuando es deseada. Su desarrollo fue en los a\u00f1os 80 y 90 cuando el contexto patriarcal dictaba que el mayor objetivo en la vida para las mujeres es la maternidad. &nbsp;&nbsp;<\/p>\n\n\n\n<p class=\"wp-block-paragraph\">\u201cCuando comenc\u00e9 a crecer sab\u00eda que pod\u00eda disfrutar de mi cuerpo, para mi es muy normal no querer ser madre o reproducirme\u201d.<\/p>\n\n\n\n<p class=\"wp-block-paragraph\">Se\u00f1al\u00f3 que estaba muy consciente de que \u201cpudo no nacer\u201d, lo que no resulta conflictivo para ella. &nbsp;Por lo que est\u00e1 consciente que siempre supo que pod\u00eda elegir ser madre o no. Con su madre, la feminista M\u00f3nica Mayer, recuerda c\u00f3mo en Estados Unidos las personas bombardeaban las cl\u00ednicas para abortar, lo que la espant\u00f3 fue la sociedad violenta.<\/p>\n\n\n\n<p class=\"wp-block-paragraph\">Tambi\u00e9n se\u00f1al\u00f3 que para ella esta claro no ser madre como una elecci\u00f3n, pero que igual se puede cambiar de opini\u00f3n, ya que coment\u00f3 que conoci\u00f3 una pareja que decidi\u00f3 al inicio de su relaci\u00f3n no tener hijas ni hijos, pero despu\u00e9s si lo hicieron. Es una elecci\u00f3n.<\/p>\n\n\n\n<p class=\"wp-block-paragraph\">Su pugna es con la juventud que sepan que pueden abortar de manera segura y gratuita.<\/p>\n\n\n\n<p class=\"wp-block-paragraph\">Consider\u00f3 que dentro del feminismo existe un vac\u00edo para reflexionar el tener hijos\/hijas o no. Desidealizar esta idea de ser madre como \u00fanico proyecto de vida, y si se decide no ser madre hacerlo sin miedo por la decisi\u00f3n que adoptamos.&nbsp;<\/p>\n\n\n\n<h2 class=\"wp-block-heading\"><strong>Ser madre, deseo cruzado por identidades<\/strong><\/h2>\n\n\n\n<p class=\"wp-block-paragraph\">Sihobba Guerrero Mc Manus, bi\u00f3loga, maestra y doctora en Filosof\u00eda de la Ciencia por la UNAM quien ha trabajado acad\u00e9micamente a problematizaciones sobre la patologizaci\u00f3n, medicalizaci\u00f3n y criminalizaci\u00f3n de las poblaciones lesbianas, gays, bisexuales y transexuales (LGBT) en M\u00e9xico y en el mundo, lo cual le ha permitido elaborar cr\u00edticas sobresalientes a las llamadas terapias reparativas, que resultan violatorias de la dignidad y los derechos de la poblaci\u00f3n&nbsp;LGBT.<\/p>\n\n\n\n<p class=\"wp-block-paragraph\">Ella si quer\u00eda ser madre, pero se ha resignado a no serlo, ya que en su caso este deseo este cruzado por identidades y vivencias, porque tienen corporalidades que les hace dif\u00edcil ser madres. La adopci\u00f3n no es una opci\u00f3n.<\/p>\n\n\n\n<p class=\"wp-block-paragraph\">Rechaza el termino infertilidad social que a veces se usa para personas cuando no hay tecnolog\u00edas reproductivas porque es una etiqueta no por discapacidad biol\u00f3gica sino por un lugar social.&nbsp;<\/p>\n\n\n\n<p class=\"wp-block-paragraph\">No me voy a meter a un closet s\u00f3lo para tener hijas o hijos, no me parece \u00e9tico. Tambi\u00e9n critic\u00f3 las promesas de las nuevas tecnolog\u00edas reproductivas, lo que le parece inc\u00f3modo y muy perturbador, y que se acercan a las poblaciones trans e intersex y les dicen que ahora si van a ser madres biol\u00f3gicas.<\/p>\n\n\n\n<p class=\"wp-block-paragraph\">Si pensara en tener hijos tendr\u00eda que educarlo como activista se iba a encontrar con los estereotipos.&nbsp;<\/p>\n\n\n\n<p class=\"wp-block-paragraph\">Pilar Rius de la Pola, la destacada qu\u00edmica quien naci\u00f3 en Espa\u00f1a y llego a M\u00e9xico sin su madre ni padre. Hoy a sus 94 a\u00f1os reflexion\u00f3 que tan preparados podemos estar para ser madres, en una ingeniosa narrativa acot\u00f3 que lo estamos a los 75 a\u00f1os, y es ya muy tarde para educar un hijo o una hija. Tambi\u00e9n cuestion\u00f3 c\u00f3mo por cuestiones sociales y familiares sujetamos a las hijas o hijos a sue\u00f1os ajenos.<\/p>\n\n\n\n<p class=\"wp-block-paragraph\">SEM\/MG<\/p>\n","protected":false},"excerpt":{"rendered":"<p>La decisi\u00f3n de no ser madre a\u00fan enfrenta prejuicios y descalificaciones: hablan las fotografiadas en conversatorio.<\/p>\n","protected":false},"author":3,"featured_media":63261,"comment_status":"open","ping_status":"open","sticky":false,"template":"","format":"standard","meta":{"_monsterinsights_skip_tracking":false,"footnotes":""},"categories":[45,46],"tags":[],"class_list":["post-63260","post","type-post","status-publish","format-standard","has-post-thumbnail","category-cultura","category-cultura-cultura"],"_links":{"self":[{"href":"https:\/\/redsemlac.com\/semmexico\/wp-json\/wp\/v2\/posts\/63260","targetHints":{"allow":["GET"]}}],"collection":[{"href":"https:\/\/redsemlac.com\/semmexico\/wp-json\/wp\/v2\/posts"}],"about":[{"href":"https:\/\/redsemlac.com\/semmexico\/wp-json\/wp\/v2\/types\/post"}],"author":[{"embeddable":true,"href":"https:\/\/redsemlac.com\/semmexico\/wp-json\/wp\/v2\/users\/3"}],"replies":[{"embeddable":true,"href":"https:\/\/redsemlac.com\/semmexico\/wp-json\/wp\/v2\/comments?post=63260"}],"version-history":[{"count":0,"href":"https:\/\/redsemlac.com\/semmexico\/wp-json\/wp\/v2\/posts\/63260\/revisions"}],"wp:featuredmedia":[{"embeddable":true,"href":"https:\/\/redsemlac.com\/semmexico\/wp-json\/wp\/v2\/media\/63261"}],"wp:attachment":[{"href":"https:\/\/redsemlac.com\/semmexico\/wp-json\/wp\/v2\/media?parent=63260"}],"wp:term":[{"taxonomy":"category","embeddable":true,"href":"https:\/\/redsemlac.com\/semmexico\/wp-json\/wp\/v2\/categories?post=63260"},{"taxonomy":"post_tag","embeddable":true,"href":"https:\/\/redsemlac.com\/semmexico\/wp-json\/wp\/v2\/tags?post=63260"}],"curies":[{"name":"wp","href":"https:\/\/api.w.org\/{rel}","templated":true}]}}