{"id":63244,"date":"2023-02-27T17:48:21","date_gmt":"2023-02-27T23:48:21","guid":{"rendered":"https:\/\/redsemlac.com\/semmexico\/?p=63244"},"modified":"2023-02-28T08:15:27","modified_gmt":"2023-02-28T14:15:27","slug":"las-reformas-electorales-amenazan-la-paridad-electoral-y-fomentan-puestos-para-violentadores-karolina-gilas","status":"publish","type":"post","link":"https:\/\/redsemlac.com\/semmexico\/las-reformas-electorales-amenazan-la-paridad-electoral-y-fomentan-puestos-para-violentadores-karolina-gilas\/","title":{"rendered":"Las reformas electorales amenazan la paridad electoral y fomentan puestos para violentadores: Karolina Gilas"},"content":{"rendered":"\n<ul class=\"wp-block-list\">\n<li><strong>Ecos de la demostraci\u00f3n ciudadana del 26 de febrero: el voto no se toca.<\/strong><\/li>\n\n\n\n<li><strong>Se espera que las ministras y ministros de la Corte rechacen el Plan B de reforma electoral por ser inconstitucional y antidemocr\u00e1tico.<\/strong><\/li>\n<\/ul>\n\n\n\n<p class=\"wp-block-paragraph\"><strong>Sara Lovera&nbsp;<\/strong><\/p>\n\n\n\n<p class=\"wp-block-paragraph\">SemM\u00e9xico, Ciudad de M\u00e9xico, 27 de febrero del 2023.- Este 26 de febrero del 2023 quedar\u00e1 registrado para siempre en la historia pol\u00edtica de M\u00e9xico como el d\u00eda que, frente al amurallado Palacio Nacional, en la Plaza de la Constituci\u00f3n, coraz\u00f3n de la Rep\u00fablica y en sus calles aleda\u00f1as se llenaron con miles y miles de mexicanos y mexicanas, que, con consignas simples, carteles y mantas demostraron su masivo rechazo al Plan B de reforma electoral ideado por el presidente L\u00f3pez Obrador. Tambi\u00e9n manifestaron su defensa del INE y del Voto y de la Democracia.<\/p>\n\n\n\n<figure class=\"wp-block-video\"><video height=\"480\" style=\"aspect-ratio: 848 \/ 480;\" width=\"848\" controls src=\"https:\/\/redsemlac.com\/semmexico\/wp-content\/uploads\/2023\/02\/WhatsApp-Video-2023-02-27-at-5.40.45-PM.mp4\"><\/video><\/figure>\n\n\n\n<p class=\"wp-block-paragraph\">Estas reformas, que afectan todo el entramado organizativo de las elecciones, es regresiva y nefasta para las mujeres, puesto que pone en riesgo la paridad y deja sin castigo a los violentadores, que podr\u00edan ser candidatos o funcionarios. Tambi\u00e9n afecta a otros grupos tradicionalmente marginados, al reducir a una sola bolsa, todas las bancas en el Congreso.<\/p>\n\n\n\n<p class=\"wp-block-paragraph\">Ese Plan B, seg\u00fan dijeron los oradores en el Mitin, Beatriz Pag\u00e9s y Jos\u00e9 Ram\u00f3n es inconstitucional, que busca afectar al INE, y su estructura, tambi\u00e9n contiene otras reformas con las que no solo se frena la democracia, sino tambi\u00e9n la p\u00e9rdida de las libertades constitucionales; es una trampa para las elecciones de 2024 y pone en peligro el empleo de m\u00e1s de 3 mil 500 personas. Su intenci\u00f3n pol\u00edtica, se dijo, es regresar al pasado donde el poder hegem\u00f3nico decid\u00eda por las y los ciudadanos.<\/p>\n\n\n\n<figure class=\"wp-block-gallery has-nested-images columns-2 is-cropped wp-block-gallery-1 is-layout-flex wp-block-gallery-is-layout-flex\">\n<figure class=\"wp-block-image size-large\"><a href=\"https:\/\/redsemlac.com\/semmexico\/wp-content\/uploads\/2023\/02\/WhatsApp-Image-2023-02-27-at-5.41.33-PM-2.jpeg\"><img loading=\"lazy\" decoding=\"async\" width=\"768\" height=\"1024\" data-id=\"63246\" src=\"https:\/\/redsemlac.com\/semmexico\/wp-content\/uploads\/2023\/02\/WhatsApp-Image-2023-02-27-at-5.41.33-PM-2.jpeg\" alt=\"\" class=\"wp-image-63246\"\/><\/a><\/figure>\n\n\n\n<figure class=\"wp-block-image size-large\"><a href=\"https:\/\/redsemlac.com\/semmexico\/wp-content\/uploads\/2023\/02\/WhatsApp-Image-2023-02-27-at-5.41.33-PM-1.jpeg\"><img decoding=\"async\" data-id=\"63245\" src=\"https:\/\/redsemlac.com\/semmexico\/wp-content\/uploads\/2023\/02\/WhatsApp-Image-2023-02-27-at-5.41.33-PM-1-1024x768.jpeg\" alt=\"\" class=\"wp-image-63245\"\/><\/a><\/figure>\n\n\n\n<figure class=\"wp-block-image size-large\"><a href=\"https:\/\/redsemlac.com\/semmexico\/wp-content\/uploads\/2023\/02\/WhatsApp-Image-2023-02-27-at-5.41.40-PM.jpeg\"><img decoding=\"async\" data-id=\"63254\" src=\"https:\/\/redsemlac.com\/semmexico\/wp-content\/uploads\/2023\/02\/WhatsApp-Image-2023-02-27-at-5.41.40-PM-768x1024.jpeg\" alt=\"\" class=\"wp-image-63254\"\/><\/a><\/figure>\n\n\n\n<figure class=\"wp-block-image size-large\"><a href=\"https:\/\/redsemlac.com\/semmexico\/wp-content\/uploads\/2023\/02\/WhatsApp-Image-2023-02-27-at-5.41.37-PM.jpeg\"><img decoding=\"async\" data-id=\"63253\" src=\"https:\/\/redsemlac.com\/semmexico\/wp-content\/uploads\/2023\/02\/WhatsApp-Image-2023-02-27-at-5.41.37-PM-768x1024.jpeg\" alt=\"\" class=\"wp-image-63253\"\/><\/a><\/figure>\n\n\n\n<figure class=\"wp-block-image size-large\"><a href=\"https:\/\/redsemlac.com\/semmexico\/wp-content\/uploads\/2023\/02\/WhatsApp-Image-2023-02-27-at-5.41.36-PM.jpeg\"><img decoding=\"async\" data-id=\"63252\" src=\"https:\/\/redsemlac.com\/semmexico\/wp-content\/uploads\/2023\/02\/WhatsApp-Image-2023-02-27-at-5.41.36-PM-768x1024.jpeg\" alt=\"\" class=\"wp-image-63252\"\/><\/a><\/figure>\n\n\n\n<figure class=\"wp-block-image size-large\"><a href=\"https:\/\/redsemlac.com\/semmexico\/wp-content\/uploads\/2023\/02\/WhatsApp-Image-2023-02-27-at-5.41.35-PM-1.jpeg\"><img decoding=\"async\" data-id=\"63250\" src=\"https:\/\/redsemlac.com\/semmexico\/wp-content\/uploads\/2023\/02\/WhatsApp-Image-2023-02-27-at-5.41.35-PM-1-768x1024.jpeg\" alt=\"\" class=\"wp-image-63250\"\/><\/a><\/figure>\n\n\n\n<figure class=\"wp-block-image size-large\"><a href=\"https:\/\/redsemlac.com\/semmexico\/wp-content\/uploads\/2023\/02\/WhatsApp-Image-2023-02-27-at-5.41.34-PM.jpeg\"><img decoding=\"async\" data-id=\"63249\" src=\"https:\/\/redsemlac.com\/semmexico\/wp-content\/uploads\/2023\/02\/WhatsApp-Image-2023-02-27-at-5.41.34-PM-1024x768.jpeg\" alt=\"\" class=\"wp-image-63249\"\/><\/a><\/figure>\n<\/figure>\n\n\n\n<p class=\"wp-block-paragraph\">Como son elocuentes las im\u00e1genes, el Z\u00f3calo se llen\u00f3, de una masa blanca y rosa, que no tiene definici\u00f3n partidaria, pero se uni\u00f3 contra la medida y otras de este r\u00e9gimen. Las calles del centro de la Ciudad de M\u00e9xico, se llenaron de gente desde 3 horas antes de la cita al Mitin, escenificado a las puertas de la Suprema Corte de Justicia de la Naci\u00f3n, la que fue copada por decenas de ramos de flores, en se\u00f1al de respeto y confianza en las decisiones que habr\u00e1 de tomar, una vez que las reformas, ya aprobadas por el Congreso, se publiquen en el Diario Oficial de la Federaci\u00f3n y que podr\u00e1n ser impugnadas.<\/p>\n\n\n\n<p class=\"wp-block-paragraph\">En la plaza de la Constituci\u00f3n, el Z\u00f3calo, se pidi\u00f3 una firma para las y los asistentes, para que la ciudadan\u00eda pueda acompa\u00f1ar el trabajo de las y los ministros de la Corte, en lo que se llama amicus curiae, que en la tradici\u00f3n jur\u00eddica es uno o varios documentos de amigas y amigos de la corte, para tener contexto y antecedentes que les ayuden a tomar sus decisiones. En este caso, fundado en los razonamientos anal\u00edsticos de la Reforma.<\/p>\n\n\n\n<p class=\"wp-block-paragraph\">Tambi\u00e9n para el p\u00fablico se distribuy\u00f3 el texto Radiograf\u00eda del Plan B: la Reforma Electoral a Examen, preparado por el Instituto de Investigaciones Jur\u00eddicas de la UNAM, la semana pasada. Y en donde se hace evidente el golpe a la Paridad.<\/p>\n\n\n\n<p class=\"wp-block-paragraph\">En el cap\u00edtulo XVI, Karolina Gilas escribe: Paridad y representaci\u00f3n en la reforma electoral de 2022<\/p>\n\n\n\n<p class=\"wp-block-paragraph\">Donde destacan estos razonamientos: En cuanto a la paridad, los aspectos preocupantes de la reforma tienen que ver, principalmente, con el debilitamiento de los mecanismos existentes para asegurar su adecuada y efectiva implementaci\u00f3n.<\/p>\n\n\n\n<p class=\"wp-block-paragraph\">Por un lado, la reforma establece la verificaci\u00f3n del criterio de competitividad en dos bloques -en lugar de los tres empleados hasta la fecha por la autoridad electoral- lo que resultar\u00e1 en un debilitamiento de la presencia de las mujeres en los espacios de mayor probabilidad. Por el otro lado, la prohibici\u00f3n de la emisi\u00f3n de lineamientos, reglamentos y dem\u00e1s mecanismos interpretativos, as\u00ed como la prohibici\u00f3n expresa de que las autoridades puedan realizar de manera directa los ajustes en la asignaci\u00f3n de las candidaturas, debilitar\u00e1n las capacidades institucionales para exigir y garantizar el cumplimiento de las normas y para, en su caso, emitir reglas adicionales para fortalecer a la representaci\u00f3n de las mujeres y de las personas pertenecientes a los grupos hist\u00f3ricamente excluidos.<\/p>\n\n\n\n<p class=\"wp-block-paragraph\">Adicionalmente, el dise\u00f1o adoptado para la implementaci\u00f3n de la paridad en las gubernaturas no parece ser el m\u00e1s id\u00f3neo, pues la postulaci\u00f3n paritaria a lo largo de todo un ciclo de renovaci\u00f3n de todas las gubernaturas del pa\u00eds no garantiza que las mujeres sean postuladas en las entidades de alto nivel de competitividad de los partidos. Asimismo, tomando en cuenta la heterogeneidad de los esquemas de coaliciones a lo largo de tiempo y entre las distintas entidades federativas, parece poco probable que se logre cumplir a cabalidad con este principio. En conclusi\u00f3n, a pesar de que las modificaciones a la paridad no son un punto central de la reforma, los cambios legislativos podr\u00e1n tener un efecto negativo sobre la representaci\u00f3n pol\u00edtica de las mujeres, en especial ante el debilitamiento de las autoridades electorales que han resultado ser, en las d\u00e9cadas pasadas, los guardianes de la paridad.<\/p>\n\n\n\n<h2 class=\"wp-block-heading\"><strong>El contenido del Plan B<\/strong><\/h2>\n\n\n\n<p class=\"wp-block-paragraph\">El sentir de la demanda de las y los mexicanos la expusieron en bien fincados discursos el ministro de la Corte en retiro, Jos\u00e9 Ram\u00f3n Coss\u00edo quien confi\u00f3 \u201cen el talante\u201d de sus anteriores colegas para frenar el Plan B, y la periodista Beatriz Pag\u00e9s Rebollar que con firmeza lleg\u00f3 a expresar \u201cel INE no se toca y nuestro voto no se roba\u201d.<\/p>\n\n\n\n<h2 class=\"wp-block-heading\"><strong>Los asuntos del Plan B que m\u00e1s preocupan son:<\/strong><\/h2>\n\n\n\n<p class=\"wp-block-paragraph\">1.- Eliminar la estructura del Instituto Nacional Electoral (INE) y los \u00d3rganos P\u00fablicos Locales Electorales (OPLEs) para que sus funciones las realice el Instituto Nacional de Elecciones y Consultas (INEC) que se quiere crear para que se encargue de organizar las elecciones federales, estatales y municipales.<\/p>\n\n\n\n<p class=\"wp-block-paragraph\">2.- Propone que los Consejeros de su INEC se elijan por voto popular y que sean 7 en vez de 11 como tiene el INE. Y que igual sean elegidos los 7 consejeros del Tribunal Electoral del Poder Judicial Federal (TEPJF).&nbsp;<\/p>\n\n\n\n<p class=\"wp-block-paragraph\">3.- Propone tambi\u00e9n eliminar todas las estructuras del INE en los 300 Distritos Electorales repartidos en las 32 Entidades de la Rep\u00fablica.<\/p>\n\n\n\n<p class=\"wp-block-paragraph\">4.- Propone que la integraci\u00f3n de su INEC se haga de la siguiente forma: el Poder Ejecutivo o sea AMLO presentar\u00eda 20 candidatos; el Poder Judicial otros 20 y el Poder Legislativo tambi\u00e9n otros 20, pero se repartir\u00edan 10 y 10 entre C. de Diputados y C. de Senadores.<\/p>\n\n\n\n<p class=\"wp-block-paragraph\">Todas las candidaturas propuestas, seg\u00fan el enga\u00f1oso Plan B, tendr\u00edan que realizar campa\u00f1a por el pa\u00eds.<\/p>\n\n\n\n<p class=\"wp-block-paragraph\">Propone reducir las curules; mantendr\u00eda la regla de que habr\u00eda al menos 2 legisladores\/as por entidad federativa.<\/p>\n\n\n\n<p class=\"wp-block-paragraph\">En el Senado bajar\u00eda de 128 a 96 la cantidad de esca\u00f1os o sea 3 por entidad federativa, aunque esto es totalmente inconstitucional.<\/p>\n\n\n\n<figure class=\"wp-block-gallery has-nested-images columns-2 is-cropped wp-block-gallery-2 is-layout-flex wp-block-gallery-is-layout-flex\">\n<figure class=\"wp-block-image size-large\"><a href=\"https:\/\/redsemlac.com\/semmexico\/wp-content\/uploads\/2023\/02\/WhatsApp-Image-2023-02-27-at-5.41.32-PM.jpeg\"><img loading=\"lazy\" decoding=\"async\" width=\"768\" height=\"1024\" data-id=\"63257\" src=\"https:\/\/redsemlac.com\/semmexico\/wp-content\/uploads\/2023\/02\/WhatsApp-Image-2023-02-27-at-5.41.32-PM.jpeg\" alt=\"\" class=\"wp-image-63257\"\/><\/a><\/figure>\n\n\n\n<figure class=\"wp-block-image size-large\"><a href=\"https:\/\/redsemlac.com\/semmexico\/wp-content\/uploads\/2023\/02\/WhatsApp-Image-2023-02-27-at-5.41.31-PM.jpeg\"><img decoding=\"async\" data-id=\"63256\" src=\"https:\/\/redsemlac.com\/semmexico\/wp-content\/uploads\/2023\/02\/WhatsApp-Image-2023-02-27-at-5.41.31-PM-1024x768.jpeg\" alt=\"\" class=\"wp-image-63256\"\/><\/a><\/figure>\n\n\n\n<figure class=\"wp-block-image size-large\"><a href=\"https:\/\/redsemlac.com\/semmexico\/wp-content\/uploads\/2023\/02\/WhatsApp-Image-2023-02-27-at-5.41.33-PM.jpeg\"><img loading=\"lazy\" decoding=\"async\" width=\"1024\" height=\"768\" data-id=\"63247\" src=\"https:\/\/redsemlac.com\/semmexico\/wp-content\/uploads\/2023\/02\/WhatsApp-Image-2023-02-27-at-5.41.33-PM.jpeg\" alt=\"\" class=\"wp-image-63247\"\/><\/a><\/figure>\n<\/figure>\n\n\n\n<p class=\"wp-block-paragraph\">Los Congresos de Estados con menos de 1 mill\u00f3n de habitantes tendr\u00edan un m\u00e1ximo de 15 Diputaciones y en los que rebasaran el mill\u00f3n, por cada 500 mil se agregar\u00eda un diputado\/a.<\/p>\n\n\n\n<p class=\"wp-block-paragraph\">Como m\u00e1ximo los Congresos Locales, seg\u00fan el Plan B electoral, deben tener 45 diputaciones.<\/p>\n\n\n\n<p class=\"wp-block-paragraph\">Muy grave es la propuesta de que todo el personal capacitado y a\u00f1os de eficaz servicio, tanto en las diversas dependencias del INE como en las OPLEs estatales, ser\u00edan despedidos\/as elimin\u00e1ndose la estructura territorial que tiene el INE y que cubre hasta los sitios m\u00e1s apartados del territorio nacional quedando al garete las tareas de atenci\u00f3n a las y los ciudadanos, incluida la expedici\u00f3n de las Credenciales de Elector que es valioso documento de identidad para hacer tr\u00e1mites legales.<\/p>\n\n\n\n<p class=\"wp-block-paragraph\">No se olvidar\u00e1 que esta gigantesca concentraci\u00f3n en defensa del INE, del Voto y de la Democracia, que no fue izada la bandera nacional -explic\u00f3 el ministro en retiro, el 27 en la ma\u00f1ana en la radio- que se trata de otra violaci\u00f3n a la ley, porque la bandera en su asta del Z\u00f3calo frente a Palacio Nacional debe izarse todos los d\u00edas del a\u00f1o. Al final del mitin, la muchedumbre cant\u00f3 el Himno Nacional, en la plancha del Z\u00f3calo, en las calles aleda\u00f1as y en decenas de lugares y restaurantes donde estaban. En los altos de los edificios de hoteles y negocios; en todas partes.<\/p>\n\n\n\n<p class=\"wp-block-paragraph\">Una demostraci\u00f3n semejante se escenific\u00f3 en m\u00e1s de cien ciudades del pa\u00eds y en otras muchas del mundo. A partir de hoy, se abre un impasse esperando el fallo de la Corte al Plan B de AMLO.<\/p>\n\n\n\n<h2 class=\"wp-block-heading\"><strong>Reacciones<\/strong><\/h2>\n\n\n\n<p class=\"wp-block-paragraph\">Mario Delgado Carrillo, presidente de Morena, dijo:<\/p>\n\n\n\n<p class=\"wp-block-paragraph\">\u201cMorena no permitir\u00e1 que se regrese al M\u00e9xico de los neoliberales que hicieron grav\u00edsimo da\u00f1o al pa\u00eds\u201d<\/p>\n\n\n\n<p class=\"wp-block-paragraph\">\u201cSe creen due\u00f1os de la democracia, se resisten al cambio, a vivir en una aut\u00e9ntica democracia\u201d.<\/p>\n\n\n\n<p class=\"wp-block-paragraph\">\u201cUtilizaron de pantalla el Plan B, cuando en realidad se trat\u00f3 de una protesta de la derecha contra la transformaci\u00f3n a nivel nacional\u201d.<\/p>\n\n\n\n<p class=\"wp-block-paragraph\">\u201cGritan el INE no se toca, pero en realidad piensan que Garc\u00eda Luna y Felipe Calder\u00f3n no se tocan, que la corrupci\u00f3n no se toca y el influyentismo no se toca\u201d.<\/p>\n\n\n\n<p class=\"wp-block-paragraph\">\u201cLas protestas debe celebrarse sin simulaciones, sin aparentar ser ciudadanas y ciudadanos independientes, progresistas y liberales\u201d.<\/p>\n\n\n\n<p class=\"wp-block-paragraph\">Y as\u00ed termin\u00f3 Mario Delgado:<\/p>\n\n\n\n<p class=\"wp-block-paragraph\">\u201cEste gobierno ha demostrado una y otra vez que la libertad de expresi\u00f3n y manifestaci\u00f3n son principios base de esta transformaci\u00f3n. Lo que no se vale es que simulen marchar por la democracia, al tiempo que la pisotean\u201d.<\/p>\n\n\n\n<p class=\"wp-block-paragraph\">Ignacio Mier, coordinador<\/p>\n\n\n\n<h2 class=\"wp-block-heading\"><strong>Diputados de Morena anuncia:<\/strong><\/h2>\n\n\n\n<p class=\"wp-block-paragraph\">El Plan B electoral del presidente Andr\u00e9s Manuel L\u00f3pez Obrador se publicar\u00e1 ma\u00f1ana lunes en el Diario Oficial de la Federaci\u00f3n (DOF).&nbsp;&nbsp;&nbsp;&nbsp;&nbsp;&nbsp;&nbsp;&nbsp;&nbsp;&nbsp;&nbsp;&nbsp;&nbsp;&nbsp;&nbsp;&nbsp;&nbsp;&nbsp;&nbsp;&nbsp;&nbsp;&nbsp;&nbsp;&nbsp;&nbsp;&nbsp;&nbsp;&nbsp;&nbsp;&nbsp;&nbsp;&nbsp;&nbsp;&nbsp;<\/p>\n\n\n\n<p class=\"wp-block-paragraph\">Si la Corte no declara al Plan B como inconstitucional, el proceso electoral comenzar\u00e1 en noviembre de este a\u00f1o. En caso contrario, iniciar\u00e1 en septiembre.<\/p>\n\n\n\n<p class=\"wp-block-paragraph\">Si es en noviembre, la convocatoria en Morena se publicar\u00eda en Julio para que la selecci\u00f3n del candidato presidencial se lleve a cabo en diciembre.<\/p>\n\n\n\n<p class=\"wp-block-paragraph\">Con relaci\u00f3n a la impugnaci\u00f3n que se haga del Plan B, el diputado Mier aclara: \u201cDe manera anticipada ya se hab\u00edan presentado m\u00e1s de 12 recursos de inconstitucionalidad ante la Corte. Los que tuve oportunidad de revisarlos no tienen nada que ver con la reforma electoral, nada que ver con lo que est\u00e1 establecido en las cinco leyes\u201d.<\/p>\n\n\n\n<p class=\"wp-block-paragraph\">Esas impugnaciones presentadas antes corresponden a la reforma electoral inicial y no al Plan B. Adem\u00e1s, son \u201cfalsos\u201d los se\u00f1alamientos de que con estas modificaciones se retirar\u00e1n los m\u00f3dulos para la emisi\u00f3n de la credencial del elector.<\/p>\n\n\n\n<p class=\"wp-block-paragraph\">&nbsp;\u201cNo tiene nada que ver con el Plan B. Los de la oposici\u00f3n presentaron recursos que ten\u00edan que ver con la reforma que no se realiz\u00f3\u201d.<\/p>\n\n\n\n<p class=\"wp-block-paragraph\">Y termin\u00f3 el l\u00edder de las y los morenitos en C\u00e1mara de Diputados as\u00ed: \u201cQu\u00e9 pa\u00eds tan fant\u00e1stico tenemos\u2026pueden manifestar democr\u00e1ticamente, expl\u00edcitamente, en la calle su inconformidad con el Plan B Electoral, aunque su inconformidad est\u00e9 llena de mentiras\u201d.<\/p>\n\n\n\n<p class=\"wp-block-paragraph\">SEM\/MG<\/p>\n","protected":false},"excerpt":{"rendered":"<p>Ecos de la demostraci\u00f3n ciudadana del 26 de febrero: el voto no se toca.<\/p>\n","protected":false},"author":3,"featured_media":63251,"comment_status":"open","ping_status":"open","sticky":false,"template":"","format":"standard","meta":{"_monsterinsights_skip_tracking":false,"footnotes":""},"categories":[54],"tags":[],"class_list":["post-63244","post","type-post","status-publish","format-standard","has-post-thumbnail","category-mujeres"],"_links":{"self":[{"href":"https:\/\/redsemlac.com\/semmexico\/wp-json\/wp\/v2\/posts\/63244","targetHints":{"allow":["GET"]}}],"collection":[{"href":"https:\/\/redsemlac.com\/semmexico\/wp-json\/wp\/v2\/posts"}],"about":[{"href":"https:\/\/redsemlac.com\/semmexico\/wp-json\/wp\/v2\/types\/post"}],"author":[{"embeddable":true,"href":"https:\/\/redsemlac.com\/semmexico\/wp-json\/wp\/v2\/users\/3"}],"replies":[{"embeddable":true,"href":"https:\/\/redsemlac.com\/semmexico\/wp-json\/wp\/v2\/comments?post=63244"}],"version-history":[{"count":0,"href":"https:\/\/redsemlac.com\/semmexico\/wp-json\/wp\/v2\/posts\/63244\/revisions"}],"wp:featuredmedia":[{"embeddable":true,"href":"https:\/\/redsemlac.com\/semmexico\/wp-json\/wp\/v2\/media\/63251"}],"wp:attachment":[{"href":"https:\/\/redsemlac.com\/semmexico\/wp-json\/wp\/v2\/media?parent=63244"}],"wp:term":[{"taxonomy":"category","embeddable":true,"href":"https:\/\/redsemlac.com\/semmexico\/wp-json\/wp\/v2\/categories?post=63244"},{"taxonomy":"post_tag","embeddable":true,"href":"https:\/\/redsemlac.com\/semmexico\/wp-json\/wp\/v2\/tags?post=63244"}],"curies":[{"name":"wp","href":"https:\/\/api.w.org\/{rel}","templated":true}]}}