{"id":63241,"date":"2023-02-27T17:03:09","date_gmt":"2023-02-27T23:03:09","guid":{"rendered":"https:\/\/redsemlac.com\/semmexico\/?p=63241"},"modified":"2023-02-27T18:39:34","modified_gmt":"2023-02-28T00:39:34","slug":"dan-a-conocer-nueva-sentencia-contra-el-monstruo-de-atizapan-por-feminicidio-y-homicidio-infantil","status":"publish","type":"post","link":"https:\/\/redsemlac.com\/semmexico\/dan-a-conocer-nueva-sentencia-contra-el-monstruo-de-atizapan-por-feminicidio-y-homicidio-infantil\/","title":{"rendered":"93 a\u00f1os de prisi\u00f3n,  nueva sentencia contra el asesino de Atizap\u00e1n por feminicidio y homicidio infantil"},"content":{"rendered":"\n<ul class=\"wp-block-list\">\n<li><strong>Andr\u00e9s Filomeno fue detenido tras la desaparici\u00f3n de una mujer, durante la b\u00fasqueda realizada por familiares de la v\u00edctima se descubri\u00f3 que el hombre habr\u00eda cometido alrededor de veinte feminicidios en los \u00faltimos veinte a\u00f1os.<\/strong><strong><\/strong><\/li>\n<\/ul>\n\n\n\n<p class=\"wp-block-paragraph\"><strong>Mercedes Mart\u00ednez<\/strong><\/p>\n\n\n\n<p class=\"wp-block-paragraph\">SemM\u00e9xico, Ciudad de M\u00e9xico, 27 de febrero del 2023.- El subsecretario de la Secretar\u00eda de Seguridad y Protecci\u00f3n Ciudadana, Luis Rodr\u00edguez Bucio dio a conocer una nueva sentencia en contra de Andr\u00e9s Filomeno de 73 a\u00f1os de edad, por el delito de feminicidio en contra de una mujer de nombre Mar\u00eda y por el homicidio infantil de su hijo.<\/p>\n\n\n\n<p class=\"wp-block-paragraph\">Esta sentencia se suma a tres m\u00e1s por el delito de feminicidio, una de ellas adem\u00e1s por desaparici\u00f3n de personas, de acuerdo a fuentes del Poder Judicial mexiquense.<\/p>\n\n\n\n<p class=\"wp-block-paragraph\">En mayo de 2021, el caso se conoci\u00f3 medi\u00e1ticamente como el del \u201cmonstruo de Atizap\u00e1n\u201d. Andr\u00e9s Filomeno fue detenido tras la desaparici\u00f3n de una mujer, durante la b\u00fasqueda realizada por familiares de la v\u00edctima se descubri\u00f3 que el hombre habr\u00eda cometido alrededor de veinte feminicidios en los \u00faltimos veinte a\u00f1os.<\/p>\n\n\n\n<p class=\"wp-block-paragraph\">De acuerdo con la informaci\u00f3n proveniente de fuentes federales, la reciente sentencia fue dictada por un Tribunal de Enjuiciamiento de Tenango del Valle, quien impuso 92 a\u00f1os de prisi\u00f3n por el feminicidio de una de sus v\u00edctimas identificada con el nombre de Mar\u00eda, y una sentencia m\u00e1s por el homicidio del hijo de la mujer.<\/p>\n\n\n\n<p class=\"wp-block-paragraph\">Los hechos ocurrieron en diciembre de 2014, cuando el sentenciado se encontr\u00f3 con las v\u00edctimas en un inmueble de su propiedad ubicado en Lomas de San Miguel en el municipio de Atizap\u00e1n, Estado de M\u00e9xico, donde priv\u00f3 de la vida a madre e hijo y ocult\u00f3 sus cuerpos en el mismo lugar.<\/p>\n\n\n\n<p class=\"wp-block-paragraph\">La sentencia fue dada a conocer durante la \u201cConferencia de prensa del Grupo Interinstitucional de Estrategia contra Violencias (GIEV) &#8211; Estrategia Nacional de Protecci\u00f3n Integral a mujeres y ni\u00f1as que viven violencias basadas en el g\u00e9nero\u201d.<\/p>\n\n\n\n<p class=\"wp-block-paragraph\">Sin embargo, Rodr\u00edguez Bucio expres\u00f3 que en los feminicidios por los que se concret\u00f3 alguna sentencia en lo que va del 2023, se tratan de hechos \u201cen los que la v\u00edctima es una mujer y se observa un crimen que tiene que ver m\u00e1s con una conducta criminal que con una conducta contra el g\u00e9nero\u201d.<\/p>\n\n\n\n<p class=\"wp-block-paragraph\">Entre las sentencias dadas a conocer por el funcionario en el mismo evento se hizo menci\u00f3n de una sentencia en Ecatepec contra Fidel \u201cN\u201d, quien fue condenado a m\u00e1s de 100 a\u00f1os de prisi\u00f3n por el feminicidio y tentativa de feminicidio en contra de su pareja y su cu\u00f1ada, ocurridos en abril de 2021.<\/p>\n\n\n\n<p class=\"wp-block-paragraph\">En el mismo municipio, un Tribunal de Enjuiciamiento dict\u00f3 47 a\u00f1os de c\u00e1rcel a Juan Alberto \u201cN\u201d por el delito de homicidio calificado. En diciembre de 2018 el sentenciado priv\u00f3 de la vida con un disparo de arma de fuego a una mujer.<\/p>\n\n\n\n<p class=\"wp-block-paragraph\">Tambi\u00e9n se dio a conocer la sentencia de 45 a\u00f1os, en contra de Ramiro \u201cN\u201d, hallado culpable del feminicidio de Mar\u00eda de los \u00c1ngeles de 52 a\u00f1os de edad. \u201cUn ni\u00f1o de 4 a\u00f1os testific\u00f3 que su abuela hab\u00eda sido atacada por un familiar con un hacha\u201d, por lo que elementos del estado de Durango detuvieron al yerno de la v\u00edctima.<\/p>\n\n\n\n<p class=\"wp-block-paragraph\">En Nuevo Le\u00f3n, Joan y Diana fueron sentenciados a 25 a\u00f1os de prisi\u00f3n por homicidio, tras matar a golpes a un beb\u00e9 de nueves meses de edad. Mientras que en Baja California, Francisco \u201cN\u201d fue condenado a 25 a\u00f1os de prisi\u00f3n por el delito de feminicidio en contra de quien fuera su exesposa.<\/p>\n\n\n\n<p class=\"wp-block-paragraph\">En su participaci\u00f3n, la presidenta del Instituto Nacional de las Mujeres, Nadine Gasman Zylbermann se\u00f1al\u00f3 que la raz\u00f3n de dar a conocer las diversas sentencias a trav\u00e9s del programa \u201cCero Impunidad\u201d resulta pedag\u00f3gica. \u201cEs una forma de mostrarle a la ciudadan\u00eda y a los medios que est\u00e1 pasando algo, que hay investigaci\u00f3n, que se est\u00e1 deteniendo y se est\u00e1 sancionado. Esta parte nos permite dar un mensaje de prevenci\u00f3n, socialmente hay consecuencias ante la violaci\u00f3n de este contrato social de respeto de todas las personas, especialmente de las mujeres\u201d, expres\u00f3.<\/p>\n\n\n\n<p class=\"wp-block-paragraph\">SEM\/MG<\/p>\n","protected":false},"excerpt":{"rendered":"<p>Andr\u00e9s Filomeno fue detenido tras la desaparici\u00f3n de una mujer, durante la b\u00fasqueda realizada por familiares de la v\u00edctima se descubri\u00f3 que el hombre habr\u00eda cometido alrededor de veinte feminicidios en los \u00faltimos veinte a\u00f1os.<\/p>\n","protected":false},"author":3,"featured_media":63242,"comment_status":"open","ping_status":"open","sticky":false,"template":"","format":"standard","meta":{"_monsterinsights_skip_tracking":false,"footnotes":""},"categories":[51],"tags":[],"class_list":["post-63241","post","type-post","status-publish","format-standard","has-post-thumbnail","category-ejecutivo"],"_links":{"self":[{"href":"https:\/\/redsemlac.com\/semmexico\/wp-json\/wp\/v2\/posts\/63241","targetHints":{"allow":["GET"]}}],"collection":[{"href":"https:\/\/redsemlac.com\/semmexico\/wp-json\/wp\/v2\/posts"}],"about":[{"href":"https:\/\/redsemlac.com\/semmexico\/wp-json\/wp\/v2\/types\/post"}],"author":[{"embeddable":true,"href":"https:\/\/redsemlac.com\/semmexico\/wp-json\/wp\/v2\/users\/3"}],"replies":[{"embeddable":true,"href":"https:\/\/redsemlac.com\/semmexico\/wp-json\/wp\/v2\/comments?post=63241"}],"version-history":[{"count":0,"href":"https:\/\/redsemlac.com\/semmexico\/wp-json\/wp\/v2\/posts\/63241\/revisions"}],"wp:featuredmedia":[{"embeddable":true,"href":"https:\/\/redsemlac.com\/semmexico\/wp-json\/wp\/v2\/media\/63242"}],"wp:attachment":[{"href":"https:\/\/redsemlac.com\/semmexico\/wp-json\/wp\/v2\/media?parent=63241"}],"wp:term":[{"taxonomy":"category","embeddable":true,"href":"https:\/\/redsemlac.com\/semmexico\/wp-json\/wp\/v2\/categories?post=63241"},{"taxonomy":"post_tag","embeddable":true,"href":"https:\/\/redsemlac.com\/semmexico\/wp-json\/wp\/v2\/tags?post=63241"}],"curies":[{"name":"wp","href":"https:\/\/api.w.org\/{rel}","templated":true}]}}