{"id":63237,"date":"2023-02-27T16:35:22","date_gmt":"2023-02-27T22:35:22","guid":{"rendered":"https:\/\/redsemlac.com\/semmexico\/?p=63237"},"modified":"2023-02-27T16:35:25","modified_gmt":"2023-02-27T22:35:25","slug":"desde-la-mano-izquierda-a-proposito-de-la-castracion","status":"publish","type":"post","link":"https:\/\/redsemlac.com\/semmexico\/desde-la-mano-izquierda-a-proposito-de-la-castracion\/","title":{"rendered":"Desde la Mano Izquierda| A prop\u00f3sito de la castraci\u00f3n"},"content":{"rendered":"\n<p class=\"wp-block-paragraph\"><strong>Claudia Espinosa Almaguer*<\/strong><\/p>\n\n\n\n<p class=\"wp-block-paragraph\">SemM\u00e9xico, San Luis Potos\u00ed, 27 de febrero del 2023.- En septiembre del a\u00f1o pasado tuvo lugar un seminario internacional en la Facultad de Derecho de la UNAM denominado \u201cAbuso y l\u00edmites del Poder Penal en Estados Democr\u00e1ticos de Derecho\u201d, transmitido en redes institucionales con el objetivo de delimitar con claridad el marco legal que debe observarse al tomar decisiones de car\u00e1cter pol\u00edtico criminal en el pa\u00eds.<\/p>\n\n\n\n<p class=\"wp-block-paragraph\">Com\u00fan es en M\u00e9xico que, ante los grandes problemas causados por la criminalidad, pero tambi\u00e9n respecto de otros que podr\u00edan ser abordados desde enfoques de tipo social, la respuesta de los poderes legislativos y ejecutivos sea proponer penas m\u00e1s severas o la creaci\u00f3n de m\u00e1s delitos. As\u00ed, en medio de las campa\u00f1as electorales m\u00e1s atrabiliarias se ha llegado a prometer inclusive el uso de la pena de muerte, y en entidades como el Edomex existe la prisi\u00f3n vitalicia siendo que el juzgador debe siempre de contar con un margen razonable para decidir y el sentenciado un derecho a la reinserci\u00f3n social.<\/p>\n\n\n\n<p class=\"wp-block-paragraph\">Al tiempo en que atend\u00edamos el panel del d\u00eda 22 denominado \u201cLa dogm\u00e1tica jur\u00eddico penal como mecanismo de contenci\u00f3n del abuso del poder penal\u201d en donde participaron los doctores Bernd Sch\u00fcnemann, Diego Manuel Luz\u00f3n Pe\u00f1a, Enrique Bacigalupo, Miguel Ontiveros Alonso y Mois\u00e9s Moreno Hern\u00e1ndez; <strong>en San Luis Potos\u00ed se propon\u00eda la pena de muerte a feminicidas y la extirpaci\u00f3n de los genitales como sanci\u00f3n a delitos sexuales<\/strong> en el c\u00f3digo penal.<\/p>\n\n\n\n<p class=\"wp-block-paragraph\">Y dec\u00eda el Dr. Sch\u00fcnemann:<\/p>\n\n\n\n<p class=\"wp-block-paragraph\">\u201cEl Estado constitucional democr\u00e1tico est\u00e1 amenazado por pretensiones autoritarias, el peligro es que los \u00f3rdenes del Estado abusen del derecho penal en las disputas jur\u00eddicas. La dogm\u00e1tica penal cuyo objetivo central ha sido definir los l\u00edmites del derecho penal es un medio para evitarlo. Ante las amenazas hago una invitaci\u00f3n a la teor\u00eda penal de habla hispana para seguir defendiendo estos principios. La doctrina penal libre, es el intento de encontrar un nuevo paradigma cada vez m\u00e1s humano que en su momento nos alej\u00f3 de la crueldad de las penas y del fanatismo religioso que persegu\u00eda herejes y brujas, cuyos fundamentos se sostienen desde la Ilustraci\u00f3n\u201d.<\/p>\n\n\n\n<p class=\"wp-block-paragraph\">La distancia entre lo defendido a lo largo del seminario y lo propuesto en la realidad pol\u00edtica de M\u00e9xico, marca la diferencia abismal que desafortunadamente habita nuestro tiempo y <strong>el enga\u00f1o al que es sometida la ciudadan\u00eda, pero, sobre todo, la usura que se hace de las v\u00edctimas de estos delitos<\/strong> en cuanto a prometer la venganza irracional como forma posible de acceso a la justicia.<\/p>\n\n\n\n<p class=\"wp-block-paragraph\">Al caso, hasta el presente mes de febrero el grupo parlamentario del Partido Verde en el Congreso de San Luis Potos\u00ed inform\u00f3 que ya estaba lista la iniciativa para la castraci\u00f3n qu\u00edmica a lo cual contar\u00edan con la opini\u00f3n de \u201cexpertos particulares\u201d en materia penal y de derechos humanos que trabajar\u00edan gratuitamente para que el documento consiga \u201csuperar\u201d una acci\u00f3n de inconstitucionalidad.<\/p>\n\n\n\n<p class=\"wp-block-paragraph\">No es algo inusual del PVEM, a nivel nacional desde hace d\u00e9cadas su mensaje principal en medios de comunicaci\u00f3n para las campa\u00f1as presidenciales en el pasado y de elecci\u00f3n en las c\u00e1maras, es significarse como el \u201cpartido pol\u00edtico\u201d que ha propuesto la pena de muerte y la castraci\u00f3n, es decir, es un motivo de orgullo casi institucional o fundacional seg\u00fan se entienda.<\/p>\n\n\n\n<p class=\"wp-block-paragraph\">Tom\u00e9monos en serio que hay uno o m\u00e1s abogados considerando, discutiendo, gastando luz, papel y esfuerzo para insertar este proyecto partidista como pena en el c\u00f3digo que, al momento de su publicaci\u00f3n en el Peri\u00f3dico Oficial ser\u00eda una norma violatoria del art\u00edculo 22 de la Constituci\u00f3n, a saber:<\/p>\n\n\n\n<p class=\"wp-block-paragraph\">\u201cQuedan prohibidas las penas de muerte, de mutilaci\u00f3n, de infamia, la marca, los azotes, los palos, el tormento de cualquier especie, la multa excesiva, la confiscaci\u00f3n de bienes y cualesquiera otras penas inusitadas y trascendentales. Toda pena deber\u00e1 ser proporcional al delito que sancione y al bien jur\u00eddico afectado\u201d.<\/p>\n\n\n\n<p class=\"wp-block-paragraph\">Lo habitual es que el uso de esa promesa de matar y castrar gente se agote al llegar a la frontera con la Constituci\u00f3n, el problema con San Luis Potos\u00ed es que eso no ha sucedido y ello afecta la certeza jur\u00eddica y el acceso a la justicia, por consiguiente, <strong>ante la posibilidad de que el Estado se vuelva el principal delincuente, en enemigo de la comunidad que gobierna, habida cuenta de la severa crisis \u00e9tica que pervive en el Derecho, la ciudadan\u00eda deber\u00e1 ser informada de los nombres de esos expertos particulares.<\/strong><\/p>\n\n\n\n<p class=\"wp-block-paragraph\">Y si, por proponer en M\u00e9xico ha habido de todo, pero <strong>\u00bfPor qu\u00e9 no podemos cortar manos o cabezas? o como aqu\u00ed<\/strong> \u00bfPor qu\u00e9 no est\u00e1 permitido castrar qu\u00edmicamente a los hombres responsables de violaci\u00f3n ni extirpar sus genitales ni colgarlos de una soga por el cuello, electrocutarlos o inyectarles alguna sustancia con la intenci\u00f3n de que dejen de respirar de una buena vez y para siempre liberando al Estado de la cansina obligaci\u00f3n de hacerse cargo del fen\u00f3meno delincuencial que representan?<\/p>\n\n\n\n<p class=\"wp-block-paragraph\">Si alguien puede materializar este \u201cgato de Schr\u00f6dinger\u201d de violar y no violar, de castrar y respetar, tambi\u00e9n ser\u00e1 indispensable conducir al debido an\u00e1lisis presupuestal la solvencia necesaria para asumir el costo de mantener la castraci\u00f3n qu\u00edmica a un imputado durante el tiempo que dure su sentencia, actualmente entre ocho y diecis\u00e9is a\u00f1os de prisi\u00f3n.<\/p>\n\n\n\n<p class=\"wp-block-paragraph\">Es decir, pagar entre 96 y 192 meses de un tratamiento que encuentra utilidad en la medicina para combatir el c\u00e1ncer de pr\u00f3stata y que significa el uso de medicamentos como el dietilestilbestrol o el acetato de medroxiprogesterona, un gasto entre 480 mil y 960 mil pesos como m\u00ednimo, adem\u00e1s de costear las consecuencias que tienen esos tratamientos en la salud de la persona, quit\u00e1ndolos de un mercado que suele usarlos por enfermedad y no por inter\u00e9s de mutilar funciones corporales.<\/p>\n\n\n\n<p class=\"wp-block-paragraph\">Pero sobre todo <strong>\u00bfQu\u00e9 mensaje se le da a las mujeres, ni\u00f1os, ni\u00f1as y adolescentes? <\/strong>Hablo de por lo menos <strong>10,562 v\u00edctimas de delitos sexuales en los \u00faltimos ocho a\u00f1os, 4172 por violaci\u00f3n en la entidad<\/strong> y considerando que M\u00e9xico es un pa\u00eds pleno de impunidad en el que apenas uno de cada diez cr\u00edmenes se denuncia.<\/p>\n\n\n\n<p class=\"wp-block-paragraph\"><strong>La idea de usar lo que han sufrido e instrumentalizarlo para fines electoreros,<\/strong> es confirmar las mismas ra\u00edces mis\u00f3ginas que proh\u00edjan el delito, se afirma con la propuesta, que han sido atacados a consecuencia de una pulsi\u00f3n sexual de sus agresores y no, de una decisi\u00f3n voluntaria de usar la violencia para aplicar la c\u00f3pula y otras formas de agresi\u00f3n sexual equiparables, se afirma que quienes han experimentado en su propio cuerpo un ataque sexual de esas dimensiones, <strong>no son lo suficientemente importantes para esperar del legislador una labor decente,<\/strong> para ellas no hay ni recursos, ni reparaci\u00f3n, ni una somera revisi\u00f3n del tipo penal para las modificaciones que no tiene y necesita desde hace ya varios a\u00f1os.<\/p>\n\n\n\n<p class=\"wp-block-paragraph\">En tales condiciones, de indiferencia y mediocridad, nos dirigimos a otro 8 de marzo.<\/p>\n\n\n\n<p class=\"wp-block-paragraph\">A m\u00e1s ver.<\/p>\n\n\n\n<p class=\"has-small-font-size wp-block-paragraph\">*Abogada Feminista, maestra en Pol\u00edtica Criminal por la UASLP y en Derecho Procesal Penal Acusatorio por el CEAD Quer\u00e9taro, consejera suplente de la Comisi\u00f3n Estatal de Derechos Humanos de San Luis Potos\u00ed. Experta en atenci\u00f3n a delitos de violencia contra las mujeres y grupos en situaci\u00f3n de discriminaci\u00f3n en M\u00e9xico. Formadora en Derechos Humanos, Igualdad y no discriminaci\u00f3n. Columnista.<\/p>\n","protected":false},"excerpt":{"rendered":"<p>En septiembre del a\u00f1o pasado tuvo lugar un seminario internacional en la Facultad de Derecho de la UNAM denominado \u201cAbuso y l\u00edmites del Poder Penal en Estados Democr\u00e1ticos de Derecho<\/p>\n","protected":false},"author":3,"featured_media":60255,"comment_status":"open","ping_status":"open","sticky":false,"template":"","format":"standard","meta":{"_monsterinsights_skip_tracking":false,"footnotes":""},"categories":[131,35],"tags":[],"class_list":["post-63237","post","type-post","status-publish","format-standard","has-post-thumbnail","category-claudia-almaguer","category-opinion"],"_links":{"self":[{"href":"https:\/\/redsemlac.com\/semmexico\/wp-json\/wp\/v2\/posts\/63237","targetHints":{"allow":["GET"]}}],"collection":[{"href":"https:\/\/redsemlac.com\/semmexico\/wp-json\/wp\/v2\/posts"}],"about":[{"href":"https:\/\/redsemlac.com\/semmexico\/wp-json\/wp\/v2\/types\/post"}],"author":[{"embeddable":true,"href":"https:\/\/redsemlac.com\/semmexico\/wp-json\/wp\/v2\/users\/3"}],"replies":[{"embeddable":true,"href":"https:\/\/redsemlac.com\/semmexico\/wp-json\/wp\/v2\/comments?post=63237"}],"version-history":[{"count":0,"href":"https:\/\/redsemlac.com\/semmexico\/wp-json\/wp\/v2\/posts\/63237\/revisions"}],"wp:featuredmedia":[{"embeddable":true,"href":"https:\/\/redsemlac.com\/semmexico\/wp-json\/wp\/v2\/media\/60255"}],"wp:attachment":[{"href":"https:\/\/redsemlac.com\/semmexico\/wp-json\/wp\/v2\/media?parent=63237"}],"wp:term":[{"taxonomy":"category","embeddable":true,"href":"https:\/\/redsemlac.com\/semmexico\/wp-json\/wp\/v2\/categories?post=63237"},{"taxonomy":"post_tag","embeddable":true,"href":"https:\/\/redsemlac.com\/semmexico\/wp-json\/wp\/v2\/tags?post=63237"}],"curies":[{"name":"wp","href":"https:\/\/api.w.org\/{rel}","templated":true}]}}