{"id":6323,"date":"2019-02-09T00:58:56","date_gmt":"2019-02-09T00:58:56","guid":{"rendered":"https:\/\/redsemlac.com\/semmexico\/?p=6323"},"modified":"2023-07-21T14:46:09","modified_gmt":"2023-07-21T19:46:09","slug":"mujer-y-poder-3","status":"publish","type":"post","link":"https:\/\/redsemlac.com\/semmexico\/mujer-y-poder-3\/","title":{"rendered":"Mujer y Poder"},"content":{"rendered":"\n<p class=\"wp-block-paragraph\">Propuesta descabellada del gobierno federal<\/p>\n\n\n\n<h5 class=\"wp-block-heading\"> \u00bfLos Abuelos a Cuidar Nietos?<\/h5>\n\n\n\n<p class=\"wp-block-paragraph\"><a href=\"https:\/\/semmexico.com\/gallery-post.php?id=7161#\">Natalia Vidales<\/a><\/p>\n\n\n\n<p class=\"wp-block-paragraph\">SemM\u00e9xico. 09 de febrero 2019.- La semana pasada, el&nbsp;<em>Secretario de Hacienda y Cr\u00e9dito P\u00fablico<\/em>, Carlos Urz\u00faa, &nbsp;tuvo la brillante idea de proponer \u2013como alternativa por el recorte presupuestal de las guarder\u00edas infantiles-, que sean los abuelos de los ni\u00f1os quienes se hagan cargo de ellos, en casa.<\/p>\n\n\n\n<p class=\"wp-block-paragraph\">La propuesta fue respaldada por el presidente Andr\u00e9s Manuel L\u00f3pez Obrador. Y las cr\u00edticas surgieron por doquier\u2026. con justa raz\u00f3n.<\/p>\n\n\n\n<p class=\"wp-block-paragraph\">Nos parece incre\u00edble que a problemas tan graves \u2013como el cuidado de los ni\u00f1os mientras los padres trabajan-&nbsp; se den alternativas \u00a8sacadas de la manga\u00a8 que parecen m\u00e1s bien ocurrencias que una propuesta seria a la situaci\u00f3n que miles de mujeres \u2013sobre todo- padecen diariamente al tener que trabajar fuera del hogar y enfrentarse al problema del cuidado de sus hijos.&nbsp;&nbsp; Hemos conocido casos de ni\u00f1os que han muerto en sus casas de cart\u00f3n porque sus madres \u2013al no encontrar alternativas-&nbsp; los dejaron encerrados en su vivienda para cumplir con su jornada de trabajo. Tragedias escalofriantes sin duda. Pero de una realidad dantesca.<\/p>\n\n\n\n<p class=\"wp-block-paragraph\">Los ni\u00f1os deben de estar bien protegidos en todos sentidos, y no es conveniente que personas que est\u00e1n para que las cuiden \u2013y no para cuidar-&nbsp; sean quienes tengan la responsabilidad de atender a los hijos de sus hijos.&nbsp; Los abuelos &nbsp;\u2013adem\u00e1s de que no son la mejor opci\u00f3n- &nbsp;ya cuidaron y formaron a sus propios hijos como para que, en edad avanzada, se les pretenda dar esa carga.&nbsp;<\/p>\n\n\n\n<p class=\"wp-block-paragraph\">Sin duda Carlos Urz\u00faa y el propio Presidente no saben \u2013porque sin duda no fue parte de su obligaci\u00f3n familiar-&nbsp; lo dif\u00edcil y pesado \u2013emocional y f\u00edsicamente-&nbsp; que es cuidar ni\u00f1os: hay que cargarlos en brazos \u2013si son peque\u00f1os-, vestirlos, cambiarlos de pa\u00f1al, darles alimento especial, protegerlos de accidentes, atenderlos en sus demandas. Son\u2026 de tiempo completo.&nbsp; De tiempo completo e injustas.<\/p>\n\n\n\n<p class=\"wp-block-paragraph\">Pero, independientemente de ello, es indebido \u2013por decir lo menos- que se pretenda coartar la vida de los adultos mayores que ya cumplieron con sus obligaciones familiares y que merecen tiempo propio para la realizaci\u00f3n de actividades para las que no tuvieron tiempo&nbsp;&nbsp; a\u00f1os atr\u00e1s por estar precisamente cuidando hijos y\/o trabajando para su manutenci\u00f3n.<\/p>\n\n\n\n<p class=\"wp-block-paragraph\">Resulta que ahora que pueden disfrutar de un tiempo para s\u00ed mismos, para convivir con los amigos, pasear, iniciar alg\u00fan curso o taller, o hacer lo que les plazca\u2026 deben de cuidar ni\u00f1os. Eso es lo que propone el gobierno y poco a poco permear\u00e1 en la sociedad la idea de que ser\u00e1n abuelos ego\u00edstas quienes no apoyen en ese quehacer a sus hijos.<\/p>\n\n\n\n<p class=\"wp-block-paragraph\">\u00bfDe d\u00f3nde habr\u00e1 sacado esa idea tan descabellada el Secretario de Hacienda?&nbsp; Lo que deben hacer es mejorar y aumentar las guarder\u00edas \u2013donde haya gente especializada para la formaci\u00f3n integral de los ni\u00f1os-, y motivar a los abuelos a que salgan del hogar y tomen conciencia de que la vida no se les ha acabado sino que hay mucho, mucho por delante todav\u00eda.&nbsp; Cuando est\u00e9n inmovilizados, enfermos, o muy mayores tendr\u00e1n sin duda que quedarse en casa pero para entonces\u2026 ya no podr\u00e1n cuidar nietos. Conclusi\u00f3n: no son ellos los que deben cuidar a los hijos de sus hijos. Busquen otra alternativa.<\/p>\n","protected":false},"excerpt":{"rendered":"<p>Propuesta descabellada del gobierno federal \u00bfLos Abuelos a Cuidar Nietos? Natalia Vidales SemM\u00e9xico. 09 de febrero 2019.- La semana pasada, el&nbsp;Secretario de Hacienda y Cr\u00e9dito P\u00fablico, Carlos Urz\u00faa, &nbsp;tuvo la brillante idea de proponer \u2013como alternativa por el recorte presupuestal de las guarder\u00edas infantiles-, que sean los abuelos de los ni\u00f1os quienes se hagan cargo [&hellip;]<\/p>\n","protected":false},"author":3,"featured_media":6324,"comment_status":"open","ping_status":"open","sticky":false,"template":"","format":"standard","meta":{"_monsterinsights_skip_tracking":false,"footnotes":""},"categories":[690,72,1],"tags":[],"class_list":["post-6323","post","type-post","status-publish","format-standard","has-post-thumbnail","category-690","category-natalia-vidales","category-uncategorized"],"_links":{"self":[{"href":"https:\/\/redsemlac.com\/semmexico\/wp-json\/wp\/v2\/posts\/6323","targetHints":{"allow":["GET"]}}],"collection":[{"href":"https:\/\/redsemlac.com\/semmexico\/wp-json\/wp\/v2\/posts"}],"about":[{"href":"https:\/\/redsemlac.com\/semmexico\/wp-json\/wp\/v2\/types\/post"}],"author":[{"embeddable":true,"href":"https:\/\/redsemlac.com\/semmexico\/wp-json\/wp\/v2\/users\/3"}],"replies":[{"embeddable":true,"href":"https:\/\/redsemlac.com\/semmexico\/wp-json\/wp\/v2\/comments?post=6323"}],"version-history":[{"count":0,"href":"https:\/\/redsemlac.com\/semmexico\/wp-json\/wp\/v2\/posts\/6323\/revisions"}],"wp:featuredmedia":[{"embeddable":true,"href":"https:\/\/redsemlac.com\/semmexico\/wp-json\/wp\/v2\/media\/6324"}],"wp:attachment":[{"href":"https:\/\/redsemlac.com\/semmexico\/wp-json\/wp\/v2\/media?parent=6323"}],"wp:term":[{"taxonomy":"category","embeddable":true,"href":"https:\/\/redsemlac.com\/semmexico\/wp-json\/wp\/v2\/categories?post=6323"},{"taxonomy":"post_tag","embeddable":true,"href":"https:\/\/redsemlac.com\/semmexico\/wp-json\/wp\/v2\/tags?post=6323"}],"curies":[{"name":"wp","href":"https:\/\/api.w.org\/{rel}","templated":true}]}}