{"id":63228,"date":"2023-02-27T15:48:50","date_gmt":"2023-02-27T21:48:50","guid":{"rendered":"https:\/\/redsemlac.com\/semmexico\/?p=63228"},"modified":"2023-02-27T15:48:53","modified_gmt":"2023-02-27T21:48:53","slug":"en-foro-nacional-de-feministas-morenas-guerrero-piden-que-353-voces-de-apoyo-a-yoloczin-dominguez-sean-escuchadas","status":"publish","type":"post","link":"https:\/\/redsemlac.com\/semmexico\/en-foro-nacional-de-feministas-morenas-guerrero-piden-que-353-voces-de-apoyo-a-yoloczin-dominguez-sean-escuchadas\/","title":{"rendered":"En foro nacional de feministas, Morenas Guerrero piden que 353 voces de apoyo a Yoloczin Dom\u00ednguez sean escuchadas"},"content":{"rendered":"\n<p class=\"wp-block-paragraph\"><strong>Redacci\u00f3n<\/strong><\/p>\n\n\n\n<p class=\"wp-block-paragraph\">SemM\u00e9xico\/Ceprovysa, Ciudad de M\u00e9xico, 27 de febrero del 2023.- La organizaci\u00f3n Morenas Guerrero llev\u00f3 hasta la Asamblea Nacional Feminista, su denuncia por la violencia pol\u00edtica de g\u00e9nero ejercida contra la diputada Yoloczin Dom\u00ednguez Serna, presidenta de la Junta de Coordinaci\u00f3n Pol\u00edtica del Congreso de Guerrero, por su compa\u00f1ero de bancada, el tambi\u00e9n diputado Alfredo S\u00e1nchez Esquivel.<\/p>\n\n\n\n<p class=\"wp-block-paragraph\">En el evento, en el que estuvieron presentes la secretaria general de Morena, Citlali Hern\u00e1ndez, la secretaria de Mujeres del CEN de Morena, Adriana Grajales G\u00f3mez; la alcaldesa de Iztapalapa, entre otras personalidades, la activista Tereza Nava Alfaro ley\u00f3 en nombre de Morenas Guerrero el pronunciamiento en el que se hace un exhorto a la Comisi\u00f3n Nacional de Honestidad y Justicia a reponer el procedimiento por el cual desech\u00f3 la queja presentada por 353 mujeres.<\/p>\n\n\n\n<p class=\"wp-block-paragraph\">La Asamblea Nacional Feminista se llev\u00f3 a cabo este s\u00e1bado en la Ciudad de M\u00e9xico con la participaci\u00f3n de diputadas locales y federales, dirigentes partidistas y de organizaciones de todo el pa\u00eds.<\/p>\n\n\n\n<p class=\"wp-block-paragraph\">Nava Alfaro reiter\u00f3 lo dicho en Acapulco d\u00edas antes por Morenas Guerrero, en el sentido de que no deben quedar invisibilizadas 353 mujeres que protestan \u201cante un solitario hombre mis\u00f3gino\u201d&#8230; <\/p>\n\n\n\n<p class=\"wp-block-paragraph\">SEM\/MG<\/p>\n","protected":false},"excerpt":{"rendered":"<p>La organizaci\u00f3n Morenas Guerrero llev\u00f3 hasta la Asamblea Nacional Feminista, su denuncia por la violencia pol\u00edtica de g\u00e9nero ejercida contra la diputada Yoloczin Dom\u00ednguez Serna<\/p>\n","protected":false},"author":3,"featured_media":63230,"comment_status":"open","ping_status":"open","sticky":false,"template":"","format":"standard","meta":{"_monsterinsights_skip_tracking":false,"footnotes":""},"categories":[50],"tags":[],"class_list":["post-63228","post","type-post","status-publish","format-standard","has-post-thumbnail","category-congreso"],"_links":{"self":[{"href":"https:\/\/redsemlac.com\/semmexico\/wp-json\/wp\/v2\/posts\/63228","targetHints":{"allow":["GET"]}}],"collection":[{"href":"https:\/\/redsemlac.com\/semmexico\/wp-json\/wp\/v2\/posts"}],"about":[{"href":"https:\/\/redsemlac.com\/semmexico\/wp-json\/wp\/v2\/types\/post"}],"author":[{"embeddable":true,"href":"https:\/\/redsemlac.com\/semmexico\/wp-json\/wp\/v2\/users\/3"}],"replies":[{"embeddable":true,"href":"https:\/\/redsemlac.com\/semmexico\/wp-json\/wp\/v2\/comments?post=63228"}],"version-history":[{"count":0,"href":"https:\/\/redsemlac.com\/semmexico\/wp-json\/wp\/v2\/posts\/63228\/revisions"}],"wp:featuredmedia":[{"embeddable":true,"href":"https:\/\/redsemlac.com\/semmexico\/wp-json\/wp\/v2\/media\/63230"}],"wp:attachment":[{"href":"https:\/\/redsemlac.com\/semmexico\/wp-json\/wp\/v2\/media?parent=63228"}],"wp:term":[{"taxonomy":"category","embeddable":true,"href":"https:\/\/redsemlac.com\/semmexico\/wp-json\/wp\/v2\/categories?post=63228"},{"taxonomy":"post_tag","embeddable":true,"href":"https:\/\/redsemlac.com\/semmexico\/wp-json\/wp\/v2\/tags?post=63228"}],"curies":[{"name":"wp","href":"https:\/\/api.w.org\/{rel}","templated":true}]}}