{"id":63225,"date":"2023-02-27T15:32:37","date_gmt":"2023-02-27T21:32:37","guid":{"rendered":"https:\/\/redsemlac.com\/semmexico\/?p=63225"},"modified":"2023-02-27T15:32:39","modified_gmt":"2023-02-27T21:32:39","slug":"necesaria-inclusion-transparencia-y-respeto-a-los-derechos-humanos-en-internet-blanca-lilia-ibarra","status":"publish","type":"post","link":"https:\/\/redsemlac.com\/semmexico\/necesaria-inclusion-transparencia-y-respeto-a-los-derechos-humanos-en-internet-blanca-lilia-ibarra\/","title":{"rendered":"Necesaria inclusi\u00f3n, transparencia y respeto a los derechos humanos en Internet: Blanca Lilia Ibarra"},"content":{"rendered":"\n<ul class=\"wp-block-list\">\n<li><strong>En la sede de la UNESCO, la Comisionada Presidenta del INAI enfatiz\u00f3 la necesidad de contar con reguladores independientes y vigilados, que generen confianza entre la ciudadan\u00eda.<\/strong><\/li>\n\n\n\n<li><strong>Se requiere frenar los abusos de algunas plataformas digitales que privilegian sus intereses econ\u00f3micos, apunt\u00f3.<\/strong><\/li>\n<\/ul>\n\n\n\n<p class=\"wp-block-paragraph\"><strong>Redacci\u00f3n<\/strong><\/p>\n\n\n\n<p class=\"wp-block-paragraph\">SemM\u00e9xico, Ciudad de M\u00e9xico, 27 de febrero del 2023.- Se llev\u00f3 a cabo la conferencia mundial: \u201cPor un internet confiable: hacia una gu\u00eda para regular las plataformas digitales de informaci\u00f3n como bien p\u00fablico\u201d, organizada por la UNESCO, donde la comisionada presidenta del Instituto Nacional de Transparencia, Acceso a la Informaci\u00f3n y Protecci\u00f3n de Datos Personales (INAI), Blanca Lilia Ibarra Cadena, llam\u00f3 a las instituciones independientes y aut\u00f3nomas a desempe\u00f1ar un papel proactivo y din\u00e1mico en la regulaci\u00f3n de las plataformas digitales, promoviendo que act\u00faen bajo los principios de responsabilidad, transparencia, inclusi\u00f3n y respeto de los derechos humanos.<\/p>\n\n\n\n<p class=\"wp-block-paragraph\">\u201cLa confianza de la poblaci\u00f3n en torno a que estos reguladores hagan su trabajo y contribuyan naturalmente en un momento en donde la invasi\u00f3n de la digitalizaci\u00f3n en todos los espacios de nuestras vidas nos aturde, nos hacen cambiar de perspectiva y tambi\u00e9n invaden nuestra vida cotidiana; a veces nos sentimos aturdidos por el \u00edmpetu de la informaci\u00f3n y de los datos que en cada instante estamos recibiendo, de contenidos que muchas veces propician confusi\u00f3n, desconfianza y realidades deformadas\u201d, enfatiz\u00f3 al moderar la mesa Salvaguardas para garantizar la existencia de reguladores independientes.<\/p>\n\n\n\n<p class=\"wp-block-paragraph\">En representaci\u00f3n del Pleno del INAI, que preside la Red de Transparencia y Acceso a la Informaci\u00f3n (RTA) y la Conferencia Internacional de Comisionados de Informaci\u00f3n (ICIC), Ibarra Cadena refiri\u00f3 que en internet se emplean bots para la difusi\u00f3n de noticias falsas, que modifican las percepciones de las audiencias, crean tendencias y apuntalan la desinformaci\u00f3n; por eso, resulta relevante el papel de los reguladores y su actuaci\u00f3n independiente, lo que ayuda a garantizar el respeto a los derechos humanos.<\/p>\n\n\n\n<p class=\"wp-block-paragraph\">Acompa\u00f1ada de expertas, expertos y representantes de instituciones reguladoras aut\u00f3nomas de Francia, Reino Unido, Uruguay y T\u00fanez, la comisionada presidenta del INAI destac\u00f3 que estas instancias no solamente deben mantenerse fuertes, independientes y vigiladas en su labor para aumentar la confianza de la ciudadana, sino tambi\u00e9n deben soportar las presiones resultantes tanto de su actuaci\u00f3n, como de las adecuaciones legislativas.<\/p>\n\n\n\n<p class=\"wp-block-paragraph\">Por otra parte, acot\u00f3 que debe haber voluntad pol\u00edtica de las autoridades para frenar los abusos de algunas plataformas digitales que privilegian sus intereses econ\u00f3micos, basados en el manejo de los datos personales, que son el \u201coro negro\u201d del siglo XXI.<\/p>\n\n\n\n<p class=\"wp-block-paragraph\">\u201cEs impostergable que podamos contar con una gobernanza coherente, inteligente, adaptable, equilibrada y con un amplio respeto a los derechos humanos, y este es un paso muy importante el que hoy nos permita la UNESCO estar reunidos aqu\u00ed, justamente reguladores que debemos de respetar la independencia y sobre todo abrazar estas necesidades sociales, que nos colocan en una situaci\u00f3n que no podemos postergar. Necesariamente, debemos de promover las adecuaciones legislativas que sean coherentes, tambi\u00e9n flexibles, y seguir fortaleciendo el di\u00e1logo y la cooperaci\u00f3n internacional\u201d, subray\u00f3 la comisionada presidenta del INAI.<\/p>\n\n\n\n<p class=\"wp-block-paragraph\">En la mesa que moder\u00f3 la comisionada Ibarra Cadena participaron Roch-Olivier Maistre, presidente de la Autoridad P\u00fablica Francesa para la Regulaci\u00f3n de la Comunicaci\u00f3n Audiovisual y Digital y la Red Franc\u00f3fona de Reguladores de Medios; Camilla Bustani, directora internacional de la Oficina de Comunicaciones del Reino Unido; Gustavo G\u00f3mez, director ejecutivo del Observatorio Latinoamericano de Regulaci\u00f3n, Medios y Convergencia de Uruguay, y Nouri Lajmi, expresidente de la Alta Autoridad Independiente para la Comunicaci\u00f3n Audiovisual de T\u00fanez.<\/p>\n\n\n\n<p class=\"wp-block-paragraph\">SEM\/MG<\/p>\n","protected":false},"excerpt":{"rendered":"<p>En la sede de la UNESCO, la Comisionada Presidenta del INAI enfatiz\u00f3 la necesidad de contar con reguladores independientes y vigilados, que generen confianza entre la ciudadan\u00eda.<\/p>\n","protected":false},"author":3,"featured_media":63226,"comment_status":"open","ping_status":"open","sticky":false,"template":"","format":"standard","meta":{"_monsterinsights_skip_tracking":false,"footnotes":""},"categories":[51],"tags":[],"class_list":["post-63225","post","type-post","status-publish","format-standard","has-post-thumbnail","category-ejecutivo"],"_links":{"self":[{"href":"https:\/\/redsemlac.com\/semmexico\/wp-json\/wp\/v2\/posts\/63225","targetHints":{"allow":["GET"]}}],"collection":[{"href":"https:\/\/redsemlac.com\/semmexico\/wp-json\/wp\/v2\/posts"}],"about":[{"href":"https:\/\/redsemlac.com\/semmexico\/wp-json\/wp\/v2\/types\/post"}],"author":[{"embeddable":true,"href":"https:\/\/redsemlac.com\/semmexico\/wp-json\/wp\/v2\/users\/3"}],"replies":[{"embeddable":true,"href":"https:\/\/redsemlac.com\/semmexico\/wp-json\/wp\/v2\/comments?post=63225"}],"version-history":[{"count":0,"href":"https:\/\/redsemlac.com\/semmexico\/wp-json\/wp\/v2\/posts\/63225\/revisions"}],"wp:featuredmedia":[{"embeddable":true,"href":"https:\/\/redsemlac.com\/semmexico\/wp-json\/wp\/v2\/media\/63226"}],"wp:attachment":[{"href":"https:\/\/redsemlac.com\/semmexico\/wp-json\/wp\/v2\/media?parent=63225"}],"wp:term":[{"taxonomy":"category","embeddable":true,"href":"https:\/\/redsemlac.com\/semmexico\/wp-json\/wp\/v2\/categories?post=63225"},{"taxonomy":"post_tag","embeddable":true,"href":"https:\/\/redsemlac.com\/semmexico\/wp-json\/wp\/v2\/tags?post=63225"}],"curies":[{"name":"wp","href":"https:\/\/api.w.org\/{rel}","templated":true}]}}