{"id":63215,"date":"2023-02-27T11:27:05","date_gmt":"2023-02-27T17:27:05","guid":{"rendered":"https:\/\/redsemlac.com\/semmexico\/?p=63215"},"modified":"2023-02-27T11:27:08","modified_gmt":"2023-02-27T17:27:08","slug":"entresemana-no-querian-que-vinieramos","status":"publish","type":"post","link":"https:\/\/redsemlac.com\/semmexico\/entresemana-no-querian-que-vinieramos\/","title":{"rendered":"Entresemana| No quer\u00edan que vini\u00e9ramos\u2026"},"content":{"rendered":"\n<p class=\"wp-block-paragraph\">Mois\u00e9s S\u00e1nchez Lim\u00f3n<br>SemM\u00e9xico, Ciudad de M\u00e9xico, 27 de febrero del 2023.- \u00bfDe qu\u00e9 color es la democracia?<br>En M\u00e9xico, el \u00faltimo domingo de febrero de 2023 se pint\u00f3 de rosa y blanco y sus portadoras y portadores entonaron el Himno Nacional que enchin\u00f3 la piel y aneg\u00f3 miradas.<\/p>\n\n\n\n<p class=\"wp-block-paragraph\"><br>M\u00e1s si osare un extra\u00f1o enemigo\u2026<br>\u201cAqu\u00ed solo hay hombres y mujeres de conciencia libre, no tenemos miedo, no tenemos miedo a los desplantes autoritarios que intentan callarnos. No quer\u00edan que vini\u00e9ramos, pero aqu\u00ed estamos\u201d.<\/p>\n\n\n\n<p class=\"wp-block-paragraph\"><br>Refresc\u00f3 memoria Beatriz Pag\u00e9s con esa pretensi\u00f3n de boicotear la convocatoria, la perversa idea de azuzar a la jaur\u00eda para desestimular a la concentraci\u00f3n dominical en defensa del Instituto Nacional Electoral, de la democracia.<\/p>\n\n\n\n<p class=\"wp-block-paragraph\"><br>\u00a1Ah, la jaur\u00eda!<br>Como esa enorme manta azul con la foto de Genaro que por ah\u00ed de las nueve de la ma\u00f1ana se despleg\u00f3 en el edificio al poniente de la peana que es el Z\u00f3calo para descalificar al motivo de la convocatoria e hilar latrocinios con defensa del derecho ciudadano a votar y ser votado y votada.<\/p>\n\n\n\n<p class=\"wp-block-paragraph\"><br>Pero\u2026<br>\u201c(\u2026) no solo hemos querido llenar el Z\u00f3calo, venimos a ocupar respetuosa y temporalmente la Plaza de la Constituci\u00f3n\u201d, bord\u00f3 Jos\u00e9 Ram\u00f3n Coss\u00edo en esa historia que reci\u00e9n ha comenzado a escribirse en defensa de la imberbe democracia mexicana.<br>Sin nombres ni apellidos.<\/p>\n\n\n\n<p class=\"wp-block-paragraph\"><br>\u00bfPara qu\u00e9, primo hermano; para qu\u00e9?<br>-\u00bfY c\u00f3mo cu\u00e1ntos fueron a la concentraci\u00f3n en el Z\u00f3calo?<br>-Oficialmente como 90 mil.<br>-No, no, menos, como medio mill\u00f3n.<br>\u00a1Sopas!<br>S\u00ed, primo hermano, nom\u00e1s cuenta la gente que se embotell\u00f3 en 5 de mayo, 20 de noviembre, Venustiano Carranza, 5 de febrero, Madero y Tacuba\u2026<br>Y, bueno, usted reclamar\u00e1 con justa raz\u00f3n:<br>-\u00bfY las y los ciudadanos vestidos color democracia que se reunieron en m\u00e1s de un centenar de ciudades del interior del pa\u00eds y en el exterior, digamos en Espa\u00f1a, Ginebra, Chicago, Puebla, Monterrey, Chihuahua y Guadalajara?<br>S\u00ed, s\u00ed. Ah\u00ed desfilan temprano por Paseo de la Reforma y Avenida Ju\u00e1rez y colman el servicio del Metro que desparrama usuarias y usuarios en la estaci\u00f3n Bellas Artes porque cerraron Allende y el Z\u00f3calo.<br>Alegres, sonrientes, bromistas van ellas y ellos, j\u00f3venes, ni\u00f1as, ni\u00f1os, adultos\/as, se\u00f1oras y se\u00f1ores, ciudadanos y ciudadanas de eso que llaman tercera edad, rumbo al Z\u00f3calo. Y alzan el pu\u00f1o y corean \u201c\u00a1M\u00e9xico\u2026M\u00e9xico!\u201d, \u201c\u00a1El INE no se toca!\u201d, \u201c\u00a1Mi voto no se toca!\u201d.<br>Y no hay kilom\u00e9tricas filas de autobuses rentados ni transporte p\u00fablico pagado con el erario disfrazado de apoyo ciudadano.<br>Y no hay pase de lista ni acarreadores que se desga\u00f1itan en las concentraciones pol\u00edticas en busca de su clientela. \u00a1Ac\u00e1 los de la Gustavo! \u00a1Ac\u00e1 los de Neza y Chalco!<br>No, no hay presi\u00f3n ni oferta f\u00e1cil ni advertencia \u201csi no asistes te quitamos el apoyo de Bienestar\u201d.<br>Y las y los adultos mayores no esconden el rostro temerosos de perder el apoyo bimestral, porque caminan rumbo al Z\u00f3calo libres, por cuenta propia, por convicci\u00f3n, porque, \u00bfa poco no?, se les peg\u00f3 la gana ir a exigir lo exigible.<br>Sin nombres ni apellidos.<br>Pero\u2026<br>Ni tardos ni perezosos -reza el lugar com\u00fan- en las redes aparecen los oficiosos y los no tanto que descalifican a esta concentraci\u00f3n.<br>\u00bfPor qu\u00e9 el miedo?<br>La autoridad se ha quedado callada como momia -SAS dixit- y hasta evita adelantar n\u00fameros. Y polic\u00edas y elementos del H. Cuerpo de Bomberos pueden darse el lujo de bostezar porque no hay incidente que atender.<br>Bueno, al final un ciudadano que al parecer se infart\u00f3 pero fue atendido por diligentes servidores del ERUM. Y ya.<br>\u00a1Rec\u00f3rcholis, Kalim\u00e1n!<br>Las y los trabajadores del Departamento de Limpia del gobierno de la CDMX andan medio sorprendidos.<br>No hay basura en el Z\u00f3calo. Ser\u00e1 porque entre las y los asistentes corri\u00f3 mano en mano una bolsa para depositar basura y acataron aquella vieja convocatoria de educaci\u00f3n c\u00edvica: ponga la basura en su lugar.<br>S\u00ed, se\u00f1oras y se\u00f1ores, ayer domingo no hubo banda musical ni la presentaci\u00f3n de una o un cantante de moda, nada para atraer p\u00fablico, nada para llenar al Z\u00f3calo m\u00e1s que la convocatoria a defender a nuestra joven democracia.<br>\u00bfY qu\u00e9 ser\u00e1 del INE y del Tribunal Electoral del Poder Judicial de la Federaci\u00f3n y de quienes han hecho posible el recuento del voto en los \u00faltimos 26 a\u00f1os, desde que el PRI perdi\u00f3 hegemon\u00eda en el Congreso de la Uni\u00f3n y el PAN lleg\u00f3, primero y Morena despu\u00e9s, a la Presidencia de la Rep\u00fablica?<br>-\u00a1Buenos d\u00edas M\u00e9xico! \u00a1Seguimos en marcha! Este es un encuentro de alegr\u00eda y libertad, estamos aqu\u00ed en el coraz\u00f3n de la Rep\u00fablica para defender la democracia, para insistir una y mil veces m\u00e1s, el INE no se toca, nuestro voto no se roba, y para decir a quien nos quiera escuchar: estamos listas y listos para impedir un golpe a la instituci\u00f3n a nuestras libertades, enfatiza Beatriz Pag\u00e9s Rebollar, primera oradora, de dos, en la magna concentraci\u00f3n.<br>Y los miles de mexicanas y mexicanos a pie firme y bajo este sol de invierno que quema, alzan la voz, corean y en sus miradas brilla la alegr\u00eda, o aquello que el poeta podr\u00eda asumir como la esperanza.<br>Luego, Beatriz, Beatriz Pag\u00e9s quien poquito despu\u00e9s de las once de la ma\u00f1ana ya es v\u00edctima de la perversidad en las benditas redes sociales, dice la enorme verdad de ese gent\u00edo que colma la peana con \u00e1nimo de fiesta democr\u00e1tica:<br>\u201cNi el Z\u00f3calo ni el pa\u00eds es de un solo hombre. M\u00e9xico es de todas y todos o no es de nadie. Callar,<br>callar nos har\u00eda c\u00f3mplices de un crimen de Estado en contra de la democracia, de una reforma electoral maquinada para despedazar al INE y facilitar una ruta a una dictadura electoral.<br>\u201cSe utiliz\u00f3 al INE y se utiliz\u00f3 la democracia para llegar al poder, y hoy, hoy quieren matarlos para impedir la alternancia y no lo vamos a permitir\u201d.<br>Y estalla el aplauso y el rotundo \u201c\u00a1No!\u201d que secunda a la periodista que convoca: \u201cvayamos por cerrar la brecha social que ha profundizado el populismo demag\u00f3gico. Pongamos a las y los j\u00f3venes al frente de esta gran sala democr\u00e1tica\u201d.<br>Y el coro es una voz: \u201c\u00a1La ley es la ley! \u00a1La ley es la ley! \u00a1La ley es la ley!\u201d<br>\u00a1Vaya!, con estas y estos ciudadanos que se funden sin distingos de clases sociales y se sonr\u00eden y saludan como si fuesen conocidos de larga vecindad.<br>Sombrillas de papel y seda y polietileno y gorras de marca y clonadas y sombreros de hilo y de fieltro y otros que han librado batallas varias en concentraciones indistintas.<br>Z\u00f3calo color democracia, rosa y blanco.<br>Ciudadanas y ciudadanos reunidos en respaldo a las y los once ministros de la Sala Superior de la Suprema Corte de Justicia de la Naci\u00f3n para que, sin presiones, analicen y resuelvan las demandas de acci\u00f3n de inconstitucionalidad contra las seis leyes del llamado Plan B de reforma electoral aprobadas en el Congreso de la Uni\u00f3n e impulsadas por el Ejecutivo Federal.<br>Y en el estrado, el turno del ministro en situaci\u00f3n de retiro, Jos\u00e9 Ram\u00f3n Coss\u00edo D\u00edaz, descalificado e insultado para desprestigiarlo como due\u00f1o de esa voz que, vaya contraste, es libre por la palabra libre, parafraseando al doctor Belisario Dom\u00ednguez Palencia.<br>En el \u00ednterin, el moderador-animador Fernando Belauzar\u00e1n alude a un punto que es aplaudido por los asistentes:<br>\u201c(\u2026) por eso venimos aqu\u00ed a reforzar a las y los ministros, porque s\u00ed necesitamos la reconciliaci\u00f3n, s\u00ed necesitamos que las mexicanas y mexicanos nos veamos fraternamente a pesar de nuestras diferencias, porque vaya que tenemos problemas, pero esta reconciliaci\u00f3n requiere convivir y coexistir en la democracia, con reglas en las que aceptemos todas y todos, ah\u00ed sale el respeto y otra cosa el respeto a la Constituci\u00f3n que es el acuerdo fundamental. Por eso decimos que \u201cLa Corte tiene misi\u00f3n, respetar la Constituci\u00f3n\u201d.<br>\u00a1Ah! Y los refrescantes gritos estudiantiles en miles de gargantas de todas las edades:<br>\u201c\u00a1Goya, goya!, \u00a1Cach\u00fan cach\u00fan!, \u00a1ra ra!, \u00a1Goya!, \u00a1Universidad!\u201d<br>\u201c\u00a1Hu\u00e9lum, Hu\u00e9lum! \u00a1Gloria! A la cachi cachi porra; a la cachi cachi porra; pim pom porra; pim pom<br>porra, Polit\u00e9cnico, Polit\u00e9cnico \u00a1Gloria!\u201d<br>Sin nombres y apellidos\u2026<br>Y es que, recuerdan los que saben de estos menesteres, lo dicho, el 29 de septiembre de 2020, por un alto personaje:<br>\u201cEn la primera manifestaci\u00f3n de 100 mil personas en mi contra me voy a Palenque, Chiapas, Ni siquiera espero la revocaci\u00f3n de mandato. Ah\u00ed nos vemos porque tengo principios e ideales\u201d.<br>Bueno, bueno, disculpe usted, pero como dir\u00eda mi amigo, el se\u00f1or Eduardo Arvizu: un dato. Y es de m\u00ed tambi\u00e9n amigo y respetado colega Roberto Vizca\u00edno, quien recuerda que el primer opositor que llen\u00f3 el Z\u00f3calo fue Cuauht\u00e9moc C\u00e1rdenas.<br>Era 1988 y M\u00e9xico otear\u00eda poco despu\u00e9s al nacimiento del entonces IFE al que luego acompa\u00f1ar\u00eda el Tribunal Electoral del Poder Judicial de la Federaci\u00f3n. Santiago Creel sabe harto de esta historia.<br>Pero\u2026<br>Jos\u00e9 Ram\u00f3n Coss\u00edo D\u00edaz, ministro de la Corte en retiro, al bate. Y batea de hit al central field:<br>\u201cRechazamos las calificaciones que quieren imponernos a quienes pensamos distinto y solo por ello. A quienes consideramos que las recientes reformas a las leyes electorales quieren controlar las pr\u00f3ximas elecciones\u201d.<br>\u201c(\u2026) Quienes estamos en la Ciudad de M\u00e9xico no solo hemos querido llenar el Z\u00f3calo, repito, venimos a ocupar la Plaza de la Constituci\u00f3n; el espacio f\u00edsico que alude a la estructura jur\u00eddica que reconoce nuestra pluralidad pol\u00edtica y nuestra composici\u00f3n pluri\u00e9tnica, nuestros derechos humanos como proyectos de vida a realizar, la diversidad de nuestras regiones y nuestra gente, los frenos y los contrapesos para quienes temporalmente ocupan el poder temporalmente, tambi\u00e9n a nuestro sistema democr\u00e1tico\u201d.<br>\u201cLos procesos electorales previstos en la Constituci\u00f3n son la \u00fanica manera de elegir y de renovar pac\u00edficamente todo lo que aspiramos a ser, conforme a ese texto supremo delegamos parte de nuestro poder soberano en representantes electos peri\u00f3dicamente\u201d.<br>Y advierte:<br>\u201cSi estos procesos, los electorales no se realizan debidamente, una persona puede asumir, puede creer que su proyecto de Gobierno puede sernos impuesto sin importar lo que pensemos\u201d.<br>Luego puntualiza, sin nombres ni apellidos, \u201cel Presidente ha dicho que si las y los ministros declaran la inconstitucionalidad de las reformas, ser\u00e1n aliadas y aliados de los m\u00e1s privilegiados de nuestra poblaci\u00f3n\u201d, y esto no es as\u00ed.<br>\u201cLos ministros y ministras podr\u00edan ser tenidos como defensores de los privilegios solo si debilitan a las instituciones electorales para que los poderes f\u00e1cticos, la delincuencia organizada incluida, puedan determinar el rumbo de las elecciones y la conformaci\u00f3n de nuestros representantes populares\u201d.<br>Y el aplauso estalla nuevamente. Los asistentes a la concentraci\u00f3n atienden y entienden los mensajes.<br>Por eso la relevancia de la cita de Coss\u00edo D\u00edaz por cuanto a que, \u201cen las pr\u00f3ximas semanas, los se\u00f1ores y las se\u00f1oras ministras, tendr\u00e1n la oportunidad de demostrarse y de demostrarnos si los calificativos presidenciales tienen o no fundamento\u201d.<br>Y deja en el ambiente un mensaje refrescante para nuestra democracia adolescente:<br>\u201c(\u2026) Estoy seguro de que las y los ministros considerar\u00e1n que las irregularidades en los procesos legislativos tienen un serio potencial invalidatorio\u201d.<br>Porque, acota, \u201chasta ahora, ministras y ministros solo han escuchado las palabras ofensivas del Presidente y de sus seguidores\/as, quienes estamos aqu\u00ed queremos hablarles con otro lenguaje, con el lenguaje de la confianza y el respeto que corresponde a las y los dem\u00f3cratas\u201d.<br>En el corolario, la voz del ministro en retiro se une a la de cientos de miles de ciudadanas y ciudadanos que fueron al Z\u00f3calo por convicci\u00f3n y voluntad propia: \u201cMi voto no se toca\u201d.<br>Y la r\u00fabrica con cientos de miles de gargantas que entonan el Himno Nacional. Se enchina la piel con patriotismo puro patriotismo. No quer\u00edan que vini\u00e9ramos. Digo.<br>Como me lo platicaron<br>Para investigar denuncias de corrupci\u00f3n y sentencias basadas en falsos testimonios, el Poder Judicial de Veracruz separ\u00f3 de su cargo al juez Florencio Hern\u00e1ndez Espinoza, perteneciente al Sistema Penal Acusatorio con sede en Coatzacoalcos.<br>Entre otras irregularidades, Hern\u00e1ndez Espinoza sentenci\u00f3 a 70 a\u00f1os de prisi\u00f3n por el delito de feminicidio a la joven ingeniera petrolera de Minatitl\u00e1n, Andrea Aguilar Jara, basado en el testimonio de una testigo que \u201cla reconoci\u00f3\u201d como la mujer que ayudaba a cargar un cad\u00e1ver en una zona oscura, alrededor de las 11 de la noche y a quien hab\u00eda visto \u201cde espaldas\u201d. As\u00ed las cosas con este juzgador. Disculpe usted el exceso, pero se vale abusar del espacio. Conste.<br>sanchezlimon@gmail.com www.entresemana.mx @sanchezlimon1<\/p>\n","protected":false},"excerpt":{"rendered":"<p>\u00bfDe qu\u00e9 color es la democracia?<br \/>\nEn M\u00e9xico, el \u00faltimo domingo de febrero de 2023 se pint\u00f3 de rosa y blanco y sus portadoras y portadores entonaron el Himno Nacional que enchin\u00f3 la piel y aneg\u00f3 miradas.<\/p>\n","protected":false},"author":3,"featured_media":41799,"comment_status":"open","ping_status":"open","sticky":false,"template":"","format":"standard","meta":{"_monsterinsights_skip_tracking":false,"footnotes":""},"categories":[105,83,35],"tags":[],"class_list":["post-63215","post","type-post","status-publish","format-standard","has-post-thumbnail","category-entresemana","category-moises-sanchez-limon","category-opinion"],"_links":{"self":[{"href":"https:\/\/redsemlac.com\/semmexico\/wp-json\/wp\/v2\/posts\/63215","targetHints":{"allow":["GET"]}}],"collection":[{"href":"https:\/\/redsemlac.com\/semmexico\/wp-json\/wp\/v2\/posts"}],"about":[{"href":"https:\/\/redsemlac.com\/semmexico\/wp-json\/wp\/v2\/types\/post"}],"author":[{"embeddable":true,"href":"https:\/\/redsemlac.com\/semmexico\/wp-json\/wp\/v2\/users\/3"}],"replies":[{"embeddable":true,"href":"https:\/\/redsemlac.com\/semmexico\/wp-json\/wp\/v2\/comments?post=63215"}],"version-history":[{"count":0,"href":"https:\/\/redsemlac.com\/semmexico\/wp-json\/wp\/v2\/posts\/63215\/revisions"}],"wp:featuredmedia":[{"embeddable":true,"href":"https:\/\/redsemlac.com\/semmexico\/wp-json\/wp\/v2\/media\/41799"}],"wp:attachment":[{"href":"https:\/\/redsemlac.com\/semmexico\/wp-json\/wp\/v2\/media?parent=63215"}],"wp:term":[{"taxonomy":"category","embeddable":true,"href":"https:\/\/redsemlac.com\/semmexico\/wp-json\/wp\/v2\/categories?post=63215"},{"taxonomy":"post_tag","embeddable":true,"href":"https:\/\/redsemlac.com\/semmexico\/wp-json\/wp\/v2\/tags?post=63215"}],"curies":[{"name":"wp","href":"https:\/\/api.w.org\/{rel}","templated":true}]}}