{"id":63213,"date":"2023-02-27T09:31:13","date_gmt":"2023-02-27T15:31:13","guid":{"rendered":"https:\/\/redsemlac.com\/semmexico\/?p=63213"},"modified":"2023-02-27T09:31:15","modified_gmt":"2023-02-27T15:31:15","slug":"porque-asi-lo-pienso-hacia-un-8-de-marzo-electoral","status":"publish","type":"post","link":"https:\/\/redsemlac.com\/semmexico\/porque-asi-lo-pienso-hacia-un-8-de-marzo-electoral\/","title":{"rendered":"\u00a1Porque as\u00ed lo pienso!| Hacia un 8 de marzo electoral"},"content":{"rendered":"\n<p class=\"wp-block-paragraph\"><strong>Teresa Moll\u00e1 Castells<\/strong><\/p>\n\n\n\n<p class=\"wp-block-paragraph\">SemM\u00e9xico, Ontinyent, Valencia, 27 de febrero del 2023.- Cuando escribo estas letras la llamada \u201cley trans\u201d, reci\u00e9n aprobada por las Cortes Generales del Estado Espa\u00f1ol, todav\u00eda no ha sido publicada en el BOE, pero la traici\u00f3n a las mujeres y ni\u00f1as ya se ha perpetrado.<\/p>\n\n\n\n<p class=\"wp-block-paragraph\">Y es triste comprobar c\u00f3mo la utilizaci\u00f3n interesada del Ministerio de Igualdad para fines para los que no fue creado, ha tenido y tendr\u00e1 consecuencias terribles justamente para quienes m\u00e1s deb\u00eda proteger: mujeres y ni\u00f1as.<\/p>\n\n\n\n<p class=\"wp-block-paragraph\">No solo se ha apartado totalmente de la hist\u00f3rica agenda feminista, es que se ha dedicado a propagar una teor\u00eda mis\u00f3gina que refuerza los roles opresores para m\u00e1s de la mitad de la poblaci\u00f3n.<\/p>\n\n\n\n<p class=\"wp-block-paragraph\">Se ha dedicado a \u201celevar a los altares\u201d una teor\u00eda pseudocient\u00edfica y lesiva para los avances de las mujeres, poniendo en riesgo no solo los espacios de seguridad conseguidos a lo largo de los a\u00f1os y por la lucha feminista, tambi\u00e9n los avances actuales.<\/p>\n\n\n\n<p class=\"wp-block-paragraph\">Con una ley ordinaria han puesto en jaque leyes org\u00e1nicas como la de igualdad efectiva entre mujeres y hombres o la de protecci\u00f3n integral contra la violencia de g\u00e9nero. Y, aunque pueda parecer exagerado, nos han convertido a las mujeres activistas del feminismo radical tradicional en verdaderas disidentes y nos tratan (y nos tratar\u00e1n si no lo impedimos) como verdaderas apestadas.<\/p>\n\n\n\n<p class=\"wp-block-paragraph\">Se ha cambiado el t\u00e9rmino que utilizaban y siguen utilizando los machirulos de \u201cfeminazi\u201d por el de \u201cterfas\u201d facilitando as\u00ed el trabajo al patriarcado de forma alarmante y peligrosa.<\/p>\n\n\n\n<p class=\"wp-block-paragraph\">Hablan de propuestas feministas cuando en realidad est\u00e1n haciendo propuestas y leyes que son de todo menos feministas. Porque el feminismo busca la igualdad real y efectiva entre mujeres y hombres. Y, adem\u00e1s, es universalista, mientras que las pol\u00edticas propugnadas por el equipo del Ministerio de Igualdad se han dedicado a legislar para que los deseos personales tengan prevalencia sobre lo universal, solidario y cooperativo.<\/p>\n\n\n\n<p class=\"wp-block-paragraph\">No voy a entrar en detalles sobre sus leyes aprobadas, pero de lo que estoy segura es que son de todo menos feministas.<\/p>\n\n\n\n<p class=\"wp-block-paragraph\">Esta pseudoizquierda que ven\u00eda a cambiar la pol\u00edtica, al final lo que ha conseguido es cambiarla, pero no para mejor. Dicen estar a la izquierda del PSOE que ya sabemos que es una \u201cizquierda\u201d bastante descafeinada, pero en realidad son zorras (en su sentido literal de animales) disfrazadas de corderas que buscan la apropiaci\u00f3n simb\u00f3lica del espacio conquistado por el feminismo, para llevar a cabo sus desprop\u00f3sitos para con las mujeres y las ni\u00f1as. &nbsp;<\/p>\n\n\n\n<p class=\"wp-block-paragraph\">Se acercan las elecciones municipales, auton\u00f3micas y generales y el poder del voto de las mujeres puede ser muy decisivo. No olvidemos el lema de \u201cFeminismo no vota traidores\u201d y que yo pienso seguir a pies juntillas, pese a que en el fondo de mi coraz\u00f3n siento un profundo dolor por la traici\u00f3n que siento en mis propias carnes por parte de quienes he considerado desde siempre que eran \u201cmi gente\u201d.<\/p>\n\n\n\n<p class=\"wp-block-paragraph\">Tambi\u00e9n se acerca un 8 de marzo que se prev\u00e9 calentito en sus movilizaciones por la hist\u00f3rica agenda feminista que han olvidado las dirigentes del posmodernismo de la pseudoizquierda de brilli, brilli a quien le resulta inc\u00f3modo que le recuerden que el sexo biol\u00f3gico con el que se nace es la base de todas las desigualdades que sufrimos las mujeres por ser mujeres y que son la base de esa agenda feminista que ellas han abandonado.<\/p>\n\n\n\n<p class=\"wp-block-paragraph\">Al abandonarlo se han puesto del lado del capitalismo m\u00e1s salvaje encarnado por los grupos de presi\u00f3n tanto m\u00e9dicos como farmac\u00e9uticos dedicados a tratar de por vida a criaturas sanas a las que por su simple deseo van a convertir en pacientes cr\u00f3nicos vitales. Eso s\u00ed de la mano de la sanidad p\u00fablica.<\/p>\n\n\n\n<p class=\"wp-block-paragraph\">Una sanidad p\u00fablica saturada y sin suficientes profesionales de atenci\u00f3n primaria que, adem\u00e1s carecen de formaci\u00f3n e informaci\u00f3n suficiente para afrontas estas situaciones inveros\u00edmiles que han generado este equipo que se ha negado a atender las reivindicaciones de expertas y expertos en la elaboraci\u00f3n de esta nefasta ley.<\/p>\n\n\n\n<p class=\"wp-block-paragraph\">En este 8 de marzo, quiz\u00e1s m\u00e1s que nunca, sea necesaria la reivindicaci\u00f3n de la agenda feminista y salir a las calles y clamar por la recuperaci\u00f3n de nuestras pretensiones, las del feminismo radical, que pasan por una igualdad real entre hombres y mujeres que pasa por la abolici\u00f3n de la prostituci\u00f3n, de los vientres de alquiler, de la pornograf\u00eda y, sobre todo, la abolici\u00f3n del g\u00e9nero que nos oprime incluso antes del nacimiento.<\/p>\n\n\n\n<p class=\"wp-block-paragraph\">\u00a1Por un 8 de marzo feminista m\u00e1s radical (de ra\u00edz) que condicione las elecciones Porque el feminismo no vota traidores!<\/p>\n\n\n\n<p class=\"wp-block-paragraph\"><a href=\"mailto:tmolla@telefonica.net\">tmolla@telefonica.net<\/a><\/p>\n","protected":false},"excerpt":{"rendered":"<p>Cuando escribo estas letras la llamada \u201cley trans\u201d, reci\u00e9n aprobada por las Cortes Generales del Estado Espa\u00f1ol, todav\u00eda no ha sido publicada en el BOE, pero la traici\u00f3n a las mujeres y ni\u00f1as ya se ha perpetrado.<\/p>\n","protected":false},"author":3,"featured_media":58220,"comment_status":"open","ping_status":"open","sticky":false,"template":"","format":"standard","meta":{"_monsterinsights_skip_tracking":false,"footnotes":""},"categories":[35,673],"tags":[],"class_list":["post-63213","post","type-post","status-publish","format-standard","has-post-thumbnail","category-opinion","category-teresa-molla"],"_links":{"self":[{"href":"https:\/\/redsemlac.com\/semmexico\/wp-json\/wp\/v2\/posts\/63213","targetHints":{"allow":["GET"]}}],"collection":[{"href":"https:\/\/redsemlac.com\/semmexico\/wp-json\/wp\/v2\/posts"}],"about":[{"href":"https:\/\/redsemlac.com\/semmexico\/wp-json\/wp\/v2\/types\/post"}],"author":[{"embeddable":true,"href":"https:\/\/redsemlac.com\/semmexico\/wp-json\/wp\/v2\/users\/3"}],"replies":[{"embeddable":true,"href":"https:\/\/redsemlac.com\/semmexico\/wp-json\/wp\/v2\/comments?post=63213"}],"version-history":[{"count":0,"href":"https:\/\/redsemlac.com\/semmexico\/wp-json\/wp\/v2\/posts\/63213\/revisions"}],"wp:featuredmedia":[{"embeddable":true,"href":"https:\/\/redsemlac.com\/semmexico\/wp-json\/wp\/v2\/media\/58220"}],"wp:attachment":[{"href":"https:\/\/redsemlac.com\/semmexico\/wp-json\/wp\/v2\/media?parent=63213"}],"wp:term":[{"taxonomy":"category","embeddable":true,"href":"https:\/\/redsemlac.com\/semmexico\/wp-json\/wp\/v2\/categories?post=63213"},{"taxonomy":"post_tag","embeddable":true,"href":"https:\/\/redsemlac.com\/semmexico\/wp-json\/wp\/v2\/tags?post=63213"}],"curies":[{"name":"wp","href":"https:\/\/api.w.org\/{rel}","templated":true}]}}