{"id":63209,"date":"2023-02-27T09:00:51","date_gmt":"2023-02-27T15:00:51","guid":{"rendered":"https:\/\/redsemlac.com\/semmexico\/?p=63209"},"modified":"2023-02-27T09:00:53","modified_gmt":"2023-02-27T15:00:53","slug":"violeta-del-anahuac-rosalino-niman-timota-nokni","status":"publish","type":"post","link":"https:\/\/redsemlac.com\/semmexico\/violeta-del-anahuac-rosalino-niman-timota-nokni\/","title":{"rendered":"Violeta del An\u00e1huac| \u201cRosalino niman timota nokni\u201d"},"content":{"rendered":"\n<p class=\"wp-block-paragraph\"><strong>Isabel Ortega Morales<\/strong><\/p>\n\n\n\n<p class=\"wp-block-paragraph\">SemM\u00e9xico, Chilpancingo, Guerrero, 27 de febrero del 2023.- Los acordes de la marcha f\u00fanebre que surge de la banda de m\u00fasica acompa\u00f1an el f\u00e9retro de mi amigo Rosalino Leyva Rosines en su salida de la Iglesia de Copanatoyac rumbo al cementerio de su amada tierra nahuatlaca de esta regi\u00f3n de la monta\u00f1a.<\/p>\n\n\n\n<p class=\"wp-block-paragraph\">Miro el rostro de Rosalino que parece dormir, en el sue\u00f1o que lo envolvi\u00f3 la noche de este s\u00e1bado cuando se fue a recostar, pidi\u00f3 apagaran la luz y cuando fueron a decirle que fuera a cenar su aliento ya no estaba en este plano.<\/p>\n\n\n\n<p class=\"wp-block-paragraph\">Me enter\u00e9 el domingo, cuando su recuerdo me lleg\u00f3 golpeando insistentemente mi mente y llam\u00e9 a su n\u00famero para preguntarle como segu\u00eda tras su operaci\u00f3n, y me contest\u00f3 su nieta Liz para decirme que su \u201cpap\u00e1 Lino\u201d hab\u00eda partido.<\/p>\n\n\n\n<p class=\"wp-block-paragraph\">Rosalino, viajaba desde Copanatoyac hasta Chilpancingo para hacer las traducciones en lengua N\u00e1huatl para el Noticiero AL SUR, el Primer Noticiero en Cadena Estatal que se transmiti\u00f3 en el estado de Guerrero, que yo coordinaba, con las voces de Miguel A. Castorena y Paty Potzin, el primero en incorporar lenguas ind\u00edgenas en su cuerpo informativo.<\/p>\n\n\n\n<p class=\"wp-block-paragraph\">Fuimos los primeros en transmitir, en 1980, informaci\u00f3n a la poblaci\u00f3n ind\u00edgena en su lengua materna, en un proyecto que apoy\u00f3 ampliamente el entonces gobernador Alejandro Cervantes Delgado y Jes\u00fas Ter\u00e1n Perezvargas, director de Comunicaci\u00f3n Social. Incluso, el \u00faltimo informe de gobierno de Cervantes lo llevamos a la traducci\u00f3n simult\u00e1nea en las cuatro lenguas originarias, que para la comunicaci\u00f3n de ese momento requiri\u00f3 un gran trabajo previo con la participaci\u00f3n de la red de telefon\u00eda rural con el Capit\u00e1n Corona.<\/p>\n\n\n\n<p class=\"wp-block-paragraph\">Rosalino en n\u00e1huatl, Doroteo en Tlapaneco, Paulino en Mixteco, Chade en Amuzgo. Era un proyecto radiof\u00f3nico serio, como don Alejandro Cervantes Delgado con quien recorrimos el estado y lo vimos genuinamente comprometido con la poblaci\u00f3n, sin poses, dando resultados con programas que resolv\u00edan.<\/p>\n\n\n\n<p class=\"wp-block-paragraph\">En el \u00faltimo informe, en la salutaci\u00f3n en Casa Guerrero, acudimos. Le entregamos el testimonio del trabajo. Felicit\u00f3 que se pudiera informar en lenguas originarias, que se respetara su derecho a saber qu\u00e9 se hac\u00eda en el gobierno.<\/p>\n\n\n\n<p class=\"wp-block-paragraph\">Al t\u00e9rmino del gobierno de Alejandro Cervantes Delgado se borr\u00f3 ese proyecto y Rosalino volvi\u00f3 de lleno a la monta\u00f1a, donde nos encontramos y saludamos con el mismo respeto, cari\u00f1o y reconocimiento, con el di\u00e1logo de la experiencia de enlazar con recursos comunicacionales hoy vistos como rudimentarios, y que sin embargo, fueron efectivos.<\/p>\n\n\n\n<p class=\"wp-block-paragraph\">Rosalino fue un caballero atento, siempre conciliador que mantuvo unida a su familia en diversos proyectos, como su panader\u00eda donde tarde con tarde sorprend\u00eda con pan delicioso, mientras do\u00f1a Eleu, su esposa, lograba deliciosos tamales, como el de frijol dulce que cuando me prepar\u00f3 no daba cr\u00e9dito a lo delicioso de su sabor. Adem\u00e1s era un cronista fant\u00e1stico y un leal servidor p\u00fablico.<\/p>\n\n\n\n<p class=\"wp-block-paragraph\">Mi amigo ha partido. Su sonrisa y atenci\u00f3n, como hace 40 a\u00f1os, reales, no fingidos, me acompa\u00f1an mientras se cierra su caja y sale para recorrer el \u00faltimo camino terrenal acompa\u00f1ado de flores, de copal, de velas y los acordes tristes de la banda. Me despido, \u00e9l sale rumbo al cementerio y yo, hacia Tlapa. Hasta luego querido amigo. Gracias por tu amistad y cari\u00f1o Niman timota nokni Rosalino pan ne tlaltikpaktli kampa kajki tptajsin.<\/p>\n","protected":false},"excerpt":{"rendered":"<p>Los acordes de la marcha f\u00fanebre que surge de la banda de m\u00fasica acompa\u00f1an el f\u00e9retro de mi amigo Rosalino Leyva Rosines en su salida de la Iglesia de Copanatoyac rumbo al cementerio de su amada tierra nahuatlaca de esta regi\u00f3n de la monta\u00f1a.<\/p>\n","protected":false},"author":3,"featured_media":38368,"comment_status":"open","ping_status":"open","sticky":false,"template":"","format":"standard","meta":{"_monsterinsights_skip_tracking":false,"footnotes":""},"categories":[198,35,197],"tags":[],"class_list":["post-63209","post","type-post","status-publish","format-standard","has-post-thumbnail","category-isabel-ortega-morales","category-opinion","category-violeta-del-anahuac"],"_links":{"self":[{"href":"https:\/\/redsemlac.com\/semmexico\/wp-json\/wp\/v2\/posts\/63209","targetHints":{"allow":["GET"]}}],"collection":[{"href":"https:\/\/redsemlac.com\/semmexico\/wp-json\/wp\/v2\/posts"}],"about":[{"href":"https:\/\/redsemlac.com\/semmexico\/wp-json\/wp\/v2\/types\/post"}],"author":[{"embeddable":true,"href":"https:\/\/redsemlac.com\/semmexico\/wp-json\/wp\/v2\/users\/3"}],"replies":[{"embeddable":true,"href":"https:\/\/redsemlac.com\/semmexico\/wp-json\/wp\/v2\/comments?post=63209"}],"version-history":[{"count":0,"href":"https:\/\/redsemlac.com\/semmexico\/wp-json\/wp\/v2\/posts\/63209\/revisions"}],"wp:featuredmedia":[{"embeddable":true,"href":"https:\/\/redsemlac.com\/semmexico\/wp-json\/wp\/v2\/media\/38368"}],"wp:attachment":[{"href":"https:\/\/redsemlac.com\/semmexico\/wp-json\/wp\/v2\/media?parent=63209"}],"wp:term":[{"taxonomy":"category","embeddable":true,"href":"https:\/\/redsemlac.com\/semmexico\/wp-json\/wp\/v2\/categories?post=63209"},{"taxonomy":"post_tag","embeddable":true,"href":"https:\/\/redsemlac.com\/semmexico\/wp-json\/wp\/v2\/tags?post=63209"}],"curies":[{"name":"wp","href":"https:\/\/api.w.org\/{rel}","templated":true}]}}