{"id":6319,"date":"2019-04-17T00:56:45","date_gmt":"2019-04-17T00:56:45","guid":{"rendered":"https:\/\/redsemlac.com\/semmexico\/?p=6319"},"modified":"2023-07-21T14:48:10","modified_gmt":"2023-07-21T19:48:10","slug":"mujer-y-poder-2","status":"publish","type":"post","link":"https:\/\/redsemlac.com\/semmexico\/mujer-y-poder-2\/","title":{"rendered":"Mujer y Poder"},"content":{"rendered":"\n<p class=\"wp-block-paragraph\">Contra la Reforma Educativa<\/p>\n\n\n\n<h5 class=\"wp-block-heading\"> Decreto\/Memor\u00e1ndum de AMLO<\/h5>\n\n\n\n<p class=\"wp-block-paragraph\"><a href=\"https:\/\/semmexico.com\/gallery-post.php?id=7908#\">Natalia Vidales<\/a><\/p>\n\n\n\n<p class=\"wp-block-paragraph\">SemM\u00e9xico. Sonora. 17 de abril de 2019.- De nuevo la&nbsp;<em>Confederaci\u00f3n Patronal Mexicana (COPARMEX<\/em>)&nbsp; se manifiesta, contundente, contra otra de las acciones indebidas del presidente Andr\u00e9s Manuel L\u00f3pez Obrador: la cancelaci\u00f3n de la Reforma Educativa.<\/p>\n\n\n\n<p class=\"wp-block-paragraph\">A trav\u00e9s de un comunicado que envi\u00f3 ayer a los medios de comunicaci\u00f3n y a la opini\u00f3n p\u00fablica, el organismo lamenta el anuncio realizado &nbsp;por el Presidente de la Rep\u00fablica y lo que consideran cesi\u00f3n a las presiones de un sector del sindicato de maestros dejando de lado \u00a8el inter\u00e9s de la sociedad en su conjunto para mejorar su sistema educativo y con ello, brindar mayores oportunidades de movilidad social y desarrollo a la poblaci\u00f3n\u00a8.<\/p>\n\n\n\n<p class=\"wp-block-paragraph\">De nada sirvieron los esfuerzos y los an\u00e1lisis realizados para que se aprobara, en el sexenio anterior, una reforma con un claro mejoramiento educativo, comentan.&nbsp; Todo se va, por capricho, a la basura.&nbsp; El dictamen logrado -\u00a8equilibrado que armonizaba la iniciativa presentada por el Presidente con las recomendaciones puntuales realizadas por expertos y representantes de la sociedad\u00a8- &nbsp;ha quedado en el pasado.<\/p>\n\n\n\n<p class=\"wp-block-paragraph\">Mucha raz\u00f3n tiene COPARMEX cuando argumenta los derechos profesionales clave que se hab\u00edan acordado en la Reforma que a base de consenso y buena disposici\u00f3n pudo aprobarse: el derecho a la formaci\u00f3n, capacitaci\u00f3n y actualizaci\u00f3n de los maestros, retroalimentado con evaluaciones diagn\u00f3sticas, el derecho de ser admitidos a la carrera magisterial sobre la que tiene rector\u00eda el Gobierno Federal a trav\u00e9s de procesos imparciales; el derecho a lograr promociones a trav\u00e9s de mecanismos p\u00fablicos, imparciales y de igual oportunidad; y que los reconocimientos tengan esas mismas caracter\u00edsticas de imparcialidad y m\u00e9rito objetivo, no de clientelismo, chantaje, compra, herencia o favores pol\u00edticos.<\/p>\n\n\n\n<p class=\"wp-block-paragraph\">Hoy, todos esos avances se est\u00e1n dejando de lado para atender las demandas del sindicato &nbsp;\u2013como bien lo se\u00f1alan en su comunicado-, sin importar el da\u00f1o que se causar\u00e1 en las aulas a los ni\u00f1os que, de nuevo, recibir\u00e1n una educaci\u00f3n mediocre, injusta para ellos y para nuestro pa\u00eds.<\/p>\n\n\n\n<p class=\"wp-block-paragraph\">El presidente Andr\u00e9s Manuel L\u00f3pez Obrador ha demostrado, una vez m\u00e1s, el poco respeto que tiene a la Constituci\u00f3n que jur\u00f3 cumplir. En este caso, realizando actos de autoridad no s\u00f3lo infundados sino de agravio a la poblaci\u00f3n educativa y cambiando de nombre a su decreto para convertirlo en memor\u00e1ndum (como si fuera una cosa menor de la oficina), pero es lo mismo: su orden de derogar la Reforma Educativa de manera autoritaria como desafortunadamente le gusta hacer las cosas.<\/p>\n\n\n\n<p class=\"wp-block-paragraph\">De seguro \u00e9l \u2013hoy en su conferencia ma\u00f1anera-&nbsp; responder\u00e1 a la postura de COPARMEX \u2013y de quienes &nbsp;est\u00e1n ya protestando en contra de su decreto-, como lo ha venido haciendo con quienes se manifiestan en contra de su voluntad: con agravios y descalificaciones que se enfocar\u00e1n, &nbsp;en esta ocasi\u00f3n, al organismo empresarial. S\u00ed, a esa organizaci\u00f3n que a trav\u00e9s de los a\u00f1os se ha ganado el respeto de la poblaci\u00f3n y del gremio que representa por la actuaci\u00f3n responsable de sus miembros hacia el sector laboral.<\/p>\n\n\n\n<p class=\"wp-block-paragraph\">Nosotras, por nuestra parte, aplaudimos la pronta respuesta de COPARMEX a este nuevo agravio del presidente para con sus gobernados ya que consideramos que levantando la voz es como podr\u00e1n despertarse conciencias y servir de contrapeso a los excesos del poder \u2013m\u00e1s que claros.&nbsp;<\/p>\n\n\n\n<p class=\"wp-block-paragraph\">El apoyo extraordinario que L\u00f3pez Obrador tuvo en las urnas ir\u00e1 menguando y \u00e9l mismo, en el futuro, pagar\u00e1 las consecuencias de sus actos y de las actitudes impropias de un buen gobernante.<\/p>\n\n\n\n<p class=\"wp-block-paragraph\">Mientras ese d\u00eda llega, los ciudadanos deberemos estar en alerta y exigir que quien est\u00e9 al frente de un sal\u00f3n de clases sea una persona capacitada para ello, tanto en lo acad\u00e9mico como en lo moral. Exigir que as\u00ed sea y si no lo es, denunciarlo en p\u00fablico.<\/p>\n\n\n\n<p class=\"wp-block-paragraph\">El gobierno no atender\u00e1 ese aspecto as\u00ed que, ni modo: por lo pronto toca a los padres de familia&nbsp; hacerlo. Por el bien de sus hijos\u2026 y de nuestra sociedad.<\/p>\n\n\n\n<p class=\"wp-block-paragraph\">La educaci\u00f3n integral, de excelencia, es lo que puede salvar a M\u00e9xico del camino al precipicio al que vamos por la falta de una buena conducci\u00f3n gubernamental.&nbsp;&nbsp;&nbsp; Lamentablemente.<\/p>\n","protected":false},"excerpt":{"rendered":"<p>Contra la Reforma Educativa Decreto\/Memor\u00e1ndum de AMLO Natalia Vidales SemM\u00e9xico. Sonora. 17 de abril de 2019.- De nuevo la&nbsp;Confederaci\u00f3n Patronal Mexicana (COPARMEX)&nbsp; se manifiesta, contundente, contra otra de las acciones indebidas del presidente Andr\u00e9s Manuel L\u00f3pez Obrador: la cancelaci\u00f3n de la Reforma Educativa. A trav\u00e9s de un comunicado que envi\u00f3 ayer a los medios de [&hellip;]<\/p>\n","protected":false},"author":3,"featured_media":6320,"comment_status":"open","ping_status":"open","sticky":false,"template":"","format":"standard","meta":{"_monsterinsights_skip_tracking":false,"footnotes":""},"categories":[690,100,72],"tags":[],"class_list":["post-6319","post","type-post","status-publish","format-standard","has-post-thumbnail","category-690","category-mujer-y-poder","category-natalia-vidales"],"_links":{"self":[{"href":"https:\/\/redsemlac.com\/semmexico\/wp-json\/wp\/v2\/posts\/6319","targetHints":{"allow":["GET"]}}],"collection":[{"href":"https:\/\/redsemlac.com\/semmexico\/wp-json\/wp\/v2\/posts"}],"about":[{"href":"https:\/\/redsemlac.com\/semmexico\/wp-json\/wp\/v2\/types\/post"}],"author":[{"embeddable":true,"href":"https:\/\/redsemlac.com\/semmexico\/wp-json\/wp\/v2\/users\/3"}],"replies":[{"embeddable":true,"href":"https:\/\/redsemlac.com\/semmexico\/wp-json\/wp\/v2\/comments?post=6319"}],"version-history":[{"count":0,"href":"https:\/\/redsemlac.com\/semmexico\/wp-json\/wp\/v2\/posts\/6319\/revisions"}],"wp:featuredmedia":[{"embeddable":true,"href":"https:\/\/redsemlac.com\/semmexico\/wp-json\/wp\/v2\/media\/6320"}],"wp:attachment":[{"href":"https:\/\/redsemlac.com\/semmexico\/wp-json\/wp\/v2\/media?parent=6319"}],"wp:term":[{"taxonomy":"category","embeddable":true,"href":"https:\/\/redsemlac.com\/semmexico\/wp-json\/wp\/v2\/categories?post=6319"},{"taxonomy":"post_tag","embeddable":true,"href":"https:\/\/redsemlac.com\/semmexico\/wp-json\/wp\/v2\/tags?post=6319"}],"curies":[{"name":"wp","href":"https:\/\/api.w.org\/{rel}","templated":true}]}}