{"id":63148,"date":"2023-02-26T12:32:33","date_gmt":"2023-02-26T18:32:33","guid":{"rendered":"https:\/\/redsemlac.com\/semmexico\/?p=63148"},"modified":"2023-02-26T12:33:18","modified_gmt":"2023-02-26T18:33:18","slug":"visionarias-sin-liderazgo-y-vision-no-hay-business","status":"publish","type":"post","link":"https:\/\/redsemlac.com\/semmexico\/visionarias-sin-liderazgo-y-vision-no-hay-business\/","title":{"rendered":"Visionarias,\u00a0Sin Liderazgo y Visi\u00f3n no hay Business"},"content":{"rendered":"\n<p class=\"wp-block-paragraph\">Reuni\u00f3n promovida por la plataforma Mujeres Construyendo, el 2 de marzo<\/p>\n\n\n\n<p class=\"wp-block-paragraph\">Redacci\u00f3n\/Aviso<\/p>\n\n\n\n<p class=\"wp-block-paragraph\">SemM\u00e9xico, Ciudad de M\u00e9xico, 26 de febrero, 2023.- El 2 de marzo es el d\u00eda. Mujeres referentes nos cuentan sus historias de empoderamiento en la segunda edici\u00f3n del evento organizado por mujeres Construyendo.<\/p>\n\n\n\n<p class=\"wp-block-paragraph\">Se trata de contar historias reales de mujeres empoderadas.<\/p>\n\n\n\n<p class=\"wp-block-paragraph\">Estamos decididas a liderar nuestras vidas. Pero, para liderarla, necesitamos ser due\u00f1as de nuestra vida, empoderarnos econ\u00f3mica y financieramente y romper con esa brecha que nos muestra que todav\u00eda 740 millones de mujeres en el mundo no tienen una cuenta bancaria.<\/p>\n\n\n\n<p class=\"wp-block-paragraph\">Lograr el empoderamiento financiero va m\u00e1s all\u00e1 de tener una cuenta. Las mujeres seguimos tomando menos decisiones financieras que los hombres y las seguimos delegando a padre, hermano, esposo&#8230;<\/p>\n\n\n\n<p class=\"wp-block-paragraph\">Necesitamos una mayor educaci\u00f3n financiera para mejorar nuestros niveles de ahorro, aprender a gestionar el dinero, acceder al sistema crediticio, tener autoconfianza y desarrollar capacidades digitales y de negociaci\u00f3n.<\/p>\n\n\n\n<p class=\"wp-block-paragraph\">&nbsp;\u00bfTe identificas?<\/p>\n\n\n\n<p class=\"wp-block-paragraph\">En esta segunda edici\u00f3n traemos mujeres con historias de empoderamiento:<\/p>\n\n\n\n<p class=\"wp-block-paragraph\">Anna Raptis, inversionista y fundadora de Amplifica Capital, primera firma de capital de riesgo enfocada en mujeres en M\u00e9xico.<\/p>\n\n\n\n<p class=\"wp-block-paragraph\">Ana Fragua, presidenta y fundadora de For Women en Espa\u00f1a.<\/p>\n\n\n\n<p class=\"wp-block-paragraph\">Helena Estrada, autora argentina de los libros Saltar por Nosotras y Due\u00f1a de tu dinero.<\/p>\n\n\n\n<p class=\"wp-block-paragraph\">Rosa Esta\u00f1 Homs, experta espa\u00f1ola en neuroeconom\u00eda e inteligencia financiera. Fundadora y CEO de Finanzas claras y f\u00e1ciles. Autora de Entrenando al Inversor Inteligente.<\/p>\n\n\n\n<p class=\"wp-block-paragraph\">Delfina Daglio, Corporate Citizenship Manager en Incluyeme.com, organizaci\u00f3n que tiene como misi\u00f3n fomentar la inclusi\u00f3n sociolaboral de personas con discapacidad en Am\u00e9rica Latina (Argentina)<\/p>\n\n\n\n<p class=\"has-small-font-size wp-block-paragraph\">M\u00e1s informaci\u00f3n y enlace para reservar plaza aqu\u00ed:<br><a href=\"https:\/\/eventos.visionarias.business\/event\/sin-liderazgo-y-vision-n...\">https:\/\/eventos.visionarias.business\/event\/sin-liderazgo-y-vision-n&#8230;<\/a><br>Aliadas<br>Mujeres L\u00edderes \u2013 FeminismoInc \u2013 MOMsData \u2013 Resilio Consultores<br>Teresa Bar\u00f3 Campus \u2013 Helena Estrada \u2013 Mujer F\u00e9nix<br>Amplifica Capital \u2013 Finanzas Claras y F\u00e1ciles \u2013 Estilo Mariagab<br>Roc\u00edo Ovalle \u2013 Yorly Design \u2013 Mujeres Construyendo \u2013 Club Och8 \u2013 Apapachame \u2013 For Women \u2013<br>Netgrowing Club \u2013 Olacopi \u2013 Laura Lucas \u2013 Networking Lean Argentina \u2013 Executivas de Galicia \u2013<br>Raquel Jim\u00e9nez Igualdad y Diversidad \u2013 Marta Neurocoaching y Neuroventas y Soy Emprendedora Argentina<br>M\u00e1s informaci\u00f3n: eventos@visionarias.business<br>Si quieres patrocinarnos: negocios@visionarias.business<br>Prensa: redaccion@visionarias.business<br>Web: https:\/\/visionarias.business\/<br>Twitter: @Visionarias_Biz<br>Instagram: @Visionarias.Business<br>LinkedIn: @Visionarias<\/p>\n\n\n\n<p class=\"wp-block-paragraph\">Visitar Mujeres Construyendo en: https:\/\/mujeresconstruyendo.com\/?xg_source=msg_mes_network&nbsp;<\/p>\n","protected":false},"excerpt":{"rendered":"<p>El 2 de marzo es el d\u00eda. Mujeres referentes nos cuentan sus historias de empoderamiento en la segunda edici\u00f3n del evento organizado por mujeres Construyendo.<\/p>\n","protected":false},"author":3,"featured_media":63149,"comment_status":"open","ping_status":"open","sticky":false,"template":"","format":"standard","meta":{"_monsterinsights_skip_tracking":false,"footnotes":""},"categories":[54],"tags":[],"class_list":["post-63148","post","type-post","status-publish","format-standard","has-post-thumbnail","category-mujeres"],"_links":{"self":[{"href":"https:\/\/redsemlac.com\/semmexico\/wp-json\/wp\/v2\/posts\/63148","targetHints":{"allow":["GET"]}}],"collection":[{"href":"https:\/\/redsemlac.com\/semmexico\/wp-json\/wp\/v2\/posts"}],"about":[{"href":"https:\/\/redsemlac.com\/semmexico\/wp-json\/wp\/v2\/types\/post"}],"author":[{"embeddable":true,"href":"https:\/\/redsemlac.com\/semmexico\/wp-json\/wp\/v2\/users\/3"}],"replies":[{"embeddable":true,"href":"https:\/\/redsemlac.com\/semmexico\/wp-json\/wp\/v2\/comments?post=63148"}],"version-history":[{"count":0,"href":"https:\/\/redsemlac.com\/semmexico\/wp-json\/wp\/v2\/posts\/63148\/revisions"}],"wp:featuredmedia":[{"embeddable":true,"href":"https:\/\/redsemlac.com\/semmexico\/wp-json\/wp\/v2\/media\/63149"}],"wp:attachment":[{"href":"https:\/\/redsemlac.com\/semmexico\/wp-json\/wp\/v2\/media?parent=63148"}],"wp:term":[{"taxonomy":"category","embeddable":true,"href":"https:\/\/redsemlac.com\/semmexico\/wp-json\/wp\/v2\/categories?post=63148"},{"taxonomy":"post_tag","embeddable":true,"href":"https:\/\/redsemlac.com\/semmexico\/wp-json\/wp\/v2\/tags?post=63148"}],"curies":[{"name":"wp","href":"https:\/\/api.w.org\/{rel}","templated":true}]}}